{"id":74317,"date":"2016-10-05T09:16:32","date_gmt":"2016-10-05T12:16:32","guid":{"rendered":"http:\/\/www.eltrabajo.cl\/portal\/?p=74317"},"modified":"2016-10-05T09:16:32","modified_gmt":"2016-10-05T12:16:32","slug":"un-centenar-de-militares-custodiaran-los-cinco-locales-de-votacion-en-san-felipe","status":"publish","type":"post","link":"https:\/\/eltrabajo.cl\/portal\/un-centenar-de-militares-custodiaran-los-cinco-locales-de-votacion-en-san-felipe\/","title":{"rendered":"Un centenar de militares custodiar\u00e1n los cinco locales de votaci\u00f3n en San Felipe"},"content":{"rendered":"<ul>\n<li><span style=\"color: #000000;\"><strong>Municipio y Regimiento Yungay coordinan trabajo de cara a las Elecciones Municipales:\u00a0<\/strong><\/span><\/li>\n<\/ul>\n<p>Con el objetivo de que el pr\u00f3ximo proceso eleccionario se desarrolle de la forma m\u00e1s pulcra posible, el alcalde subrogante de San Felipe Jorge Jara, junto al teniente coronel, Jos\u00e9 Manuel Coch, miembro del destacamento de Monta\u00f1a del Regimiento N\u00ba 3, Yungay -jefe de Fuerzas Militares en la Circunscripci\u00f3n San Felipe- sostuvieron una reuni\u00f3n para afinar detalles y coordinar accionesde cara al pr\u00f3ximo 23 de octubre.<\/p>\n<figure id=\"attachment_74318\" aria-describedby=\"caption-attachment-74318\" style=\"width: 300px\" class=\"wp-caption alignleft\"><a href=\"http:\/\/www.eltrabajo.cl\/portal\/un-centenar-de-militares-custodiaran-los-cinco-locales-de-votacion-en-san-felipe\/foto-1-jorge-jara\/\" rel=\"attachment wp-att-74318\"><img data-recalc-dims=\"1\" loading=\"lazy\" decoding=\"async\" class=\"size-medium wp-image-74318\" src=\"https:\/\/i0.wp.com\/www.eltrabajo.cl\/portal\/wp-content\/uploads\/2016\/10\/FOTO-1-Jorge-Jara-300x197.jpg?resize=300%2C197\" alt=\"Jorge Jara, alcalde subrogante de San Felipe.\" width=\"300\" height=\"197\" srcset=\"https:\/\/i0.wp.com\/eltrabajo.cl\/portal\/wp-content\/uploads\/2016\/10\/FOTO-1-Jorge-Jara.jpg?resize=300%2C197&amp;ssl=1 300w, https:\/\/i0.wp.com\/eltrabajo.cl\/portal\/wp-content\/uploads\/2016\/10\/FOTO-1-Jorge-Jara.jpg?resize=200%2C131&amp;ssl=1 200w, https:\/\/i0.wp.com\/eltrabajo.cl\/portal\/wp-content\/uploads\/2016\/10\/FOTO-1-Jorge-Jara.jpg?resize=228%2C150&amp;ssl=1 228w, https:\/\/i0.wp.com\/eltrabajo.cl\/portal\/wp-content\/uploads\/2016\/10\/FOTO-1-Jorge-Jara.jpg?resize=400%2C263&amp;ssl=1 400w, https:\/\/i0.wp.com\/eltrabajo.cl\/portal\/wp-content\/uploads\/2016\/10\/FOTO-1-Jorge-Jara.jpg?w=530&amp;ssl=1 530w\" sizes=\"auto, (max-width: 300px) 100vw, 300px\" \/><\/a><figcaption id=\"caption-attachment-74318\" class=\"wp-caption-text\">Jorge Jara, alcalde subrogante de San Felipe.<\/figcaption><\/figure>\n<p>En la comuna de San Felipe, est\u00e1n registradas un total de 165 mesas receptoras de sufragios repartidas entre el Liceo Polit\u00e9cnico Roberto Humeres, el Liceo de Ni\u00f1as Corina Urbina y las Escuelas Jos\u00e9 de San Mart\u00edn, Manuel Rodr\u00edguez y Bernardo O\u2019Higgins, respectivamente, establecimientos que pasar\u00e1n a ser administrados por militares el jueves 20 de octubre.<br \/>\nEn ese contexto, Jara afirm\u00f3 que este tipo de reuniones, pretenden organizar algunos puntos espec\u00edficos para efectos de que, tal como lo exige la ley, el municipio entregue en la fecha indicada, los respectivos establecimientos educacionales que ser\u00e1n locales de votaci\u00f3n en perfectas condiciones y con todos sus elementos funcionando<br \/>\n\u201cLa ley 18.700 le entrega al ej\u00e9rcito un rol importante, a las Fuerzas Armadas en general, de ser los custodios del procedimiento, 3 d\u00edas antes de la elecci\u00f3n y con alguna posterioridad, teniendo a cargo una atapa importante del normal desempe\u00f1o de las elecciones municipales fijadas para el pr\u00f3ximo 23 de octubre\u201d, puntualiz\u00f3 el abogado.<\/p>\n<figure id=\"attachment_74319\" aria-describedby=\"caption-attachment-74319\" style=\"width: 300px\" class=\"wp-caption alignleft\"><a href=\"http:\/\/www.eltrabajo.cl\/portal\/un-centenar-de-militares-custodiaran-los-cinco-locales-de-votacion-en-san-felipe\/teniente-coronel-jose-manuel-coch\/\" rel=\"attachment wp-att-74319\"><img data-recalc-dims=\"1\" loading=\"lazy\" decoding=\"async\" class=\"size-medium wp-image-74319\" src=\"https:\/\/i0.wp.com\/www.eltrabajo.cl\/portal\/wp-content\/uploads\/2016\/10\/Teniente-Coronel-Jose-Manuel-Coch-300x197.jpg?resize=300%2C197\" alt=\"Teniente Coronel, Jos\u00e9 Manuel Coch, jefe de Fuerzas Militares en la Circunscripci\u00f3n San Felipe.\" width=\"300\" height=\"197\" srcset=\"https:\/\/i0.wp.com\/eltrabajo.cl\/portal\/wp-content\/uploads\/2016\/10\/Teniente-Coronel-Jose-Manuel-Coch.jpg?resize=300%2C197&amp;ssl=1 300w, https:\/\/i0.wp.com\/eltrabajo.cl\/portal\/wp-content\/uploads\/2016\/10\/Teniente-Coronel-Jose-Manuel-Coch.jpg?resize=200%2C131&amp;ssl=1 200w, https:\/\/i0.wp.com\/eltrabajo.cl\/portal\/wp-content\/uploads\/2016\/10\/Teniente-Coronel-Jose-Manuel-Coch.jpg?resize=228%2C150&amp;ssl=1 228w, https:\/\/i0.wp.com\/eltrabajo.cl\/portal\/wp-content\/uploads\/2016\/10\/Teniente-Coronel-Jose-Manuel-Coch.jpg?resize=400%2C263&amp;ssl=1 400w, https:\/\/i0.wp.com\/eltrabajo.cl\/portal\/wp-content\/uploads\/2016\/10\/Teniente-Coronel-Jose-Manuel-Coch.jpg?w=530&amp;ssl=1 530w\" sizes=\"auto, (max-width: 300px) 100vw, 300px\" \/><\/a><figcaption id=\"caption-attachment-74319\" class=\"wp-caption-text\">Teniente Coronel, Jos\u00e9 Manuel Coch, jefe de Fuerzas Militares en la Circunscripci\u00f3n San Felipe.<\/figcaption><\/figure>\n<p>A su vez, el comandante Coch, detall\u00f3 que ser\u00e1n alrededor de 100 los efectivos militares dispuestos en los distintos centros de sufragio, advirtiendo que \u201ces bastante grande la comuna, tiene hartos colegios y esperamos que esto se cumple de forma normal, con todos los estamentos que correspondan (\u2026) nosotros desde hace un par de meses nos encontramos trabajando en el contingente que va a custodiar los distintos locales de votaci\u00f3n\u201d, asever\u00f3 el uniformado.<br \/>\nJunto con mencionar que hasta el momento las actividades de campa\u00f1a se han desarrollado de forma normal y pac\u00edfica, sin incidentes preocupantes que lamentar, Jorge Jara record\u00f3 a los distintos candidatos de la comuna, que el d\u00eda jueves 20 deben finalizar todas las actividades de campa\u00f1a y propaganda electoral, quedando en manos de Carabineros la fiscalizaci\u00f3n del cumplimiento de esta normativa.<br \/>\n\u201cHacemos el llamado a los candidatos y a todos los comandos, a que respeten la norma legal, para as\u00ed garantizar a todos los ciudadanos un desempe\u00f1o normal, correcto e impecable del acto electoral del pr\u00f3ximo 23\u201d, concluy\u00f3 el edil suplente.<\/p>\n<figure id=\"attachment_74320\" aria-describedby=\"caption-attachment-74320\" style=\"width: 528px\" class=\"wp-caption alignleft\"><a href=\"http:\/\/www.eltrabajo.cl\/portal\/un-centenar-de-militares-custodiaran-los-cinco-locales-de-votacion-en-san-felipe\/votaciones\/\" rel=\"attachment wp-att-74320\"><img data-recalc-dims=\"1\" loading=\"lazy\" decoding=\"async\" class=\"size-full wp-image-74320\" src=\"https:\/\/i0.wp.com\/www.eltrabajo.cl\/portal\/wp-content\/uploads\/2016\/10\/votaciones.jpg?resize=528%2C396\" alt=\"El jueves 20 de octubre, el Liceo Polit\u00e9cnico Roberto Humeres, el Liceo de Ni\u00f1as Corina Urbina y las escuelas Jos\u00e9 de San Mart\u00edn, Manuel Rodr\u00edguez y Bernardo O\u2019Higgins, pasar\u00e1n a ser administrados por militares. \" width=\"528\" height=\"396\" srcset=\"https:\/\/i0.wp.com\/eltrabajo.cl\/portal\/wp-content\/uploads\/2016\/10\/votaciones.jpg?w=528&amp;ssl=1 528w, https:\/\/i0.wp.com\/eltrabajo.cl\/portal\/wp-content\/uploads\/2016\/10\/votaciones.jpg?resize=200%2C150&amp;ssl=1 200w, https:\/\/i0.wp.com\/eltrabajo.cl\/portal\/wp-content\/uploads\/2016\/10\/votaciones.jpg?resize=300%2C225&amp;ssl=1 300w, https:\/\/i0.wp.com\/eltrabajo.cl\/portal\/wp-content\/uploads\/2016\/10\/votaciones.jpg?resize=400%2C300&amp;ssl=1 400w\" sizes=\"auto, (max-width: 528px) 100vw, 528px\" \/><\/a><figcaption id=\"caption-attachment-74320\" class=\"wp-caption-text\">El jueves 20 de octubre, el Liceo Polit\u00e9cnico Roberto Humeres, el Liceo de Ni\u00f1as Corina Urbina y las escuelas Jos\u00e9 de San Mart\u00edn, Manuel Rodr\u00edguez y Bernardo O\u2019Higgins, pasar\u00e1n a ser administrados por militares.<\/figcaption><\/figure>\n<p>&nbsp;<\/p>\n","protected":false},"excerpt":{"rendered":"<p>Municipio y Regimiento Yungay coordinan trabajo de cara a las Elecciones Municipales:\u00a0 Con el objetivo de que el pr\u00f3ximo proceso eleccionario se desarrolle de la forma m\u00e1s pulcra posible, el alcalde subrogante&#8230;<\/p>\n","protected":false},"author":1,"featured_media":74320,"comment_status":"open","ping_status":"open","sticky":false,"template":"","format":"standard","meta":{"advanced_seo_description":"","jetpack_seo_html_title":"","jetpack_seo_noindex":false,"_jetpack_memberships_contains_paid_content":false,"footnotes":""},"categories":[1],"tags":[],"class_list":["post-74317","post","type-post","status-publish","format-standard","has-post-thumbnail","hentry","category-cronica"],"jetpack_featured_media_url":"https:\/\/i0.wp.com\/eltrabajo.cl\/portal\/wp-content\/uploads\/2016\/10\/votaciones.jpg?fit=528%2C396&ssl=1","jetpack_sharing_enabled":true,"jetpack_likes_enabled":true,"jetpack-related-posts":[],"_links":{"self":[{"href":"https:\/\/eltrabajo.cl\/portal\/wp-json\/wp\/v2\/posts\/74317","targetHints":{"allow":["GET"]}}],"collection":[{"href":"https:\/\/eltrabajo.cl\/portal\/wp-json\/wp\/v2\/posts"}],"about":[{"href":"https:\/\/eltrabajo.cl\/portal\/wp-json\/wp\/v2\/types\/post"}],"author":[{"embeddable":true,"href":"https:\/\/eltrabajo.cl\/portal\/wp-json\/wp\/v2\/users\/1"}],"replies":[{"embeddable":true,"href":"https:\/\/eltrabajo.cl\/portal\/wp-json\/wp\/v2\/comments?post=74317"}],"version-history":[{"count":0,"href":"https:\/\/eltrabajo.cl\/portal\/wp-json\/wp\/v2\/posts\/74317\/revisions"}],"wp:featuredmedia":[{"embeddable":true,"href":"https:\/\/eltrabajo.cl\/portal\/wp-json\/wp\/v2\/media\/74320"}],"wp:attachment":[{"href":"https:\/\/eltrabajo.cl\/portal\/wp-json\/wp\/v2\/media?parent=74317"}],"wp:term":[{"taxonomy":"category","embeddable":true,"href":"https:\/\/eltrabajo.cl\/portal\/wp-json\/wp\/v2\/categories?post=74317"},{"taxonomy":"post_tag","embeddable":true,"href":"https:\/\/eltrabajo.cl\/portal\/wp-json\/wp\/v2\/tags?post=74317"}],"curies":[{"name":"wp","href":"https:\/\/api.w.org\/{rel}","templated":true}]}}