{"id":74370,"date":"2016-10-06T09:44:42","date_gmt":"2016-10-06T12:44:42","guid":{"rendered":"http:\/\/www.eltrabajo.cl\/portal\/?p=74370"},"modified":"2016-10-06T09:53:24","modified_gmt":"2016-10-06T12:53:24","slug":"dos-industrialinos-ganaron-la-7a-olimpiada-nacional-de-mecatronica","status":"publish","type":"post","link":"https:\/\/eltrabajo.cl\/portal\/dos-industrialinos-ganaron-la-7a-olimpiada-nacional-de-mecatronica\/","title":{"rendered":"Dos industrialinos ganaron la 7\u00aa Olimpiada Nacional de Mecatr\u00f3nica"},"content":{"rendered":"<p>Nuevamente la Escuela Industrial de San Felipe es noticia en el pa\u00eds, luego que dos j\u00f3venes estudiantes de esta instituci\u00f3n, ganaran la 7\u00aa Olimpiada Nacional de Mecatr\u00f3nica, organizada por Festo Chile, en Santiago. Se trata de Javier Carrasco e Israel Herrera, ambos de 17 a\u00f1os y alumnos del 4\u00baA.<br \/>\nCon ganar en la categor\u00eda Acad\u00e9mica, estos chicos sanfelipe\u00f1os se acreditaron un boleto directo a un pa\u00eds del mundo, en el que Festo les participar\u00e1 de una semana de intensas capacitaciones, posiblemente sea Alemania, puesto que esta empresa es de ese pa\u00eds.<\/p>\n<p><strong>UNA REVANCHA<\/strong><br \/>\n\u00abGanar esta versi\u00f3n de las olimpiadas nos deja un sabor a revancha, pues en 2015 apenas llegamos al tercer lugar, ahora que conquistamos el primer lugar ya no podremos seguir compitiendo, pues pasamos ya a un nivel internacional. Estamos muy conformes con lo obtenido, yo en lo personal anhelo llegar a ser ingeniero civil\u00bb, coment\u00f3 a Diario El Trabajo Israel Herrera.<br \/>\nPor su parte Javier Carrasco, explic\u00f3 que \u00abyo tambi\u00e9n estoy conforme, me gustar\u00eda seguir estudiando automotriz y todo lo relacionado con aprender y mejorar\u00bb.<br \/>\n<strong>Roberto Gonz\u00e1lez Short<\/strong><\/p>\n<figure id=\"attachment_74371\" aria-describedby=\"caption-attachment-74371\" style=\"width: 530px\" class=\"wp-caption alignleft\"><a href=\"http:\/\/www.eltrabajo.cl\/portal\/dos-industrialinos-ganaron-la-7a-olimpiada-nacional-de-mecatronica\/boleto33\/\" rel=\"attachment wp-att-74371\"><img data-recalc-dims=\"1\" loading=\"lazy\" decoding=\"async\" class=\"size-full wp-image-74371\" src=\"https:\/\/i0.wp.com\/www.eltrabajo.cl\/portal\/wp-content\/uploads\/2016\/10\/Boleto33.jpg?resize=530%2C350\" alt=\"LOS CAMPEONES.- Javier Carrasco e Israel Herrera, ambos con 17 a\u00f1os y alumnos del 4\u00baA, los nuevos campeones nacionales de la 7\u00aa Olimpiada Nacional de Mecatr\u00f3nica, organizada por Festo Chile, en Santiago.\" width=\"530\" height=\"350\" srcset=\"https:\/\/i0.wp.com\/eltrabajo.cl\/portal\/wp-content\/uploads\/2016\/10\/Boleto33.jpg?w=530&amp;ssl=1 530w, https:\/\/i0.wp.com\/eltrabajo.cl\/portal\/wp-content\/uploads\/2016\/10\/Boleto33.jpg?resize=200%2C132&amp;ssl=1 200w, https:\/\/i0.wp.com\/eltrabajo.cl\/portal\/wp-content\/uploads\/2016\/10\/Boleto33.jpg?resize=300%2C198&amp;ssl=1 300w, https:\/\/i0.wp.com\/eltrabajo.cl\/portal\/wp-content\/uploads\/2016\/10\/Boleto33.jpg?resize=227%2C150&amp;ssl=1 227w, https:\/\/i0.wp.com\/eltrabajo.cl\/portal\/wp-content\/uploads\/2016\/10\/Boleto33.jpg?resize=400%2C264&amp;ssl=1 400w\" sizes=\"auto, (max-width: 530px) 100vw, 530px\" \/><\/a><figcaption id=\"caption-attachment-74371\" class=\"wp-caption-text\">LOS CAMPEONES.- Javier Carrasco e Israel Herrera, ambos con 17 a\u00f1os y alumnos del 4\u00baA, los nuevos campeones nacionales de la 7\u00aa Olimpiada Nacional de Mecatr\u00f3nica, organizada por Festo Chile, en Santiago.<\/figcaption><\/figure>\n","protected":false},"excerpt":{"rendered":"<p>Nuevamente la Escuela Industrial de San Felipe es noticia en el pa\u00eds, luego que dos j\u00f3venes estudiantes de esta instituci\u00f3n, ganaran la 7\u00aa Olimpiada Nacional de Mecatr\u00f3nica, organizada por Festo Chile, en&#8230;<\/p>\n","protected":false},"author":1,"featured_media":74371,"comment_status":"open","ping_status":"open","sticky":false,"template":"","format":"standard","meta":{"advanced_seo_description":"","jetpack_seo_html_title":"","jetpack_seo_noindex":false,"_jetpack_memberships_contains_paid_content":false,"footnotes":""},"categories":[15],"tags":[],"class_list":["post-74370","post","type-post","status-publish","format-standard","has-post-thumbnail","hentry","category-comunidad"],"jetpack_featured_media_url":"https:\/\/i0.wp.com\/eltrabajo.cl\/portal\/wp-content\/uploads\/2016\/10\/Boleto33.jpg?fit=530%2C350&ssl=1","jetpack_sharing_enabled":true,"jetpack_likes_enabled":true,"jetpack-related-posts":[],"_links":{"self":[{"href":"https:\/\/eltrabajo.cl\/portal\/wp-json\/wp\/v2\/posts\/74370","targetHints":{"allow":["GET"]}}],"collection":[{"href":"https:\/\/eltrabajo.cl\/portal\/wp-json\/wp\/v2\/posts"}],"about":[{"href":"https:\/\/eltrabajo.cl\/portal\/wp-json\/wp\/v2\/types\/post"}],"author":[{"embeddable":true,"href":"https:\/\/eltrabajo.cl\/portal\/wp-json\/wp\/v2\/users\/1"}],"replies":[{"embeddable":true,"href":"https:\/\/eltrabajo.cl\/portal\/wp-json\/wp\/v2\/comments?post=74370"}],"version-history":[{"count":0,"href":"https:\/\/eltrabajo.cl\/portal\/wp-json\/wp\/v2\/posts\/74370\/revisions"}],"wp:featuredmedia":[{"embeddable":true,"href":"https:\/\/eltrabajo.cl\/portal\/wp-json\/wp\/v2\/media\/74371"}],"wp:attachment":[{"href":"https:\/\/eltrabajo.cl\/portal\/wp-json\/wp\/v2\/media?parent=74370"}],"wp:term":[{"taxonomy":"category","embeddable":true,"href":"https:\/\/eltrabajo.cl\/portal\/wp-json\/wp\/v2\/categories?post=74370"},{"taxonomy":"post_tag","embeddable":true,"href":"https:\/\/eltrabajo.cl\/portal\/wp-json\/wp\/v2\/tags?post=74370"}],"curies":[{"name":"wp","href":"https:\/\/api.w.org\/{rel}","templated":true}]}}