{"id":74374,"date":"2016-10-06T09:54:46","date_gmt":"2016-10-06T12:54:46","guid":{"rendered":"http:\/\/www.eltrabajo.cl\/portal\/?p=74374"},"modified":"2016-10-06T09:55:55","modified_gmt":"2016-10-06T12:55:55","slug":"el-martes-parte-programa-televisivo-cosa-publica-por-la-pantalla-de-eltrabajo-cl","status":"publish","type":"post","link":"https:\/\/eltrabajo.cl\/portal\/el-martes-parte-programa-televisivo-cosa-publica-por-la-pantalla-de-eltrabajo-cl\/","title":{"rendered":"El martes parte programa televisivo \u2018Cosa P\u00fablica\u2019 por la pantalla de eltrabajo.cl"},"content":{"rendered":"<p>A partir de la pr\u00f3xima semana comienza \u2018Cosa P\u00fablica\u2019 en El Trabajo Televisi\u00f3n, un nuevo proyecto comunicacional e informativo de Diario El Trabajo que a trav\u00e9s de su portal en Internet eltrabajo.cl estar\u00e1 transmitiendo v\u00eda streaming y por las redes sociales a un p\u00fablico potencial de 30 mil personas.<br \/>\nSe trata de una iniciativa de nuestro Director Marco Antonio Juri, el que durante m\u00e1s de un a\u00f1o ha estado trabajando para resolver los numerosos desaf\u00edos que se fueron presentando\u00a0para la puesta en marcha de este nuevo y a\u00fan naciente canal de televisi\u00f3n online, el que puede ser visto incluso en las pantallas de televisi\u00f3n que tengan conexi\u00f3n a internet (Smart TV), a trav\u00e9s de la aplicaci\u00f3n de Youtube. Asimismo puede verse en los PC de escritorio, notebook, tablets y tel\u00e9fonos m\u00f3viles.<br \/>\nAunque de momento se trata de programas grabados, \u00e9stos son transmitidos v\u00eda streaming, convirti\u00e9ndose en un verdadero canal de televisi\u00f3n cuyos programas quedan posteriormente \u2018colgados\u2019 en la web, ya sea en el mismo portal eltrabajo.cl o en las redes sociales como Facebook o el gigante Youtube.<br \/>\nEstas transmisiones vienen a sumarse al programa \u2018Huella Musical\u2019 que va todos los lunes a las 10 de la ma\u00f1ana y con repetici\u00f3n a las 22 horas, conducido por Claudio Pantoja, quien pudo ver convertido en realidad un sue\u00f1o que ten\u00eda desde hace mucho tiempo: conducir un programa musical con los principales int\u00e9rpretes de la m\u00fasica rom\u00e1ntica, verdaderos cl\u00e1sicos del ayer que a\u00fan se mantienen vigentes.<br \/>\nEn lo que respecta a \u2018Cosa P\u00fablica\u2019, programa que es conducido por Patricio Gallardo Montenegro, se trata de entrevistas a los principales personajes p\u00fablicos, inmersos en la actualidad y la contingencia, pero abordados desde una perspectiva personal e \u00edntima.<br \/>\nEl programa parte este martes 11 de octubre, a las 10 de la ma\u00f1ana y con repetici\u00f3n a las 22 horas. El primer invitado es Eugenio Cornejo Correa, candidato a alcalde de San Felipe. El viernes 14, en tanto, le corresponder\u00e1 a Felipe Cuevas Mancilla, tambi\u00e9n candidato a alcalde por San Felipe. El lunes 17 es el turno de Patricio Freire Canto, actual alcalde y candidato a la reelecci\u00f3n. De ah\u00ed en adelante se ir\u00e1n sucediendo diversos personajes de la vida p\u00fablica en Aconcagua.<br \/>\nRecuerde, a partir del martes 11 de octubre usted tiene una cita con \u2018Cosa P\u00fablica\u2019 en eltrabajo.cl<\/p>\n<figure id=\"attachment_74375\" aria-describedby=\"caption-attachment-74375\" style=\"width: 530px\" class=\"wp-caption alignleft\"><a href=\"http:\/\/www.eltrabajo.cl\/portal\/el-martes-parte-programa-televisivo-cosa-publica-por-la-pantalla-de-eltrabajo-cl\/cosa-publica\/\" rel=\"attachment wp-att-74375\"><img data-recalc-dims=\"1\" loading=\"lazy\" decoding=\"async\" class=\"size-full wp-image-74375\" src=\"https:\/\/i0.wp.com\/www.eltrabajo.cl\/portal\/wp-content\/uploads\/2016\/10\/cosa-publica.jpg?resize=530%2C350\" alt=\"El pr\u00f3ximo martes 11 de octubre parte el nuevo programa de televisi\u00f3n \u2018Cosa P\u00fablica, por las pantallas de eltrabajo.cl. Primer invitado Eugenio Cornejo. Conduce Patricio Gallardo.\" width=\"530\" height=\"350\" srcset=\"https:\/\/i0.wp.com\/eltrabajo.cl\/portal\/wp-content\/uploads\/2016\/10\/cosa-publica.jpg?w=530&amp;ssl=1 530w, https:\/\/i0.wp.com\/eltrabajo.cl\/portal\/wp-content\/uploads\/2016\/10\/cosa-publica.jpg?resize=200%2C132&amp;ssl=1 200w, https:\/\/i0.wp.com\/eltrabajo.cl\/portal\/wp-content\/uploads\/2016\/10\/cosa-publica.jpg?resize=300%2C198&amp;ssl=1 300w, https:\/\/i0.wp.com\/eltrabajo.cl\/portal\/wp-content\/uploads\/2016\/10\/cosa-publica.jpg?resize=227%2C150&amp;ssl=1 227w, https:\/\/i0.wp.com\/eltrabajo.cl\/portal\/wp-content\/uploads\/2016\/10\/cosa-publica.jpg?resize=400%2C264&amp;ssl=1 400w\" sizes=\"auto, (max-width: 530px) 100vw, 530px\" \/><\/a><figcaption id=\"caption-attachment-74375\" class=\"wp-caption-text\">El pr\u00f3ximo martes 11 de octubre parte el nuevo programa de televisi\u00f3n \u2018Cosa P\u00fablica, por las pantallas de eltrabajo.cl. Primer invitado Eugenio Cornejo. Conduce Patricio Gallardo.<\/figcaption><\/figure>\n","protected":false},"excerpt":{"rendered":"<p>A partir de la pr\u00f3xima semana comienza \u2018Cosa P\u00fablica\u2019 en El Trabajo Televisi\u00f3n, un nuevo proyecto comunicacional e informativo de Diario El Trabajo que a trav\u00e9s de su portal en Internet eltrabajo.cl&#8230;<\/p>\n","protected":false},"author":1,"featured_media":74375,"comment_status":"open","ping_status":"open","sticky":false,"template":"","format":"standard","meta":{"advanced_seo_description":"","jetpack_seo_html_title":"","jetpack_seo_noindex":false,"_jetpack_memberships_contains_paid_content":false,"footnotes":""},"categories":[15],"tags":[],"class_list":["post-74374","post","type-post","status-publish","format-standard","has-post-thumbnail","hentry","category-comunidad"],"jetpack_featured_media_url":"https:\/\/i0.wp.com\/eltrabajo.cl\/portal\/wp-content\/uploads\/2016\/10\/cosa-publica.jpg?fit=530%2C350&ssl=1","jetpack_sharing_enabled":true,"jetpack_likes_enabled":true,"jetpack-related-posts":[],"_links":{"self":[{"href":"https:\/\/eltrabajo.cl\/portal\/wp-json\/wp\/v2\/posts\/74374","targetHints":{"allow":["GET"]}}],"collection":[{"href":"https:\/\/eltrabajo.cl\/portal\/wp-json\/wp\/v2\/posts"}],"about":[{"href":"https:\/\/eltrabajo.cl\/portal\/wp-json\/wp\/v2\/types\/post"}],"author":[{"embeddable":true,"href":"https:\/\/eltrabajo.cl\/portal\/wp-json\/wp\/v2\/users\/1"}],"replies":[{"embeddable":true,"href":"https:\/\/eltrabajo.cl\/portal\/wp-json\/wp\/v2\/comments?post=74374"}],"version-history":[{"count":0,"href":"https:\/\/eltrabajo.cl\/portal\/wp-json\/wp\/v2\/posts\/74374\/revisions"}],"wp:featuredmedia":[{"embeddable":true,"href":"https:\/\/eltrabajo.cl\/portal\/wp-json\/wp\/v2\/media\/74375"}],"wp:attachment":[{"href":"https:\/\/eltrabajo.cl\/portal\/wp-json\/wp\/v2\/media?parent=74374"}],"wp:term":[{"taxonomy":"category","embeddable":true,"href":"https:\/\/eltrabajo.cl\/portal\/wp-json\/wp\/v2\/categories?post=74374"},{"taxonomy":"post_tag","embeddable":true,"href":"https:\/\/eltrabajo.cl\/portal\/wp-json\/wp\/v2\/tags?post=74374"}],"curies":[{"name":"wp","href":"https:\/\/api.w.org\/{rel}","templated":true}]}}