{"id":74393,"date":"2016-10-07T08:43:33","date_gmt":"2016-10-07T11:43:33","guid":{"rendered":"http:\/\/www.eltrabajo.cl\/portal\/?p=74393"},"modified":"2016-10-07T08:43:33","modified_gmt":"2016-10-07T11:43:33","slug":"prensa-y-salud-se-unen-en-campana-para-la-prevencion-del-suicidio","status":"publish","type":"post","link":"https:\/\/eltrabajo.cl\/portal\/prensa-y-salud-se-unen-en-campana-para-la-prevencion-del-suicidio\/","title":{"rendered":"Prensa y Salud se unen en campa\u00f1a para la prevenci\u00f3n del suicidio"},"content":{"rendered":"<ul>\n<li><strong>Medios de comunicaci\u00f3n, con alto sentido de responsabilidad social, suscriben acuerdo para abordar con cautela la informaci\u00f3n.<\/strong><\/li>\n<\/ul>\n<p>Medios de Comunicaci\u00f3n de las provincias del Aconcagua, suscribieron con la Seremi de Salud y el Servicio de Salud Aconcagua, una carta compromiso para avanzar en el tratamiento informativo de la tem\u00e1tica del suicidio atendiendo los objetivos de comunicar de manera apropiada y con los debidos cuidados esta sensible materia.<br \/>\nLa actividad, se centr\u00f3 en la exposici\u00f3n de los fundamentos de uno de los ejes del programa de prevenci\u00f3n del suicidio impulsado por el Ministerio de Salud, que es entregar apoyo t\u00e9cnico para una correcta cobertura medi\u00e1tica, y reforzar el papel de los medios de comunicaci\u00f3n en la prevenci\u00f3n del suicidio<br \/>\nEl jefe de la Oficina Provincial de Aconcagua de la Seremi de Salud, Mario M\u00e9ndez Allendes, se\u00f1al\u00f3 que \u201cestamos muy satisfechos por la gran concurrencia de medios de comunicaci\u00f3n del Valle de Aconcagua en este seminario, donde se dio cuenta de este relevante tema asociado a la relaci\u00f3n entre medios de comunicaci\u00f3n y suicidio, se cont\u00f3 con una exposici\u00f3n brillante de parte de profesionales del Servicio de Salud Aconcagua como de la Seremi de Salud\u201d.<br \/>\n\u201cEste importante protocolo de acuerdo que han firmado m\u00e1s de diez medios del Valle de Aconcagua en torno a dar un tratamiento \u00e9tico de la noticia en torno a suicidios, este compromiso nos obliga como Ministerio de Salud a entregar los insumos t\u00e9cnicos y de asesor\u00eda para que el tratamiento de las noticias y de la informaci\u00f3n sea la adecuada en este \u00e1mbito\u201d, indic\u00f3 Mario M\u00e9ndez.<br \/>\nEl directivo destac\u00f3 adem\u00e1s que se va a \u201chacer un seguimiento para que los medios en el periodo de tres meses cumplan este compromiso, se hagan acreedores de un est\u00edmulo que es una certificaci\u00f3n como medio comprometido con la prevenci\u00f3n del suicidio. Esperamos que este seguimiento culmine con la entrega para todos de esta certificaci\u00f3n que consideramos muy importante ante este relevante tema como es el suicidio en nuestro pa\u00eds\u201d.<br \/>\nMarco Antonio Juri, Director de Diario El Trabajo, se refiri\u00f3 a este tema destacando que a partir del a\u00f1o 2005, cuando asumi\u00f3 la Direcci\u00f3n de El Trabajo, fij\u00f3 e hizo p\u00fablica una pol\u00edtica como medio de comunicaci\u00f3n respecto al abordaje de las informaciones de suicidio, donde salvo casos excepcionales que involucran a personas demasiado conocidas, u otras caracter\u00edsticas que hagan del hecho un caso excepcional, los casos de suicidio no ocupan el titular principal de portada: \u201cEl suicidio es una situaci\u00f3n compleja, que en las comunidades peque\u00f1as como las nuestras llama poderosamente la atenci\u00f3n del p\u00fablico, el que se muestra \u00e1vido por conocer los pormenores de cada caso. No obstante, por respeto al dolor de la familia de quien se suicida y por sobre todo, por la abundante evidencia estad\u00edstica que existe y que revela que hay una relaci\u00f3n muy estrecha entre la informaci\u00f3n de suicidios y el aumento de casos, es que en Diario El Trabajo optamos por informar sin ahondar mucho en los detalles, sin entregar antecedentes que muchas veces no son relevantes, y por sobre todo sin se\u00f1alar culpables. Hemos cometido errores, es cierto, pero hemos ido aprendiendo de ellos y la verdad es que sin falsa, creemos que fuimos los primeros en poner este tema en el debate, precisamente el a\u00f1o 2005\u201d.<\/p>\n<figure id=\"attachment_74394\" aria-describedby=\"caption-attachment-74394\" style=\"width: 530px\" class=\"wp-caption alignleft\"><a href=\"http:\/\/www.eltrabajo.cl\/portal\/prensa-y-salud-se-unen-en-campana-para-la-prevencion-del-suicidio\/suicidio-5\/\" rel=\"attachment wp-att-74394\"><img data-recalc-dims=\"1\" loading=\"lazy\" decoding=\"async\" class=\"size-full wp-image-74394\" src=\"https:\/\/i0.wp.com\/www.eltrabajo.cl\/portal\/wp-content\/uploads\/2016\/10\/SUICIDIO.jpg?resize=530%2C349\" alt=\"Representantes de los medios de Comunicaci\u00f3n de las provincias del Aconcagua, suscribieron con la Seremi de Salud y el Servicio de Salud Aconcagua, una carta compromiso para avanzar en el tratamiento informativo de la tem\u00e1tica del suicidio.\" width=\"530\" height=\"349\" srcset=\"https:\/\/i0.wp.com\/eltrabajo.cl\/portal\/wp-content\/uploads\/2016\/10\/SUICIDIO.jpg?w=530&amp;ssl=1 530w, https:\/\/i0.wp.com\/eltrabajo.cl\/portal\/wp-content\/uploads\/2016\/10\/SUICIDIO.jpg?resize=200%2C132&amp;ssl=1 200w, https:\/\/i0.wp.com\/eltrabajo.cl\/portal\/wp-content\/uploads\/2016\/10\/SUICIDIO.jpg?resize=300%2C198&amp;ssl=1 300w, https:\/\/i0.wp.com\/eltrabajo.cl\/portal\/wp-content\/uploads\/2016\/10\/SUICIDIO.jpg?resize=228%2C150&amp;ssl=1 228w, https:\/\/i0.wp.com\/eltrabajo.cl\/portal\/wp-content\/uploads\/2016\/10\/SUICIDIO.jpg?resize=400%2C263&amp;ssl=1 400w\" sizes=\"auto, (max-width: 530px) 100vw, 530px\" \/><\/a><figcaption id=\"caption-attachment-74394\" class=\"wp-caption-text\">Representantes de los medios de Comunicaci\u00f3n de las provincias del Aconcagua, suscribieron con la Seremi de Salud y el Servicio de Salud Aconcagua, una carta compromiso para avanzar en el tratamiento informativo de la tem\u00e1tica del suicidio.<\/figcaption><\/figure>\n","protected":false},"excerpt":{"rendered":"<p>Medios de comunicaci\u00f3n, con alto sentido de responsabilidad social, suscriben acuerdo para abordar con cautela la informaci\u00f3n. Medios de Comunicaci\u00f3n de las provincias del Aconcagua, suscribieron con la Seremi de Salud y&#8230;<\/p>\n","protected":false},"author":1,"featured_media":74394,"comment_status":"open","ping_status":"open","sticky":false,"template":"","format":"standard","meta":{"advanced_seo_description":"","jetpack_seo_html_title":"","jetpack_seo_noindex":false,"_jetpack_memberships_contains_paid_content":false,"footnotes":""},"categories":[15],"tags":[],"class_list":["post-74393","post","type-post","status-publish","format-standard","has-post-thumbnail","hentry","category-comunidad"],"jetpack_featured_media_url":"https:\/\/i0.wp.com\/eltrabajo.cl\/portal\/wp-content\/uploads\/2016\/10\/SUICIDIO.jpg?fit=530%2C349&ssl=1","jetpack_sharing_enabled":true,"jetpack_likes_enabled":true,"jetpack-related-posts":[],"_links":{"self":[{"href":"https:\/\/eltrabajo.cl\/portal\/wp-json\/wp\/v2\/posts\/74393","targetHints":{"allow":["GET"]}}],"collection":[{"href":"https:\/\/eltrabajo.cl\/portal\/wp-json\/wp\/v2\/posts"}],"about":[{"href":"https:\/\/eltrabajo.cl\/portal\/wp-json\/wp\/v2\/types\/post"}],"author":[{"embeddable":true,"href":"https:\/\/eltrabajo.cl\/portal\/wp-json\/wp\/v2\/users\/1"}],"replies":[{"embeddable":true,"href":"https:\/\/eltrabajo.cl\/portal\/wp-json\/wp\/v2\/comments?post=74393"}],"version-history":[{"count":0,"href":"https:\/\/eltrabajo.cl\/portal\/wp-json\/wp\/v2\/posts\/74393\/revisions"}],"wp:featuredmedia":[{"embeddable":true,"href":"https:\/\/eltrabajo.cl\/portal\/wp-json\/wp\/v2\/media\/74394"}],"wp:attachment":[{"href":"https:\/\/eltrabajo.cl\/portal\/wp-json\/wp\/v2\/media?parent=74393"}],"wp:term":[{"taxonomy":"category","embeddable":true,"href":"https:\/\/eltrabajo.cl\/portal\/wp-json\/wp\/v2\/categories?post=74393"},{"taxonomy":"post_tag","embeddable":true,"href":"https:\/\/eltrabajo.cl\/portal\/wp-json\/wp\/v2\/tags?post=74393"}],"curies":[{"name":"wp","href":"https:\/\/api.w.org\/{rel}","templated":true}]}}