{"id":74397,"date":"2016-10-07T08:47:43","date_gmt":"2016-10-07T11:47:43","guid":{"rendered":"http:\/\/www.eltrabajo.cl\/portal\/?p=74397"},"modified":"2016-10-07T08:47:43","modified_gmt":"2016-10-07T11:47:43","slug":"con-diversas-actividades-celebran-aniversario-174-del-hospital-san-camilo","status":"publish","type":"post","link":"https:\/\/eltrabajo.cl\/portal\/con-diversas-actividades-celebran-aniversario-174-del-hospital-san-camilo\/","title":{"rendered":"Con diversas actividades celebran aniversario 174 del Hospital San Camilo"},"content":{"rendered":"<ul>\n<li><strong>Durante este nuevo a\u00f1o, el establecimiento ha recibido 5 nuevos especialistas, nueva infraestructura y servicios y m\u00e1s de mil 800 millones de pesos en equipamiento. <\/strong><\/li>\n<\/ul>\n<p>El Hospital San Camilo celebr\u00f3 un a\u00f1o m\u00e1s de vida, dando cuenta de numerosos avances en materia de inversiones, mejoras para sus usuarios y sus funcionarios, adem\u00e1s de haber concretizado su planificaci\u00f3n estrat\u00e9gica para determinar el futuro de la instituci\u00f3n, todo en el marco de un gran a\u00f1o para sus usuarios, ya que durante este periodo, el recinto ha podido sumar nuevos especialistas, nueva infraestructura y nuevas inversiones en equipamiento que permiten entregar una mejor atenci\u00f3n.<br \/>\nDe esta manera, por ejemplo, la llegada de los nuevos especialistas, ha permitido contar con mayor disponibilidad de horas en \u00e1reas tan sensibles como oftalmolog\u00eda o neurocirug\u00eda. Por su parte, en materia de infraestructura, un servicio tan importante como farmacia ahora cuenta con bodegas de medicamentos acordes a todos los est\u00e1ndares de calidad exigidos, contando con un espacio adecuado y seguro para el cuidado de los medicamentos.<br \/>\n\u201cEstamos contentos de celebrar un nuevo aniversario con la comunidad ya que podemos dar cuenta de un buen a\u00f1o en el cual se ha avanzado en prestaciones, renovaci\u00f3n de equipamiento y en infraestructura, todo lo cual nos permite entregar una mejor salud a toda la poblaci\u00f3n, como ocurre con la inauguraci\u00f3n de la UCI Pedi\u00e1trica y la reciente aprobaci\u00f3n por parte del Minsal de recursos para nuevamente renovar y mejorar nuestras dependencias de Urgencias\u201d, asegur\u00f3 la directora del establecimiento, Susan Porras Fern\u00e1ndez.<br \/>\nEn materia de inversiones, las cifras hablan de m\u00e1s de mil 800 millones invertidos en servicios como Pabell\u00f3n, Laboratorio, Oftalmolog\u00eda o Anatom\u00eda Patol\u00f3gica, entre otros, en los cuales junto con renovar el equipamiento m\u00e1s antiguo, se ha podido de dotar de nuevas m\u00e1quinas capaces de realizar nuevas prestaciones a los usuarios.<br \/>\nEn la ceremonia, tambi\u00e9n se realizaron diversos reconocimientos a los funcionarios que se acogen a retiro, as\u00ed como tambi\u00e9n se entreg\u00f3 la Distinci\u00f3n Segismundo Iturra, reconocimiento que entrega la instituci\u00f3n al funcionario que represente los valores de un verdadero servidor p\u00fablico como lo fue en vida el Dr. Iturra, obteniendo este a\u00f1o el honor los funcionaros Efra\u00edn L\u00f3pez, Cinthya Ibaceta, Dra. Rebeca Ulloa, Corina Mamani y Alfonso Ayala. Por su parte, tambi\u00e9n se hizo un p\u00fablico reconocimiento a los 20 a\u00f1os del Centro de Rehabilitaci\u00f3n Integral C.R.I. en donde se reconoci\u00f3 a su creador, el Dr. Patricio Cornejo Vidaurr\u00e1zaga y a Rodolfo Jara, kinesi\u00f3logo que ha estado trabajando en el centro durante estos 20 a\u00f1os de manera consecutiva.<\/p>\n<figure id=\"attachment_74398\" aria-describedby=\"caption-attachment-74398\" style=\"width: 530px\" class=\"wp-caption alignleft\"><a href=\"http:\/\/www.eltrabajo.cl\/portal\/con-diversas-actividades-celebran-aniversario-174-del-hospital-san-camilo\/aniversario-5\/\" rel=\"attachment wp-att-74398\"><img data-recalc-dims=\"1\" loading=\"lazy\" decoding=\"async\" class=\"size-full wp-image-74398\" src=\"https:\/\/i0.wp.com\/www.eltrabajo.cl\/portal\/wp-content\/uploads\/2016\/10\/ANIVERSARIO.jpg?resize=530%2C350\" alt=\"El Hospital San Camilo celebr\u00f3 un a\u00f1o m\u00e1s de vida, dando cuenta de numerosos avances en materia de inversiones, mejoras para sus usuarios y sus funcionarios, adem\u00e1s de haber concretizado su planificaci\u00f3n estrat\u00e9gica para determinar el futuro de la instituci\u00f3n.\" width=\"530\" height=\"350\" srcset=\"https:\/\/i0.wp.com\/eltrabajo.cl\/portal\/wp-content\/uploads\/2016\/10\/ANIVERSARIO.jpg?w=530&amp;ssl=1 530w, https:\/\/i0.wp.com\/eltrabajo.cl\/portal\/wp-content\/uploads\/2016\/10\/ANIVERSARIO.jpg?resize=200%2C132&amp;ssl=1 200w, https:\/\/i0.wp.com\/eltrabajo.cl\/portal\/wp-content\/uploads\/2016\/10\/ANIVERSARIO.jpg?resize=300%2C198&amp;ssl=1 300w, https:\/\/i0.wp.com\/eltrabajo.cl\/portal\/wp-content\/uploads\/2016\/10\/ANIVERSARIO.jpg?resize=227%2C150&amp;ssl=1 227w, https:\/\/i0.wp.com\/eltrabajo.cl\/portal\/wp-content\/uploads\/2016\/10\/ANIVERSARIO.jpg?resize=400%2C264&amp;ssl=1 400w\" sizes=\"auto, (max-width: 530px) 100vw, 530px\" \/><\/a><figcaption id=\"caption-attachment-74398\" class=\"wp-caption-text\">El Hospital San Camilo celebr\u00f3 un a\u00f1o m\u00e1s de vida, dando cuenta de numerosos avances en materia de inversiones, mejoras para sus usuarios y sus funcionarios, adem\u00e1s de haber concretizado su planificaci\u00f3n estrat\u00e9gica para determinar el futuro de la instituci\u00f3n.<\/figcaption><\/figure>\n","protected":false},"excerpt":{"rendered":"<p>Durante este nuevo a\u00f1o, el establecimiento ha recibido 5 nuevos especialistas, nueva infraestructura y servicios y m\u00e1s de mil 800 millones de pesos en equipamiento. El Hospital San Camilo celebr\u00f3 un a\u00f1o&#8230;<\/p>\n","protected":false},"author":1,"featured_media":74398,"comment_status":"open","ping_status":"open","sticky":false,"template":"","format":"standard","meta":{"advanced_seo_description":"","jetpack_seo_html_title":"","jetpack_seo_noindex":false,"_jetpack_memberships_contains_paid_content":false,"footnotes":""},"categories":[15],"tags":[],"class_list":["post-74397","post","type-post","status-publish","format-standard","has-post-thumbnail","hentry","category-comunidad"],"jetpack_featured_media_url":"https:\/\/i0.wp.com\/eltrabajo.cl\/portal\/wp-content\/uploads\/2016\/10\/ANIVERSARIO.jpg?fit=530%2C350&ssl=1","jetpack_sharing_enabled":true,"jetpack_likes_enabled":true,"jetpack-related-posts":[],"_links":{"self":[{"href":"https:\/\/eltrabajo.cl\/portal\/wp-json\/wp\/v2\/posts\/74397","targetHints":{"allow":["GET"]}}],"collection":[{"href":"https:\/\/eltrabajo.cl\/portal\/wp-json\/wp\/v2\/posts"}],"about":[{"href":"https:\/\/eltrabajo.cl\/portal\/wp-json\/wp\/v2\/types\/post"}],"author":[{"embeddable":true,"href":"https:\/\/eltrabajo.cl\/portal\/wp-json\/wp\/v2\/users\/1"}],"replies":[{"embeddable":true,"href":"https:\/\/eltrabajo.cl\/portal\/wp-json\/wp\/v2\/comments?post=74397"}],"version-history":[{"count":0,"href":"https:\/\/eltrabajo.cl\/portal\/wp-json\/wp\/v2\/posts\/74397\/revisions"}],"wp:featuredmedia":[{"embeddable":true,"href":"https:\/\/eltrabajo.cl\/portal\/wp-json\/wp\/v2\/media\/74398"}],"wp:attachment":[{"href":"https:\/\/eltrabajo.cl\/portal\/wp-json\/wp\/v2\/media?parent=74397"}],"wp:term":[{"taxonomy":"category","embeddable":true,"href":"https:\/\/eltrabajo.cl\/portal\/wp-json\/wp\/v2\/categories?post=74397"},{"taxonomy":"post_tag","embeddable":true,"href":"https:\/\/eltrabajo.cl\/portal\/wp-json\/wp\/v2\/tags?post=74397"}],"curies":[{"name":"wp","href":"https:\/\/api.w.org\/{rel}","templated":true}]}}