{"id":74401,"date":"2016-10-07T08:50:17","date_gmt":"2016-10-07T11:50:17","guid":{"rendered":"http:\/\/www.eltrabajo.cl\/portal\/?p=74401"},"modified":"2016-10-07T08:50:17","modified_gmt":"2016-10-07T11:50:17","slug":"este-sabado-es-el-campeonato-regional-de-cueca-en-la-pirca-de-panquehue","status":"publish","type":"post","link":"https:\/\/eltrabajo.cl\/portal\/este-sabado-es-el-campeonato-regional-de-cueca-en-la-pirca-de-panquehue\/","title":{"rendered":"Este s\u00e1bado es el campeonato regional de Cueca en La Pirca de Panquehue"},"content":{"rendered":"<p><strong>PANQUEHUE.-<\/strong> Este s\u00e1bado 8 de octubre la cita del folklore aconcag\u00fcina est\u00e1 pactada para el mediod\u00eda en la sede Arturo Prat, sector La Pirca, en Panquehue, lugar en donde se desarrollar\u00e1 el 13\u00ba Campeonato Regional de Cueca, competencia organizada por el Grupo Folcl\u00f3rico Renacer, agrupaci\u00f3n que fue fundada en 2004, fecha cuando iniciaron a desarrollar este evento.<\/p>\n<p><strong>A SOLAS CON\u00a0EL FUNDADOR<\/strong><br \/>\nDiario El Trabajo habl\u00f3 la noche de este jueves con el director y fundador de este club de cueca, don Abraham Calder\u00f3n Maldonado, quien nos present\u00f3 a su directorio y parte de los miembros del club.<br \/>\n\u00abIniciamos este club en 2004, \u00e9ramos inicialmente apenas 15 personas, poco a poco se fueron uniendo vecinos, j\u00f3venes y hasta ni\u00f1os a nuestro club, actualmente ya tenemos 39 miembros activos, somos una gran familia art\u00edstica\u00bb, explic\u00f3 Calder\u00f3n.<br \/>\nSeg\u00fan nos explic\u00f3 este panquehuino de 83 a\u00f1os, son seis las categor\u00edas en las que competir\u00e1n los artistas invitados, \u00abeste a\u00f1o estar\u00e1n compitiendo en Mini, Infantil, Juvenil, Adulto y categor\u00eda Libre, para los mejores habr\u00e1 medallas, premios y regalos, tambi\u00e9n tendremos muchas comidas t\u00edpicas durante toda la actividad\u00bb, agreg\u00f3 el fundador de Renacer.<br \/>\n<strong>Roberto Gonz\u00e1lez Short<\/strong><\/p>\n<figure id=\"attachment_74402\" aria-describedby=\"caption-attachment-74402\" style=\"width: 530px\" class=\"wp-caption alignleft\"><a href=\"http:\/\/www.eltrabajo.cl\/portal\/este-sabado-es-el-campeonato-regional-de-cueca-en-la-pirca-de-panquehue\/renacer33\/\" rel=\"attachment wp-att-74402\"><img data-recalc-dims=\"1\" loading=\"lazy\" decoding=\"async\" class=\"size-full wp-image-74402\" src=\"https:\/\/i0.wp.com\/www.eltrabajo.cl\/portal\/wp-content\/uploads\/2016\/10\/Renacer33.jpg?resize=530%2C349\" alt=\"CLUB FOLCL\u00d3RICO RENACER.- El directorio y parte de los folcloristas de Renacer, atendieron ayer jueves a Diario El Trabajo, para hacer ellos directamente la invitaci\u00f3n a este colosal campeonato.\" width=\"530\" height=\"349\" srcset=\"https:\/\/i0.wp.com\/eltrabajo.cl\/portal\/wp-content\/uploads\/2016\/10\/Renacer33.jpg?w=530&amp;ssl=1 530w, https:\/\/i0.wp.com\/eltrabajo.cl\/portal\/wp-content\/uploads\/2016\/10\/Renacer33.jpg?resize=200%2C132&amp;ssl=1 200w, https:\/\/i0.wp.com\/eltrabajo.cl\/portal\/wp-content\/uploads\/2016\/10\/Renacer33.jpg?resize=300%2C198&amp;ssl=1 300w, https:\/\/i0.wp.com\/eltrabajo.cl\/portal\/wp-content\/uploads\/2016\/10\/Renacer33.jpg?resize=228%2C150&amp;ssl=1 228w, https:\/\/i0.wp.com\/eltrabajo.cl\/portal\/wp-content\/uploads\/2016\/10\/Renacer33.jpg?resize=400%2C263&amp;ssl=1 400w\" sizes=\"auto, (max-width: 530px) 100vw, 530px\" \/><\/a><figcaption id=\"caption-attachment-74402\" class=\"wp-caption-text\">CLUB FOLCL\u00d3RICO RENACER.- El directorio y parte de los folcloristas de Renacer, atendieron ayer jueves a Diario El Trabajo, para hacer ellos directamente la invitaci\u00f3n a este colosal campeonato.<\/figcaption><\/figure>\n","protected":false},"excerpt":{"rendered":"<p>PANQUEHUE.- Este s\u00e1bado 8 de octubre la cita del folklore aconcag\u00fcina est\u00e1 pactada para el mediod\u00eda en la sede Arturo Prat, sector La Pirca, en Panquehue, lugar en donde se desarrollar\u00e1 el&#8230;<\/p>\n","protected":false},"author":1,"featured_media":74402,"comment_status":"open","ping_status":"open","sticky":false,"template":"","format":"standard","meta":{"advanced_seo_description":"","jetpack_seo_html_title":"","jetpack_seo_noindex":false,"_jetpack_memberships_contains_paid_content":false,"footnotes":""},"categories":[15],"tags":[],"class_list":["post-74401","post","type-post","status-publish","format-standard","has-post-thumbnail","hentry","category-comunidad"],"jetpack_featured_media_url":"https:\/\/i0.wp.com\/eltrabajo.cl\/portal\/wp-content\/uploads\/2016\/10\/Renacer33.jpg?fit=530%2C349&ssl=1","jetpack_sharing_enabled":true,"jetpack_likes_enabled":true,"jetpack-related-posts":[],"_links":{"self":[{"href":"https:\/\/eltrabajo.cl\/portal\/wp-json\/wp\/v2\/posts\/74401","targetHints":{"allow":["GET"]}}],"collection":[{"href":"https:\/\/eltrabajo.cl\/portal\/wp-json\/wp\/v2\/posts"}],"about":[{"href":"https:\/\/eltrabajo.cl\/portal\/wp-json\/wp\/v2\/types\/post"}],"author":[{"embeddable":true,"href":"https:\/\/eltrabajo.cl\/portal\/wp-json\/wp\/v2\/users\/1"}],"replies":[{"embeddable":true,"href":"https:\/\/eltrabajo.cl\/portal\/wp-json\/wp\/v2\/comments?post=74401"}],"version-history":[{"count":0,"href":"https:\/\/eltrabajo.cl\/portal\/wp-json\/wp\/v2\/posts\/74401\/revisions"}],"wp:featuredmedia":[{"embeddable":true,"href":"https:\/\/eltrabajo.cl\/portal\/wp-json\/wp\/v2\/media\/74402"}],"wp:attachment":[{"href":"https:\/\/eltrabajo.cl\/portal\/wp-json\/wp\/v2\/media?parent=74401"}],"wp:term":[{"taxonomy":"category","embeddable":true,"href":"https:\/\/eltrabajo.cl\/portal\/wp-json\/wp\/v2\/categories?post=74401"},{"taxonomy":"post_tag","embeddable":true,"href":"https:\/\/eltrabajo.cl\/portal\/wp-json\/wp\/v2\/tags?post=74401"}],"curies":[{"name":"wp","href":"https:\/\/api.w.org\/{rel}","templated":true}]}}