{"id":74405,"date":"2016-10-07T08:53:17","date_gmt":"2016-10-07T11:53:17","guid":{"rendered":"http:\/\/www.eltrabajo.cl\/portal\/?p=74405"},"modified":"2016-10-07T08:53:17","modified_gmt":"2016-10-07T11:53:17","slug":"sna-educa-inauguro-moderna-aula-movil-de-mecatronica-y-automatizacion","status":"publish","type":"post","link":"https:\/\/eltrabajo.cl\/portal\/sna-educa-inauguro-moderna-aula-movil-de-mecatronica-y-automatizacion\/","title":{"rendered":"SNA Educa inaugur\u00f3 moderna Aula M\u00f3vil de Mecatr\u00f3nica y Automatizaci\u00f3n"},"content":{"rendered":"<ul>\n<li><strong><span style=\"color: #ff0000;\">Alumnos de la Escuela Industrial se ver\u00e1n directamente beneficiados:<\/span>\u00a0Sala itinerante recorrer\u00e1 el pa\u00eds poniendo a disposici\u00f3n de distintos establecimientos educacionales t\u00e9cnico-profesionales, tecnolog\u00eda de punta, la cual servir\u00e1 para que los estudiantes asimilen de forma \u00f3ptima el ingreso al mundo de la industria.<\/strong><\/li>\n<\/ul>\n<p>En el marco del aniversario 75 del prestigioso Liceo Industrial de San Felipe, la SNA Educa, Corporaci\u00f3n Educativa de la Sociedad Nacional de Agricultura, present\u00f3 a la comunidad el Aula M\u00f3vil, con tecnolog\u00eda de punta en mecatr\u00f3nica y automatizaci\u00f3n, la cual, recorrer\u00e1 el pa\u00eds con el objetivo de mejorar los procesos de ense\u00f1anza-aprendizaje de los 20 establecimientos pertenecientes a su red, entre los que destaca La Escuela Guillermo Richards Cuevas.<br \/>\nEl Proyecto Aula M\u00f3vil, es una moderna sala de clases fabricada por completo en Chile y su prop\u00f3sito fundamental es agregar valor a los programas educativos de aquellos colegios, escuelas y liceos que imparten carreras t\u00e9cnicas de nivel medio y, principalmente, a aquellos establecimientos ubicados en zonas rurales.<br \/>\nAs\u00ed lo explic\u00f3 Emanuel \u00c1lamos, operador y tutor del Aula M\u00f3vil, quien junto con detallar el fin socio-educacional de este espacio, precis\u00f3 que \u201cla mecatr\u00f3nica es la mezcla de especialidades como mec\u00e1nica, electr\u00f3nica, electricidad, rob\u00f3tica, entre otras y el aula cuenta con todo tipo de tecnolog\u00edas para que el alumno pueda desarrollarse de manera tal que salga a la industria y est\u00e9 completamente preparados. Estas tecnolog\u00edas est\u00e1n hoy en la industria, ellos van a estudiar van a salir a trabajar en algo que estudiaron y ya conocen\u201d, apunt\u00f3 \u00c1lamos, fundamentando que hasta hoy, muchos alumnos entran al mundo laboral y se encuentran con una realidad tecnol\u00f3gica diferente o a veces desconocida.<br \/>\nF\u00edsicamente, la moderna Aula M\u00f3vil, es un mini remolque expansible-retr\u00e1ctil, autosustentable para cierto per\u00edodo de tiempo. Puede funcionar a trav\u00e9s de 3 tipos de energ\u00edas: alimentaci\u00f3n fotovoltaica mediante 3 paneles solares de movilidad manual y otros dos anclados a un m\u00e1stil de control; generador di\u00e9sel y conexi\u00f3n externa a la red el\u00e9ctricade 280 y 220 volts.<br \/>\nEn t\u00e9rminos de equipamiento, esta sala itinerante cuenta con 6 estaciones de trabajo, dentro de las cuales posee una impresora 3D, 2 servomotores, un brazo rob\u00f3tico, motores de corrientes, un proyector interactivo, una pizarra magn\u00e9tica, un televisor para visualizar distintos tipos de planos (el\u00e9ctricos, neum\u00e1ticos) y material de apoyo. Adem\u00e1s est\u00e1 automatizado para controlar el accionar y apagado de motores, compresores, climatizadores yencendido y apagado de luces.<br \/>\nMediante estas herramientas, en el lugar se pueden desarrollar especialidades tales como: neum\u00e1tica, hidr\u00e1ulica, electroneum\u00e1tica y electrohidr\u00e1ulica, programaci\u00f3n de PLC (Programador L\u00f3gico Programable), entre otros. Al llevarlo a la pr\u00e1ctica, el alumno podr\u00e1 crear, desarrollar, mejorar y mantener productos, sistemas y dispositivos presentes en todos los sectores productivos, industriales y dom\u00e9sticos del pa\u00eds, como son: la rob\u00f3tica, m\u00e1quinas y l\u00edneas de producci\u00f3n automatizadas, veh\u00edculos, aviones, sistemas de seguridad y modernos electrodom\u00e9sticos.<br \/>\nEl director de la Escuela Industrial Guillermo Richards Cuevas, Andr\u00e9s Vargas Munita, destac\u00f3 la importancia de poder contar con este importante instrumento tecnol\u00f3gico, argumentando que \u201cestamos fascinados porque nuestros alumnos cada vez m\u00e1s han ido entusiasm\u00e1ndose con estos temas de automatizaci\u00f3n, de programaci\u00f3n, tenemos muchos ni\u00f1os que est\u00e1n participando en temas de rob\u00f3tica, campeones en distintas lides, algunos han ido al extranjero incluso de acuerdo con sus capacidades y todo educador quiere poner a disposici\u00f3n de sus alumnos las mejores herramientas para que desarrollen sus capacidades y esta aula significa eso, lo mejor del mundo est\u00e1 aqu\u00ed\u201d, afirm\u00f3<br \/>\n\u201cLo que ellos van a conocer ac\u00e1, son muy pocos los privilegiados de poder tenerlo a la mano y siempre cuando van a visitar empresas nos dicen \u2018pucha\u2019 podr\u00edamos tener un simulador de una correa de producci\u00f3n, o los elevadores, un mont\u00f3n de juguetes que ellos van a poder usar ahora, aprender, cometer los errores aqu\u00ed, equivocarse en la escuela antes de llegar a la industria a trabajar en ello\u201d.<br \/>\nLuego de su inauguraci\u00f3n en San Felipe, el Aula M\u00f3vil de mecatr\u00f3nica comienza su recorrido por el resto del pa\u00eds, comenzando por la zona sur y se espera que regrese a Aconcagua durante el mes de noviembre.<\/p>\n<figure id=\"attachment_74406\" aria-describedby=\"caption-attachment-74406\" style=\"width: 530px\" class=\"wp-caption alignleft\"><a href=\"http:\/\/www.eltrabajo.cl\/portal\/sna-educa-inauguro-moderna-aula-movil-de-mecatronica-y-automatizacion\/aula-movil-de-la-corporacion-sna-educa\/\" rel=\"attachment wp-att-74406\"><img data-recalc-dims=\"1\" loading=\"lazy\" decoding=\"async\" class=\"size-full wp-image-74406\" src=\"https:\/\/i0.wp.com\/www.eltrabajo.cl\/portal\/wp-content\/uploads\/2016\/10\/AULA-MOVIL-DE-LA-CORPORACION-SNA-EDUCA.jpg?resize=530%2C350\" alt=\"Aula M\u00f3vil de la Corporaci\u00f3n SNA Educa, fue inaugurada en San Felipe, dentro del aniversario 75 del Liceo Industrial.\" width=\"530\" height=\"350\" srcset=\"https:\/\/i0.wp.com\/eltrabajo.cl\/portal\/wp-content\/uploads\/2016\/10\/AULA-MOVIL-DE-LA-CORPORACION-SNA-EDUCA.jpg?w=530&amp;ssl=1 530w, https:\/\/i0.wp.com\/eltrabajo.cl\/portal\/wp-content\/uploads\/2016\/10\/AULA-MOVIL-DE-LA-CORPORACION-SNA-EDUCA.jpg?resize=200%2C132&amp;ssl=1 200w, https:\/\/i0.wp.com\/eltrabajo.cl\/portal\/wp-content\/uploads\/2016\/10\/AULA-MOVIL-DE-LA-CORPORACION-SNA-EDUCA.jpg?resize=300%2C198&amp;ssl=1 300w, https:\/\/i0.wp.com\/eltrabajo.cl\/portal\/wp-content\/uploads\/2016\/10\/AULA-MOVIL-DE-LA-CORPORACION-SNA-EDUCA.jpg?resize=227%2C150&amp;ssl=1 227w, https:\/\/i0.wp.com\/eltrabajo.cl\/portal\/wp-content\/uploads\/2016\/10\/AULA-MOVIL-DE-LA-CORPORACION-SNA-EDUCA.jpg?resize=400%2C264&amp;ssl=1 400w\" sizes=\"auto, (max-width: 530px) 100vw, 530px\" \/><\/a><figcaption id=\"caption-attachment-74406\" class=\"wp-caption-text\">Aula M\u00f3vil de la Corporaci\u00f3n SNA Educa, fue inaugurada en San Felipe, dentro del aniversario 75 del Liceo Industrial.<\/figcaption><\/figure>\n<figure id=\"attachment_74407\" aria-describedby=\"caption-attachment-74407\" style=\"width: 530px\" class=\"wp-caption alignleft\"><a href=\"http:\/\/www.eltrabajo.cl\/portal\/sna-educa-inauguro-moderna-aula-movil-de-mecatronica-y-automatizacion\/aula-movil\/\" rel=\"attachment wp-att-74407\"><img data-recalc-dims=\"1\" loading=\"lazy\" decoding=\"async\" class=\"size-full wp-image-74407\" src=\"https:\/\/i0.wp.com\/www.eltrabajo.cl\/portal\/wp-content\/uploads\/2016\/10\/AULA-MOVIL.jpg?resize=530%2C350\" alt=\"Aula M\u00f3vil cuenta con alrededor de 6 estaciones de trabajo, cuyos instrumentos m\u00e1s destacados son: impresora 3D, 2 servomotores, un brazo rob\u00f3tico, entre otros.\" width=\"530\" height=\"350\" srcset=\"https:\/\/i0.wp.com\/eltrabajo.cl\/portal\/wp-content\/uploads\/2016\/10\/AULA-MOVIL.jpg?w=530&amp;ssl=1 530w, https:\/\/i0.wp.com\/eltrabajo.cl\/portal\/wp-content\/uploads\/2016\/10\/AULA-MOVIL.jpg?resize=200%2C132&amp;ssl=1 200w, https:\/\/i0.wp.com\/eltrabajo.cl\/portal\/wp-content\/uploads\/2016\/10\/AULA-MOVIL.jpg?resize=300%2C198&amp;ssl=1 300w, https:\/\/i0.wp.com\/eltrabajo.cl\/portal\/wp-content\/uploads\/2016\/10\/AULA-MOVIL.jpg?resize=227%2C150&amp;ssl=1 227w, https:\/\/i0.wp.com\/eltrabajo.cl\/portal\/wp-content\/uploads\/2016\/10\/AULA-MOVIL.jpg?resize=400%2C264&amp;ssl=1 400w\" sizes=\"auto, (max-width: 530px) 100vw, 530px\" \/><\/a><figcaption id=\"caption-attachment-74407\" class=\"wp-caption-text\">Aula M\u00f3vil cuenta con alrededor de 6 estaciones de trabajo, cuyos instrumentos m\u00e1s destacados son: impresora 3D, 2 servomotores, un brazo rob\u00f3tico, entre otros.<\/figcaption><\/figure>\n","protected":false},"excerpt":{"rendered":"<p>Alumnos de la Escuela Industrial se ver\u00e1n directamente beneficiados:\u00a0Sala itinerante recorrer\u00e1 el pa\u00eds poniendo a disposici\u00f3n de distintos establecimientos educacionales t\u00e9cnico-profesionales, tecnolog\u00eda de punta, la cual servir\u00e1 para que los estudiantes asimilen&#8230;<\/p>\n","protected":false},"author":1,"featured_media":74407,"comment_status":"open","ping_status":"open","sticky":false,"template":"","format":"standard","meta":{"advanced_seo_description":"","jetpack_seo_html_title":"","jetpack_seo_noindex":false,"_jetpack_memberships_contains_paid_content":false,"footnotes":""},"categories":[15],"tags":[],"class_list":["post-74405","post","type-post","status-publish","format-standard","has-post-thumbnail","hentry","category-comunidad"],"jetpack_featured_media_url":"https:\/\/i0.wp.com\/eltrabajo.cl\/portal\/wp-content\/uploads\/2016\/10\/AULA-MOVIL.jpg?fit=530%2C350&ssl=1","jetpack_sharing_enabled":true,"jetpack_likes_enabled":true,"jetpack-related-posts":[],"_links":{"self":[{"href":"https:\/\/eltrabajo.cl\/portal\/wp-json\/wp\/v2\/posts\/74405","targetHints":{"allow":["GET"]}}],"collection":[{"href":"https:\/\/eltrabajo.cl\/portal\/wp-json\/wp\/v2\/posts"}],"about":[{"href":"https:\/\/eltrabajo.cl\/portal\/wp-json\/wp\/v2\/types\/post"}],"author":[{"embeddable":true,"href":"https:\/\/eltrabajo.cl\/portal\/wp-json\/wp\/v2\/users\/1"}],"replies":[{"embeddable":true,"href":"https:\/\/eltrabajo.cl\/portal\/wp-json\/wp\/v2\/comments?post=74405"}],"version-history":[{"count":0,"href":"https:\/\/eltrabajo.cl\/portal\/wp-json\/wp\/v2\/posts\/74405\/revisions"}],"wp:featuredmedia":[{"embeddable":true,"href":"https:\/\/eltrabajo.cl\/portal\/wp-json\/wp\/v2\/media\/74407"}],"wp:attachment":[{"href":"https:\/\/eltrabajo.cl\/portal\/wp-json\/wp\/v2\/media?parent=74405"}],"wp:term":[{"taxonomy":"category","embeddable":true,"href":"https:\/\/eltrabajo.cl\/portal\/wp-json\/wp\/v2\/categories?post=74405"},{"taxonomy":"post_tag","embeddable":true,"href":"https:\/\/eltrabajo.cl\/portal\/wp-json\/wp\/v2\/tags?post=74405"}],"curies":[{"name":"wp","href":"https:\/\/api.w.org\/{rel}","templated":true}]}}