{"id":74414,"date":"2016-10-11T08:53:05","date_gmt":"2016-10-11T11:53:05","guid":{"rendered":"http:\/\/www.eltrabajo.cl\/portal\/?p=74414"},"modified":"2016-10-11T08:53:05","modified_gmt":"2016-10-11T11:53:05","slug":"opd-de-santa-maria-celebro-en-grande-su-primer-ano-de-vida","status":"publish","type":"post","link":"https:\/\/eltrabajo.cl\/portal\/opd-de-santa-maria-celebro-en-grande-su-primer-ano-de-vida\/","title":{"rendered":"OPD de Santa Mar\u00eda celebr\u00f3 en grande su primer a\u00f1o de vida"},"content":{"rendered":"<p><strong>SANTA MAR\u00cdA.-<\/strong> Un d\u00eda como hoy, hace un a\u00f1o se crea la Oficina de Protecci\u00f3n de Derechos de Santa Mar\u00eda, o tambi\u00e9n conocida como OPD. Por esta raz\u00f3n se efectu\u00f3 una importante ceremonia en la Plaza de Armas de esta comuna, que cont\u00f3 con la participaci\u00f3n del alcalde protocolar Jos\u00e9 Grbic y del concejal David Olgu\u00edn, adem\u00e1s de directores, docentes y de cientos de ni\u00f1os escuelas, colegios y jardines infantiles y que incluy\u00f3 disfraces , baile entretenido y pintacaritas por parte de una delegaci\u00f3n de alumnas de Aiep, y otras importantes presentaciones entre las que destacan la banda rock del Colegio Santa Mar\u00eda de Aconcagua y los ni\u00f1os de la Escuela de Santa Filomena. Adem\u00e1s se entregaron regalos, frutas y otras lindas sorpresas para los m\u00e1s peque\u00f1os.<br \/>\nKaren Espinoza, encargada de la OPD de esta comuna se\u00f1al\u00f3 que \u201cla instalaci\u00f3n de este dispositivo es un gran logro para la comuna en t\u00e9rminos de la promoci\u00f3n y protecci\u00f3n de derechos de ni\u00f1os, pero tambi\u00e9n conlleva de la mano un gran desaf\u00edo, del cual es parte toda la comunidad. Es nuestra responsabilidad como garantes de derechos velar por el cumplimiento de estos y evitar la vulneraci\u00f3n de cualquier tipo. Es por ello que todos los que est\u00e1n aqu\u00ed presentes son protagonistas de estos nuevos procesos y por tanto gestores de esta nueva historia.\u201d<br \/>\nFinalmente la profesional agreg\u00f3 que \u201cEste nuevo a\u00f1o se continuar\u00e1 con lo avanzado, con nuevos desaf\u00edos y logros, y es hora de poner esos sue\u00f1os en marcha. Creemos en una infancia participativa, sin vulneraci\u00f3n de derechos, con una comunidad comprometida y no solo un listado de indicadores de estad\u00edsticas. Sabemos que queda mucho por avanzar y mejorar, sin embargo este es un paso m\u00e1s para llegar al eslab\u00f3n m\u00e1s alto\u201d.<\/p>\n<figure id=\"attachment_74415\" aria-describedby=\"caption-attachment-74415\" style=\"width: 530px\" class=\"wp-caption alignleft\"><a href=\"http:\/\/www.eltrabajo.cl\/portal\/opd-de-santa-maria-celebro-en-grande-su-primer-ano-de-vida\/opd-santa-maria\/\" rel=\"attachment wp-att-74415\"><img data-recalc-dims=\"1\" loading=\"lazy\" decoding=\"async\" class=\"size-full wp-image-74415\" src=\"https:\/\/i0.wp.com\/www.eltrabajo.cl\/portal\/wp-content\/uploads\/2016\/10\/OPD-SANTA-MARIA.jpg?resize=530%2C350\" alt=\"La importante ceremonia aniversario, se efectu\u00f3 en la Plaza de Armas de esta comuna, y cont\u00f3 con la participaci\u00f3n del alcalde protocolar Jos\u00e9 Grbic y del concejal David Olgu\u00edn, adem\u00e1s de directores, docentes y de cientos de ni\u00f1os escuelas, colegios y jardines infantiles..\" width=\"530\" height=\"350\" srcset=\"https:\/\/i0.wp.com\/eltrabajo.cl\/portal\/wp-content\/uploads\/2016\/10\/OPD-SANTA-MARIA.jpg?w=530&amp;ssl=1 530w, https:\/\/i0.wp.com\/eltrabajo.cl\/portal\/wp-content\/uploads\/2016\/10\/OPD-SANTA-MARIA.jpg?resize=200%2C132&amp;ssl=1 200w, https:\/\/i0.wp.com\/eltrabajo.cl\/portal\/wp-content\/uploads\/2016\/10\/OPD-SANTA-MARIA.jpg?resize=300%2C198&amp;ssl=1 300w, https:\/\/i0.wp.com\/eltrabajo.cl\/portal\/wp-content\/uploads\/2016\/10\/OPD-SANTA-MARIA.jpg?resize=227%2C150&amp;ssl=1 227w, https:\/\/i0.wp.com\/eltrabajo.cl\/portal\/wp-content\/uploads\/2016\/10\/OPD-SANTA-MARIA.jpg?resize=400%2C264&amp;ssl=1 400w\" sizes=\"auto, (max-width: 530px) 100vw, 530px\" \/><\/a><figcaption id=\"caption-attachment-74415\" class=\"wp-caption-text\">La importante ceremonia aniversario, se efectu\u00f3 en la Plaza de Armas de esta comuna, y cont\u00f3 con la participaci\u00f3n del alcalde protocolar Jos\u00e9 Grbic y del concejal David Olgu\u00edn, adem\u00e1s de directores, docentes y de cientos de ni\u00f1os escuelas, colegios y jardines infantiles..<\/figcaption><\/figure>\n","protected":false},"excerpt":{"rendered":"<p>SANTA MAR\u00cdA.- Un d\u00eda como hoy, hace un a\u00f1o se crea la Oficina de Protecci\u00f3n de Derechos de Santa Mar\u00eda, o tambi\u00e9n conocida como OPD. Por esta raz\u00f3n se efectu\u00f3 una importante&#8230;<\/p>\n","protected":false},"author":1,"featured_media":74415,"comment_status":"open","ping_status":"open","sticky":false,"template":"","format":"standard","meta":{"advanced_seo_description":"","jetpack_seo_html_title":"","jetpack_seo_noindex":false,"_jetpack_memberships_contains_paid_content":false,"footnotes":""},"categories":[1],"tags":[],"class_list":["post-74414","post","type-post","status-publish","format-standard","has-post-thumbnail","hentry","category-cronica"],"jetpack_featured_media_url":"https:\/\/i0.wp.com\/eltrabajo.cl\/portal\/wp-content\/uploads\/2016\/10\/OPD-SANTA-MARIA.jpg?fit=530%2C350&ssl=1","jetpack_sharing_enabled":true,"jetpack_likes_enabled":true,"jetpack-related-posts":[],"_links":{"self":[{"href":"https:\/\/eltrabajo.cl\/portal\/wp-json\/wp\/v2\/posts\/74414","targetHints":{"allow":["GET"]}}],"collection":[{"href":"https:\/\/eltrabajo.cl\/portal\/wp-json\/wp\/v2\/posts"}],"about":[{"href":"https:\/\/eltrabajo.cl\/portal\/wp-json\/wp\/v2\/types\/post"}],"author":[{"embeddable":true,"href":"https:\/\/eltrabajo.cl\/portal\/wp-json\/wp\/v2\/users\/1"}],"replies":[{"embeddable":true,"href":"https:\/\/eltrabajo.cl\/portal\/wp-json\/wp\/v2\/comments?post=74414"}],"version-history":[{"count":0,"href":"https:\/\/eltrabajo.cl\/portal\/wp-json\/wp\/v2\/posts\/74414\/revisions"}],"wp:featuredmedia":[{"embeddable":true,"href":"https:\/\/eltrabajo.cl\/portal\/wp-json\/wp\/v2\/media\/74415"}],"wp:attachment":[{"href":"https:\/\/eltrabajo.cl\/portal\/wp-json\/wp\/v2\/media?parent=74414"}],"wp:term":[{"taxonomy":"category","embeddable":true,"href":"https:\/\/eltrabajo.cl\/portal\/wp-json\/wp\/v2\/categories?post=74414"},{"taxonomy":"post_tag","embeddable":true,"href":"https:\/\/eltrabajo.cl\/portal\/wp-json\/wp\/v2\/tags?post=74414"}],"curies":[{"name":"wp","href":"https:\/\/api.w.org\/{rel}","templated":true}]}}