{"id":74418,"date":"2016-10-11T08:54:53","date_gmt":"2016-10-11T11:54:53","guid":{"rendered":"http:\/\/www.eltrabajo.cl\/portal\/?p=74418"},"modified":"2016-10-11T08:54:53","modified_gmt":"2016-10-11T11:54:53","slug":"territorios-invisibles-se-llama-la-nueva-obra-de-felipe-moncada","status":"publish","type":"post","link":"https:\/\/eltrabajo.cl\/portal\/territorios-invisibles-se-llama-la-nueva-obra-de-felipe-moncada\/","title":{"rendered":"\u2018Territorios invisibles\u2019 se llama la nueva obra de Felipe Moncada"},"content":{"rendered":"<ul>\n<li><strong>Ensayos tambi\u00e9n escudri\u00f1an poes\u00eda de poetas sanfelipe\u00f1os:<\/strong><\/li>\n<\/ul>\n<p>El pasado viernes en horas de la noche, fue presentado oficialmente en el Sal\u00f3n de Honor de la Municipalidad de San Felipe, el libro de ensayos Territorios invisibles, 7\u00aa obra escrita por Felipe Moncada Mijic, literato que reside en Valpara\u00edso pero que tiene ra\u00edces en San Felipe.<\/p>\n<p><strong>NUESTROS POETAS<\/strong><br \/>\nEste libro cuenta con 184 p\u00e1ginas, en las que son presentados los doce ensayos en que Moncada ofrece un detallado an\u00e1lisis conceptual e hist\u00f3rico de los escritores y poetas contempor\u00e1neos a nuestra \u00e9poca, de todo nuestro pa\u00eds.<br \/>\nSu trabajo investigativo, le represent\u00f3 al escritor seis a\u00f1os de trabajo a nivel nacional, es por ello que Diario El Trabajo le consultamos a cu\u00e1les autores aconcag\u00fcinos \u00e9l tom\u00f3 en cuenta en esta obra.<br \/>\n\u00abDe Aconcagua estoy presentando un ensayo especial, en el que retomo los trabajos y aportes de autores como Hermelo Arabena Williams, Carlos Ruiz Zald\u00edvar, Azucena Caballero Herrera, Bernardo Cruz y Camilo Mur\u00f3 entre otros\u00bb, explic\u00f3 el autor.<br \/>\nEste libro, es parte de la cosecha de Ediciones Inubicalistas, ya est\u00e1 a la venta en Libroteca de San Felipe, seg\u00fan inform\u00f3 el escritor a nuestro medio.<br \/>\n\u00abTodas las obras analizadas de estos autores nacionales contempor\u00e1neas las hago dentro de los imaginarios de provincia, debo se\u00f1alar tambi\u00e9n a Marco L\u00f3pez, Carlos Hern\u00e1ndez y Patricio Serey. En esta obra s\u00f3lo analizo sus trabajos publicados, nada puedo hacer con aquellas obras in\u00e9ditas\u00bb, agreg\u00f3 Felipe.<br \/>\n<strong>Roberto Gonz\u00e1lez Short<\/strong><\/p>\n<figure id=\"attachment_74419\" aria-describedby=\"caption-attachment-74419\" style=\"width: 530px\" class=\"wp-caption alignleft\"><a href=\"http:\/\/www.eltrabajo.cl\/portal\/territorios-invisibles-se-llama-la-nueva-obra-de-felipe-moncada\/escritores28\/\" rel=\"attachment wp-att-74419\"><img data-recalc-dims=\"1\" loading=\"lazy\" decoding=\"async\" class=\"size-full wp-image-74419\" src=\"https:\/\/i0.wp.com\/www.eltrabajo.cl\/portal\/wp-content\/uploads\/2016\/10\/Escritores28.jpg?resize=530%2C350\" alt=\"TINTA FRESCA.- Decenas de vigentes escritores de Aconcagua, asistieron a esta cita literaria, la gala de lanzamiento fue organizada por el Departamento de Cultura del Municipio.\" width=\"530\" height=\"350\" srcset=\"https:\/\/i0.wp.com\/eltrabajo.cl\/portal\/wp-content\/uploads\/2016\/10\/Escritores28.jpg?w=530&amp;ssl=1 530w, https:\/\/i0.wp.com\/eltrabajo.cl\/portal\/wp-content\/uploads\/2016\/10\/Escritores28.jpg?resize=200%2C132&amp;ssl=1 200w, https:\/\/i0.wp.com\/eltrabajo.cl\/portal\/wp-content\/uploads\/2016\/10\/Escritores28.jpg?resize=300%2C198&amp;ssl=1 300w, https:\/\/i0.wp.com\/eltrabajo.cl\/portal\/wp-content\/uploads\/2016\/10\/Escritores28.jpg?resize=227%2C150&amp;ssl=1 227w, https:\/\/i0.wp.com\/eltrabajo.cl\/portal\/wp-content\/uploads\/2016\/10\/Escritores28.jpg?resize=400%2C264&amp;ssl=1 400w\" sizes=\"auto, (max-width: 530px) 100vw, 530px\" \/><\/a><figcaption id=\"caption-attachment-74419\" class=\"wp-caption-text\">TINTA FRESCA.- Decenas de vigentes escritores de Aconcagua, asistieron a esta cita literaria, la gala de lanzamiento fue organizada por el Departamento de Cultura del Municipio.<\/figcaption><\/figure>\n","protected":false},"excerpt":{"rendered":"<p>Ensayos tambi\u00e9n escudri\u00f1an poes\u00eda de poetas sanfelipe\u00f1os: El pasado viernes en horas de la noche, fue presentado oficialmente en el Sal\u00f3n de Honor de la Municipalidad de San Felipe, el libro de&#8230;<\/p>\n","protected":false},"author":1,"featured_media":74419,"comment_status":"open","ping_status":"open","sticky":false,"template":"","format":"standard","meta":{"advanced_seo_description":"","jetpack_seo_html_title":"","jetpack_seo_noindex":false,"_jetpack_memberships_contains_paid_content":false,"footnotes":""},"categories":[20],"tags":[],"class_list":["post-74418","post","type-post","status-publish","format-standard","has-post-thumbnail","hentry","category-arte-y-cultura"],"jetpack_featured_media_url":"https:\/\/i0.wp.com\/eltrabajo.cl\/portal\/wp-content\/uploads\/2016\/10\/Escritores28.jpg?fit=530%2C350&ssl=1","jetpack_sharing_enabled":true,"jetpack_likes_enabled":true,"jetpack-related-posts":[],"_links":{"self":[{"href":"https:\/\/eltrabajo.cl\/portal\/wp-json\/wp\/v2\/posts\/74418","targetHints":{"allow":["GET"]}}],"collection":[{"href":"https:\/\/eltrabajo.cl\/portal\/wp-json\/wp\/v2\/posts"}],"about":[{"href":"https:\/\/eltrabajo.cl\/portal\/wp-json\/wp\/v2\/types\/post"}],"author":[{"embeddable":true,"href":"https:\/\/eltrabajo.cl\/portal\/wp-json\/wp\/v2\/users\/1"}],"replies":[{"embeddable":true,"href":"https:\/\/eltrabajo.cl\/portal\/wp-json\/wp\/v2\/comments?post=74418"}],"version-history":[{"count":0,"href":"https:\/\/eltrabajo.cl\/portal\/wp-json\/wp\/v2\/posts\/74418\/revisions"}],"wp:featuredmedia":[{"embeddable":true,"href":"https:\/\/eltrabajo.cl\/portal\/wp-json\/wp\/v2\/media\/74419"}],"wp:attachment":[{"href":"https:\/\/eltrabajo.cl\/portal\/wp-json\/wp\/v2\/media?parent=74418"}],"wp:term":[{"taxonomy":"category","embeddable":true,"href":"https:\/\/eltrabajo.cl\/portal\/wp-json\/wp\/v2\/categories?post=74418"},{"taxonomy":"post_tag","embeddable":true,"href":"https:\/\/eltrabajo.cl\/portal\/wp-json\/wp\/v2\/tags?post=74418"}],"curies":[{"name":"wp","href":"https:\/\/api.w.org\/{rel}","templated":true}]}}