{"id":74422,"date":"2016-10-11T08:57:28","date_gmt":"2016-10-11T11:57:28","guid":{"rendered":"http:\/\/www.eltrabajo.cl\/portal\/?p=74422"},"modified":"2016-10-11T08:57:29","modified_gmt":"2016-10-11T11:57:29","slug":"con-bailes-celebran-en-la-plaza-de-armas-el-dia-de-la-salud-mental","status":"publish","type":"post","link":"https:\/\/eltrabajo.cl\/portal\/con-bailes-celebran-en-la-plaza-de-armas-el-dia-de-la-salud-mental\/","title":{"rendered":"Con bailes celebran en la Plaza de Armas el D\u00eda de la Salud Mental"},"content":{"rendered":"<ul>\n<li><strong>Unco de Discapacidad de San Felipe con alegre iniciativa:<\/strong><\/li>\n<\/ul>\n<p>Este fin de semana la Unco de la Discapacidad de San Felipe, realiz\u00f3 un sencillo pero significativo homenaje, a las personas con discapacidad mental en el D\u00eda de la Salud Mental (10 de octubre), desarrollando en nuestra Plaza de Armas, una colorida actividad llena de m\u00fasica, risas y color.<\/p>\n<p><strong>EL JEFE UNCO<\/strong><br \/>\nDiario El Trabajo habl\u00f3 con el presidente de esa entidad, don Andr\u00e9s Emilio Podest\u00e1, quien explic\u00f3 a nuestro medio que \u00aben la instituci\u00f3n que presido acogemos con cari\u00f1o a usuarios de grupos como Vida Nueva; Luz Crepuscular y de otros clubes de la discapacidad. Para ellos, estamos generando instancias de recreaci\u00f3n y capacitaci\u00f3n de acuerdo a sus capacidades y tambi\u00e9n buscando reinsertarlos al mundo laboral\u00bb.<br \/>\nSeg\u00fan el Observatorio de Derechos Humanos de las Personas con Discapacidad Mental de Chile, existen al menos unas 350.000 personas en nuestro pa\u00eds con alguna discapacidad mental.<br \/>\n\u00abTodos tenemos que seguir luchando por tener una mejor salud mental, ps\u00edquica y sensorial, es lo que nos toc\u00f3 vivir en esta vida y todo esto es Dios quien lo ha permitido, para que algunos estudien nuestras enfermedades y para que otros nos ayuden a salir a flote\u00bb, dijo en su discurso en directivo.<br \/>\nComo parte de las actividades de la Unco, las c\u00e1maras de Diario El Trabajo registraron a personas bailando alegremente en sus sillas de rueda; candidatas con sus reyes feos y toda clase de iniciativas positivas. El p\u00fablico tambi\u00e9n se involucr\u00f3 en esta jornada especial.<br \/>\n<strong>Roberto Gonz\u00e1lez Short<\/strong><\/p>\n<figure id=\"attachment_74423\" aria-describedby=\"caption-attachment-74423\" style=\"width: 530px\" class=\"wp-caption alignleft\"><a href=\"http:\/\/www.eltrabajo.cl\/portal\/con-bailes-celebran-en-la-plaza-de-armas-el-dia-de-la-salud-mental\/bailes33\/\" rel=\"attachment wp-att-74423\"><img data-recalc-dims=\"1\" loading=\"lazy\" decoding=\"async\" class=\"size-full wp-image-74423\" src=\"https:\/\/i0.wp.com\/www.eltrabajo.cl\/portal\/wp-content\/uploads\/2016\/10\/Bailes33.jpg?resize=530%2C349\" alt=\"SIN BARRERAS.- No hay l\u00edmites para estas personas, a quienes por muchos a\u00f1os la sociedad les puso barreras para encontrar su autonom\u00eda mental, emocional y f\u00edsica.\" width=\"530\" height=\"349\" srcset=\"https:\/\/i0.wp.com\/eltrabajo.cl\/portal\/wp-content\/uploads\/2016\/10\/Bailes33.jpg?w=530&amp;ssl=1 530w, https:\/\/i0.wp.com\/eltrabajo.cl\/portal\/wp-content\/uploads\/2016\/10\/Bailes33.jpg?resize=200%2C132&amp;ssl=1 200w, https:\/\/i0.wp.com\/eltrabajo.cl\/portal\/wp-content\/uploads\/2016\/10\/Bailes33.jpg?resize=300%2C198&amp;ssl=1 300w, https:\/\/i0.wp.com\/eltrabajo.cl\/portal\/wp-content\/uploads\/2016\/10\/Bailes33.jpg?resize=228%2C150&amp;ssl=1 228w, https:\/\/i0.wp.com\/eltrabajo.cl\/portal\/wp-content\/uploads\/2016\/10\/Bailes33.jpg?resize=400%2C263&amp;ssl=1 400w\" sizes=\"auto, (max-width: 530px) 100vw, 530px\" \/><\/a><figcaption id=\"caption-attachment-74423\" class=\"wp-caption-text\">SIN BARRERAS.- No hay l\u00edmites para estas personas, a quienes por muchos a\u00f1os la sociedad les puso barreras para encontrar su autonom\u00eda mental, emocional y f\u00edsica.<\/figcaption><\/figure>\n<figure id=\"attachment_74424\" aria-describedby=\"caption-attachment-74424\" style=\"width: 530px\" class=\"wp-caption alignleft\"><a href=\"http:\/\/www.eltrabajo.cl\/portal\/con-bailes-celebran-en-la-plaza-de-armas-el-dia-de-la-salud-mental\/disca28\/\" rel=\"attachment wp-att-74424\"><img data-recalc-dims=\"1\" loading=\"lazy\" decoding=\"async\" class=\"size-full wp-image-74424\" src=\"https:\/\/i0.wp.com\/www.eltrabajo.cl\/portal\/wp-content\/uploads\/2016\/10\/Disca28.jpg?resize=530%2C350\" alt=\"UNA NUEVA MIRADA.- Usuarios y p\u00fablico en general, se unieron en esta celebraci\u00f3n especial coordinada por la Unco Discapacidad San Felipe.\" width=\"530\" height=\"350\" srcset=\"https:\/\/i0.wp.com\/eltrabajo.cl\/portal\/wp-content\/uploads\/2016\/10\/Disca28.jpg?w=530&amp;ssl=1 530w, https:\/\/i0.wp.com\/eltrabajo.cl\/portal\/wp-content\/uploads\/2016\/10\/Disca28.jpg?resize=200%2C132&amp;ssl=1 200w, https:\/\/i0.wp.com\/eltrabajo.cl\/portal\/wp-content\/uploads\/2016\/10\/Disca28.jpg?resize=300%2C198&amp;ssl=1 300w, https:\/\/i0.wp.com\/eltrabajo.cl\/portal\/wp-content\/uploads\/2016\/10\/Disca28.jpg?resize=227%2C150&amp;ssl=1 227w, https:\/\/i0.wp.com\/eltrabajo.cl\/portal\/wp-content\/uploads\/2016\/10\/Disca28.jpg?resize=400%2C264&amp;ssl=1 400w\" sizes=\"auto, (max-width: 530px) 100vw, 530px\" \/><\/a><figcaption id=\"caption-attachment-74424\" class=\"wp-caption-text\">UNA NUEVA MIRADA.- Usuarios y p\u00fablico en general, se unieron en esta celebraci\u00f3n especial coordinada por la Unco Discapacidad San Felipe.<\/figcaption><\/figure>\n","protected":false},"excerpt":{"rendered":"<p>Unco de Discapacidad de San Felipe con alegre iniciativa: Este fin de semana la Unco de la Discapacidad de San Felipe, realiz\u00f3 un sencillo pero significativo homenaje, a las personas con discapacidad&#8230;<\/p>\n","protected":false},"author":1,"featured_media":74424,"comment_status":"open","ping_status":"open","sticky":false,"template":"","format":"standard","meta":{"advanced_seo_description":"","jetpack_seo_html_title":"","jetpack_seo_noindex":false,"_jetpack_memberships_contains_paid_content":false,"footnotes":""},"categories":[15],"tags":[],"class_list":["post-74422","post","type-post","status-publish","format-standard","has-post-thumbnail","hentry","category-comunidad"],"jetpack_featured_media_url":"https:\/\/i0.wp.com\/eltrabajo.cl\/portal\/wp-content\/uploads\/2016\/10\/Disca28.jpg?fit=530%2C350&ssl=1","jetpack_sharing_enabled":true,"jetpack_likes_enabled":true,"jetpack-related-posts":[],"_links":{"self":[{"href":"https:\/\/eltrabajo.cl\/portal\/wp-json\/wp\/v2\/posts\/74422","targetHints":{"allow":["GET"]}}],"collection":[{"href":"https:\/\/eltrabajo.cl\/portal\/wp-json\/wp\/v2\/posts"}],"about":[{"href":"https:\/\/eltrabajo.cl\/portal\/wp-json\/wp\/v2\/types\/post"}],"author":[{"embeddable":true,"href":"https:\/\/eltrabajo.cl\/portal\/wp-json\/wp\/v2\/users\/1"}],"replies":[{"embeddable":true,"href":"https:\/\/eltrabajo.cl\/portal\/wp-json\/wp\/v2\/comments?post=74422"}],"version-history":[{"count":0,"href":"https:\/\/eltrabajo.cl\/portal\/wp-json\/wp\/v2\/posts\/74422\/revisions"}],"wp:featuredmedia":[{"embeddable":true,"href":"https:\/\/eltrabajo.cl\/portal\/wp-json\/wp\/v2\/media\/74424"}],"wp:attachment":[{"href":"https:\/\/eltrabajo.cl\/portal\/wp-json\/wp\/v2\/media?parent=74422"}],"wp:term":[{"taxonomy":"category","embeddable":true,"href":"https:\/\/eltrabajo.cl\/portal\/wp-json\/wp\/v2\/categories?post=74422"},{"taxonomy":"post_tag","embeddable":true,"href":"https:\/\/eltrabajo.cl\/portal\/wp-json\/wp\/v2\/tags?post=74422"}],"curies":[{"name":"wp","href":"https:\/\/api.w.org\/{rel}","templated":true}]}}