{"id":74437,"date":"2016-10-11T09:10:13","date_gmt":"2016-10-11T12:10:13","guid":{"rendered":"http:\/\/www.eltrabajo.cl\/portal\/?p=74437"},"modified":"2016-10-11T09:10:13","modified_gmt":"2016-10-11T12:10:13","slug":"duro-golpe-enfrentan-padres-guardadores-separados-de-su-hijo-de-6-anos","status":"publish","type":"post","link":"https:\/\/eltrabajo.cl\/portal\/duro-golpe-enfrentan-padres-guardadores-separados-de-su-hijo-de-6-anos\/","title":{"rendered":"Duro golpe enfrentan padres guardadores separados de su hijo de 6 a\u00f1os"},"content":{"rendered":"<ul>\n<li><strong><span style=\"color: #ff0000;\">Tribunal podr\u00eda dar en adopci\u00f3n al menor a otra familia:<\/span>\u00a0En un caos de proporciones se convirti\u00f3 este viernes la llegada del Sename que decidi\u00f3 retirar al ni\u00f1o de la familia de acogida, para entregarlo aparentemente en adopci\u00f3n a una persona en Arica. Pese a los cuestionamientos de los padres del menor, esta instituci\u00f3n respondi\u00f3 que ser\u00e1 la justicia quien determine el destino del infante que fue derivado moment\u00e1neamente hasta un centro de acogida en Limache.<\/strong><\/li>\n<\/ul>\n<p>Un verdadero calvario es el que cruzan los padres guardadores y familiares de un peque\u00f1o de seis a\u00f1os de edad, luego que a primeras horas de este viernes funcionarias del Servicio Nacional de Menores llegaron para llevarse al ni\u00f1o que resid\u00eda en la localidad de La Higuera en Santa Mar\u00eda, a ra\u00edz de una resoluci\u00f3n del Tribunal de Familia que ordenar\u00eda entregar al menor en adopci\u00f3n.<\/p>\n<figure id=\"attachment_74439\" aria-describedby=\"caption-attachment-74439\" style=\"width: 300px\" class=\"wp-caption alignleft\"><a href=\"http:\/\/www.eltrabajo.cl\/portal\/duro-golpe-enfrentan-padres-guardadores-separados-de-su-hijo-de-6-anos\/nachito-1\/\" rel=\"attachment wp-att-74439\"><img data-recalc-dims=\"1\" loading=\"lazy\" decoding=\"async\" class=\"wp-image-74439 size-medium\" src=\"https:\/\/i0.wp.com\/www.eltrabajo.cl\/portal\/wp-content\/uploads\/2016\/10\/NACHITO-1-300x198.jpg?resize=300%2C198\" alt=\"Nachito tiene s\u00f3lo 6 a\u00f1os de vida y desde que era beb\u00e9 sus padres guardadores lo han criado.\" width=\"300\" height=\"198\" srcset=\"https:\/\/i0.wp.com\/eltrabajo.cl\/portal\/wp-content\/uploads\/2016\/10\/NACHITO-1.jpg?resize=300%2C198&amp;ssl=1 300w, https:\/\/i0.wp.com\/eltrabajo.cl\/portal\/wp-content\/uploads\/2016\/10\/NACHITO-1.jpg?resize=200%2C132&amp;ssl=1 200w, https:\/\/i0.wp.com\/eltrabajo.cl\/portal\/wp-content\/uploads\/2016\/10\/NACHITO-1.jpg?resize=228%2C150&amp;ssl=1 228w, https:\/\/i0.wp.com\/eltrabajo.cl\/portal\/wp-content\/uploads\/2016\/10\/NACHITO-1.jpg?resize=400%2C263&amp;ssl=1 400w, https:\/\/i0.wp.com\/eltrabajo.cl\/portal\/wp-content\/uploads\/2016\/10\/NACHITO-1.jpg?w=530&amp;ssl=1 530w\" sizes=\"auto, (max-width: 300px) 100vw, 300px\" \/><\/a><figcaption id=\"caption-attachment-74439\" class=\"wp-caption-text\">Nachito tiene s\u00f3lo 6 a\u00f1os de vida y desde que era beb\u00e9 sus padres guardadores lo han criado.<\/figcaption><\/figure>\n<p>\u2018Nachito\u2019 fue criado por esta familia desde que ten\u00eda seis meses de vida, dando sus primeros pasos con sus padres de crianza, lo que gener\u00f3 un estrecho v\u00ednculo de amor y apego hacia el inocente menor. Por lo mismo, fue total el rechazo de la comunidad del sector al conocer el dictamen judicial, que se\u00f1ala que el infante podr\u00eda ser dado en adopci\u00f3n a una persona en la ciudad de Arica.<br \/>\nLa familia reclama que intentaron formalizar la adopci\u00f3n de este menor, pero aparentemente no se les habr\u00eda permitido por su calidad de guardadores, sin embargo con el correr de los a\u00f1os, la reacci\u00f3n de estos padres se convencieron que el ni\u00f1o seguir\u00eda a su cargo, luego que la instituci\u00f3n no los habr\u00eda contactado, como ellos aseguran.<\/p>\n<p><strong>EL CAOS<\/strong><br \/>\nEran las 8:00 horas de este viernes y el Sename lleg\u00f3 hasta la vivienda del menor con el objetivo de ser retirado de cualquier forma por unas funcionarias. La familia y gran parte de la localidad de La Higuera enfurecidas con la noticia, hicieron causa com\u00fan protestando con pancartas en las afueras de la vivienda, debiendo intervenir personal de Carabineros para intentar calmar los \u00e1nimos y el bloqueo con barricadas en el camino para impedir la salida del menor.<br \/>\nPasaban los minutos y los funcionarios policiales, al tomar contacto con el Tribunal de Familia, \u00e9ste orden\u00f3 que las funcionarias del Sename abandonaran el inmueble bajo resguardo policial, teniendo como fondo una comunidad enardecida por el rechazo hacia este Servicio. Hasta ah\u00ed la familia dio un respiro, pensando que todo hab\u00eda salido exitoso y el menor continuar\u00eda con ellos, recibiendo aplausos de todos los vecinos agolpados en el frontis del inmueble que aman a \u2018Nachito\u2019.<br \/>\nSin embargo, cuando ya los \u00e1nimos estaban calmos y todo parec\u00eda volver a la normalidad, el menor fue llevado esa misma ma\u00f1ana por funcionarios de Carabineros hasta el Tribunal de la Familia en San Felipe, en compa\u00f1\u00eda de sus padres guardadores, dando por efectiva la orden judicial, derivando al menor hasta un centro del Sename en la localidad de Limache, mientras se resolver\u00e1 el pr\u00f3ximo destino del peque\u00f1o, dejando a la familia guardadora completamente entristecida con la brutal separaci\u00f3n del peque\u00f1o ni\u00f1o.<\/p>\n<p><strong>SENAME RESPONDE<\/strong><br \/>\nComo es sabido por la opini\u00f3n p\u00fablica, esta instituci\u00f3n enfrenta una crisis tras darse a conocer la tr\u00e1gica muerte de 210 ni\u00f1os y adolescentes en hogares del Sename durante los \u00faltimos once a\u00f1os. Sin embargo, la instituci\u00f3n argumenta a trav\u00e9s de una declaraci\u00f3n p\u00fablica, que la decisi\u00f3n de retirar al menor obedece netamente a una resoluci\u00f3n del Tribunal de Familia y ser\u00e1 la justicia quien determine su adopci\u00f3n.<br \/>\n\u201cDurante el periodo en que el ni\u00f1o estuvo en el sistema de acogida, por orden de un tribunal de familia, se mantuvo un di\u00e1logo claro y responsable con los adultos que lo ten\u00edan a su cargo, quienes durante el proceso se mostraron receptivos y colaboradores, entendiendo que en alg\u00fan momento el ni\u00f1o se ir\u00eda con una familia definitiva\u201d. Un punto del cual los padres sustitutos niegan que esto haya ocurrido durante estos a\u00f1os como guardadores.<br \/>\nEl oficio puntualiz\u00f3 adem\u00e1s que en el Sename \u201cno existe ning\u00fan registro ni comunicaci\u00f3n de la familia de acogida donde hayan manifestado su impedimento para entregar al ni\u00f1o a una familia adoptiva. Tampoco hay registros de que hayan tenido inter\u00e9s en adoptarlo. La decisi\u00f3n de retirar al ni\u00f1o de la familia de acogida para entregarlo a una familia adoptiva es emanada del Tribunal de Familia. Es la justicia la que determina su adopci\u00f3n, cuyos detalles son reservados de acuerdo a la ley 19.620\u201d.<br \/>\nLa declaraci\u00f3n p\u00fablica concluy\u00f3 informando que \u201cTanto el Programa de Familias de Acogida Aconcagua (perteneciente a la ONG de Desarrollo Centro de Atenci\u00f3n Comunitaria al Joven) como el Sename est\u00e1n obligados a cumplir lo ordenado por el tribunal de familia. Sename reconoce la importante labor que realizan miles de familias de acogida en todo el pa\u00eds y valora la protecci\u00f3n que les brindan a ni\u00f1as y ni\u00f1os que est\u00e1n transitoriamente bajo su cuidado\u201d.<\/p>\n<p><strong>COMUNIDAD PROTESTA<\/strong><br \/>\nTras la resoluci\u00f3n del Tribunal de Familia de separar al menor de sus padres guardadores, para ser conducido hasta un Centro de Menores en Limache y determinar la situaci\u00f3n del ni\u00f1o en una pr\u00f3xima audiencia, la comunidad nuevamente sali\u00f3 a protestar en caravana junto a vecinos, familiares y cercanos movilizados y con pancartas alusivas a \u2018Nachito\u2019 desde el sector La Higuera en Santa Mar\u00eda, para desplazarse por el centro de San Felipe exigiendo que Nachito permanezca junto a sus padres de crianza y lograr concretar su adopci\u00f3n definitiva.<br \/>\nDurante el largo fin de semana, estas actividades se replicaron por distintos puntos llegando incluso hacer eco en las redes sociales con la creaci\u00f3n de grupos en Facebook, exigiendo a las autoridades que el menor pueda regresar con su familia guardadora y poder ser adoptado por quienes lo criaron desde sus primeros meses de vida.<br \/>\n<strong>Pablo Salinas Sald\u00edas<\/strong><\/p>\n<figure id=\"attachment_74438\" aria-describedby=\"caption-attachment-74438\" style=\"width: 530px\" class=\"wp-caption alignleft\"><a href=\"http:\/\/www.eltrabajo.cl\/portal\/duro-golpe-enfrentan-padres-guardadores-separados-de-su-hijo-de-6-anos\/caravanas\/\" rel=\"attachment wp-att-74438\"><img data-recalc-dims=\"1\" loading=\"lazy\" decoding=\"async\" class=\"size-full wp-image-74438\" src=\"https:\/\/i0.wp.com\/www.eltrabajo.cl\/portal\/wp-content\/uploads\/2016\/10\/CARAVANAS.jpg?resize=530%2C349\" alt=\"Las caravanas cruzaron por distintos puntos de la provincia de San Felipe para exigir que el menor pueda regresar con sus padres guardadores.\" width=\"530\" height=\"349\" srcset=\"https:\/\/i0.wp.com\/eltrabajo.cl\/portal\/wp-content\/uploads\/2016\/10\/CARAVANAS.jpg?w=530&amp;ssl=1 530w, https:\/\/i0.wp.com\/eltrabajo.cl\/portal\/wp-content\/uploads\/2016\/10\/CARAVANAS.jpg?resize=200%2C132&amp;ssl=1 200w, https:\/\/i0.wp.com\/eltrabajo.cl\/portal\/wp-content\/uploads\/2016\/10\/CARAVANAS.jpg?resize=300%2C198&amp;ssl=1 300w, https:\/\/i0.wp.com\/eltrabajo.cl\/portal\/wp-content\/uploads\/2016\/10\/CARAVANAS.jpg?resize=228%2C150&amp;ssl=1 228w, https:\/\/i0.wp.com\/eltrabajo.cl\/portal\/wp-content\/uploads\/2016\/10\/CARAVANAS.jpg?resize=400%2C263&amp;ssl=1 400w\" sizes=\"auto, (max-width: 530px) 100vw, 530px\" \/><\/a><figcaption id=\"caption-attachment-74438\" class=\"wp-caption-text\">Las caravanas cruzaron por distintos puntos de la provincia de San Felipe para exigir que el menor pueda regresar con sus padres guardadores.<\/figcaption><\/figure>\n<figure id=\"attachment_74440\" aria-describedby=\"caption-attachment-74440\" style=\"width: 530px\" class=\"wp-caption alignleft\"><a href=\"http:\/\/www.eltrabajo.cl\/portal\/duro-golpe-enfrentan-padres-guardadores-separados-de-su-hijo-de-6-anos\/todos-con-nachito\/\" rel=\"attachment wp-att-74440\"><img data-recalc-dims=\"1\" loading=\"lazy\" decoding=\"async\" class=\"size-full wp-image-74440\" src=\"https:\/\/i0.wp.com\/www.eltrabajo.cl\/portal\/wp-content\/uploads\/2016\/10\/TODOS-CON-NACHITO.jpg?resize=530%2C350\" alt=\"El F\u00fatbol amateur Santa Rosa de Las Cabras y el Club Almendral Alto dedicaron un espacio en apoyo al menor. \" width=\"530\" height=\"350\" srcset=\"https:\/\/i0.wp.com\/eltrabajo.cl\/portal\/wp-content\/uploads\/2016\/10\/TODOS-CON-NACHITO.jpg?w=530&amp;ssl=1 530w, https:\/\/i0.wp.com\/eltrabajo.cl\/portal\/wp-content\/uploads\/2016\/10\/TODOS-CON-NACHITO.jpg?resize=200%2C132&amp;ssl=1 200w, https:\/\/i0.wp.com\/eltrabajo.cl\/portal\/wp-content\/uploads\/2016\/10\/TODOS-CON-NACHITO.jpg?resize=300%2C198&amp;ssl=1 300w, https:\/\/i0.wp.com\/eltrabajo.cl\/portal\/wp-content\/uploads\/2016\/10\/TODOS-CON-NACHITO.jpg?resize=227%2C150&amp;ssl=1 227w, https:\/\/i0.wp.com\/eltrabajo.cl\/portal\/wp-content\/uploads\/2016\/10\/TODOS-CON-NACHITO.jpg?resize=400%2C264&amp;ssl=1 400w\" sizes=\"auto, (max-width: 530px) 100vw, 530px\" \/><\/a><figcaption id=\"caption-attachment-74440\" class=\"wp-caption-text\">El F\u00fatbol amateur Santa Rosa de Las Cabras y el Club Almendral Alto dedicaron un espacio en apoyo al menor.<\/figcaption><\/figure>\n<figure id=\"attachment_74441\" aria-describedby=\"caption-attachment-74441\" style=\"width: 530px\" class=\"wp-caption alignleft\"><a href=\"http:\/\/www.eltrabajo.cl\/portal\/duro-golpe-enfrentan-padres-guardadores-separados-de-su-hijo-de-6-anos\/vecinos\/\" rel=\"attachment wp-att-74441\"><img data-recalc-dims=\"1\" loading=\"lazy\" decoding=\"async\" class=\"size-full wp-image-74441\" src=\"https:\/\/i0.wp.com\/www.eltrabajo.cl\/portal\/wp-content\/uploads\/2016\/10\/VECINOS.jpg?resize=530%2C350\" alt=\"Los vecinos de la comunidad La Higuera en Santa Mar\u00eda, protestaron en las afueras de la vivienda donde reside el menor.\" width=\"530\" height=\"350\" srcset=\"https:\/\/i0.wp.com\/eltrabajo.cl\/portal\/wp-content\/uploads\/2016\/10\/VECINOS.jpg?w=530&amp;ssl=1 530w, https:\/\/i0.wp.com\/eltrabajo.cl\/portal\/wp-content\/uploads\/2016\/10\/VECINOS.jpg?resize=200%2C132&amp;ssl=1 200w, https:\/\/i0.wp.com\/eltrabajo.cl\/portal\/wp-content\/uploads\/2016\/10\/VECINOS.jpg?resize=300%2C198&amp;ssl=1 300w, https:\/\/i0.wp.com\/eltrabajo.cl\/portal\/wp-content\/uploads\/2016\/10\/VECINOS.jpg?resize=227%2C150&amp;ssl=1 227w, https:\/\/i0.wp.com\/eltrabajo.cl\/portal\/wp-content\/uploads\/2016\/10\/VECINOS.jpg?resize=400%2C264&amp;ssl=1 400w\" sizes=\"auto, (max-width: 530px) 100vw, 530px\" \/><\/a><figcaption id=\"caption-attachment-74441\" class=\"wp-caption-text\">Los vecinos de la comunidad La Higuera en Santa Mar\u00eda, protestaron en las afueras de la vivienda donde reside el menor.<\/figcaption><\/figure>\n","protected":false},"excerpt":{"rendered":"<p>Tribunal podr\u00eda dar en adopci\u00f3n al menor a otra familia:\u00a0En un caos de proporciones se convirti\u00f3 este viernes la llegada del Sename que decidi\u00f3 retirar al ni\u00f1o de la familia de acogida,&#8230;<\/p>\n","protected":false},"author":1,"featured_media":74440,"comment_status":"open","ping_status":"open","sticky":false,"template":"","format":"standard","meta":{"advanced_seo_description":"","jetpack_seo_html_title":"","jetpack_seo_noindex":false,"_jetpack_memberships_contains_paid_content":false,"footnotes":""},"categories":[15],"tags":[],"class_list":["post-74437","post","type-post","status-publish","format-standard","has-post-thumbnail","hentry","category-comunidad"],"jetpack_featured_media_url":"https:\/\/i0.wp.com\/eltrabajo.cl\/portal\/wp-content\/uploads\/2016\/10\/TODOS-CON-NACHITO.jpg?fit=530%2C350&ssl=1","jetpack_sharing_enabled":true,"jetpack_likes_enabled":true,"jetpack-related-posts":[],"_links":{"self":[{"href":"https:\/\/eltrabajo.cl\/portal\/wp-json\/wp\/v2\/posts\/74437","targetHints":{"allow":["GET"]}}],"collection":[{"href":"https:\/\/eltrabajo.cl\/portal\/wp-json\/wp\/v2\/posts"}],"about":[{"href":"https:\/\/eltrabajo.cl\/portal\/wp-json\/wp\/v2\/types\/post"}],"author":[{"embeddable":true,"href":"https:\/\/eltrabajo.cl\/portal\/wp-json\/wp\/v2\/users\/1"}],"replies":[{"embeddable":true,"href":"https:\/\/eltrabajo.cl\/portal\/wp-json\/wp\/v2\/comments?post=74437"}],"version-history":[{"count":0,"href":"https:\/\/eltrabajo.cl\/portal\/wp-json\/wp\/v2\/posts\/74437\/revisions"}],"wp:featuredmedia":[{"embeddable":true,"href":"https:\/\/eltrabajo.cl\/portal\/wp-json\/wp\/v2\/media\/74440"}],"wp:attachment":[{"href":"https:\/\/eltrabajo.cl\/portal\/wp-json\/wp\/v2\/media?parent=74437"}],"wp:term":[{"taxonomy":"category","embeddable":true,"href":"https:\/\/eltrabajo.cl\/portal\/wp-json\/wp\/v2\/categories?post=74437"},{"taxonomy":"post_tag","embeddable":true,"href":"https:\/\/eltrabajo.cl\/portal\/wp-json\/wp\/v2\/tags?post=74437"}],"curies":[{"name":"wp","href":"https:\/\/api.w.org\/{rel}","templated":true}]}}