{"id":74455,"date":"2016-10-12T09:08:39","date_gmt":"2016-10-12T12:08:39","guid":{"rendered":"http:\/\/www.eltrabajo.cl\/portal\/?p=74455"},"modified":"2016-10-12T09:09:20","modified_gmt":"2016-10-12T12:09:20","slug":"actividad-de-difusion-sobre-buen-uso-servicio-urgencias-en-cesfam-el-real","status":"publish","type":"post","link":"https:\/\/eltrabajo.cl\/portal\/actividad-de-difusion-sobre-buen-uso-servicio-urgencias-en-cesfam-el-real\/","title":{"rendered":"Actividad de difusi\u00f3n\u00a0sobre buen uso Servicio Urgencias en Cesfam El Real"},"content":{"rendered":"<ul>\n<li><strong><span style=\"color: #ff0000;\">Escuela Comunitaria reuni\u00f3 a dirigentes de distintos establecimientos de salud:<\/span>\u00a0La idea es que los usuarios aprendan a utilizar otros dispositivos m\u00e9dicos, cuando sus afecciones o dolencias no ponen en riesgo sus vidas.<\/strong><\/li>\n<\/ul>\n<p>Con el prop\u00f3sito de descongestionar el Servicio de Urgencias del Hospital San Camilo, los distintos l\u00edderes de la Escuela Comunitaria de los diferentes establecimientos de salud de la comuna de San Felipe, realizaron una actividad de difusi\u00f3n respecto de c\u00f3mo funciona el sistema de categorizaci\u00f3n, haciendo un llamado a los usuarios y usuarias que no presentan un estado cr\u00edtico, a utilizar los otros dispositivos de atenci\u00f3n disponibles.<br \/>\nA s\u00ed lo dio a conocer Mar\u00eda Alicia Morales, presidenta del Consejo de Salud del Cesfam San Felipe El Real, quien relat\u00f3 que \u00abnosotros elegimos la categorizaci\u00f3n porque a las monitoras de salud y al consejo mismo, est\u00e1n llegando muchos reclamos de pacientes que no se alcanzan a atender, siendo las 3 o 4 de la ma\u00f1ana no logran atenderse y eso es porque llega mucho enfermo que debiera recurrir a los Sapu o a los consultorios, pero como no conocen bien la categorizaci\u00f3n van directamente a urgencias\u00bb, puntualiz\u00f3 Morales.<br \/>\nDe acuerdo con el procedimiento, el sistema de Categorizaci\u00f3n de Urgencias, sirve para atender a los pacientes por orden de gravedad y no de llegada, de esta forma se puede identificar r\u00e1pidamente a los pacientes en situaci\u00f3n de riesgo vital, asegurando as\u00ed, una atenci\u00f3n justa, acorde con la condici\u00f3n cl\u00ednica de los pacientes<br \/>\nSeg\u00fan Morales, precisamente aquellos pacientes que llegan en busca de atenci\u00f3n a Urgencias del HSC, sin presentar signos vitales que pongan de manifiesto la gravedad de su afecci\u00f3n, son los que terminan esperando m\u00e1s de la cuenta y entorpeciendo un sistema que debe ser expedito para aquellas personas que s\u00ed presentan un estado grave.<br \/>\n\u00abSe ha estado comprobando que a Urgencias llegan personas que tienen resfr\u00edos graves, que ellos consideran que es para ir a Urgencias, cuando realmente deben sacar n\u00famero para el Sapu o en el Consultorio y sin embargo, est\u00e1n llenando y colapsando el servicio de Urgencias\u00bb, apunt\u00f3 la monitora de Salud<br \/>\nSeg\u00fan el estado de cada paciente, la clasificaci\u00f3n de cada uno puede realizarse en torno a 5 categor\u00edas: C1, para aquellos pacientes con gravedad extrema, que necesitan atenci\u00f3n inmediata, sin espera (paro cardiorespiratorio, politraumatismos, quemaduras grandes), C2, pacientes con gravedad severa, que necesitan atenci\u00f3n mediata, la cual, espera que se puede extender por hasta 30 minutos, requiere valoraci\u00f3n m\u00e9dica r\u00e1pida (casos de hemorragias de embarazo y da\u00f1os que puedan provocar secuelas), C3 personas con gravedad mediana cuya espera puede llegar a los 90 minutos (heridas con hemorragia activa, C4 Gravedad Leve con atenci\u00f3n diferida cuya atenci\u00f3n debiera hacerse en el Sapu m\u00e1s cercano, de lo contrario, en el servicio de Urgencias podr\u00eda llegar a las 3 horas, mismo caso de los pacientes clasificados en C5 de gravedad no pertinente, atenci\u00f3n tard\u00eda que se podr\u00eda extender entre 2 a 4 horas. La recomendaci\u00f3n es que estos pacientes acudan al Cesfam m\u00e1s cercano (resfr\u00edo com\u00fan, dolor de espalda, infecci\u00f3n urinaria, o\u00eddos tapados, etc.)<br \/>\nLa actividad de difusi\u00f3n \u2018Categorizaci\u00f3n de Urgencia\u2019, fue realizada por l\u00edderes de la Escuela Comunitaria del Cesfam San Felipe El Real, Hospital San Camilo, Cesfam Segismundo Iturra, Cecosf Hugo Cornelissen, en la cual, se entreg\u00f3 informaci\u00f3n a trav\u00e9s de paneles, folleter\u00eda y conversando con los usuarios, quienes se mostraron muy receptivos de los contenidos entregados.<\/p>\n<figure id=\"attachment_74456\" aria-describedby=\"caption-attachment-74456\" style=\"width: 530px\" class=\"wp-caption alignleft\"><a href=\"http:\/\/www.eltrabajo.cl\/portal\/actividad-de-difusion-sobre-buen-uso-servicio-urgencias-en-cesfam-el-real\/usuarios-cesfam-el-real\/\" rel=\"attachment wp-att-74456\"><img data-recalc-dims=\"1\" loading=\"lazy\" decoding=\"async\" class=\"size-full wp-image-74456\" src=\"https:\/\/i0.wp.com\/www.eltrabajo.cl\/portal\/wp-content\/uploads\/2016\/10\/Usuarios-cesfam-el-real.jpg?resize=530%2C349\" alt=\"Usuarios del Cesfam San Felipe el Real, recibieron informaci\u00f3n respecto de c\u00f3mo funciona el sistema de categorizaci\u00f3n en el servicio de Urgencias del Hospital San Camilo.\" width=\"530\" height=\"349\" srcset=\"https:\/\/i0.wp.com\/eltrabajo.cl\/portal\/wp-content\/uploads\/2016\/10\/Usuarios-cesfam-el-real.jpg?w=530&amp;ssl=1 530w, https:\/\/i0.wp.com\/eltrabajo.cl\/portal\/wp-content\/uploads\/2016\/10\/Usuarios-cesfam-el-real.jpg?resize=200%2C132&amp;ssl=1 200w, https:\/\/i0.wp.com\/eltrabajo.cl\/portal\/wp-content\/uploads\/2016\/10\/Usuarios-cesfam-el-real.jpg?resize=300%2C198&amp;ssl=1 300w, https:\/\/i0.wp.com\/eltrabajo.cl\/portal\/wp-content\/uploads\/2016\/10\/Usuarios-cesfam-el-real.jpg?resize=228%2C150&amp;ssl=1 228w, https:\/\/i0.wp.com\/eltrabajo.cl\/portal\/wp-content\/uploads\/2016\/10\/Usuarios-cesfam-el-real.jpg?resize=400%2C263&amp;ssl=1 400w\" sizes=\"auto, (max-width: 530px) 100vw, 530px\" \/><\/a><figcaption id=\"caption-attachment-74456\" class=\"wp-caption-text\">Usuarios del Cesfam San Felipe el Real, recibieron informaci\u00f3n respecto de c\u00f3mo funciona el sistema de categorizaci\u00f3n en el servicio de Urgencias del Hospital San Camilo.<\/figcaption><\/figure>\n","protected":false},"excerpt":{"rendered":"<p>Escuela Comunitaria reuni\u00f3 a dirigentes de distintos establecimientos de salud:\u00a0La idea es que los usuarios aprendan a utilizar otros dispositivos m\u00e9dicos, cuando sus afecciones o dolencias no ponen en riesgo sus vidas&#8230;.<\/p>\n","protected":false},"author":1,"featured_media":74456,"comment_status":"open","ping_status":"open","sticky":false,"template":"","format":"standard","meta":{"advanced_seo_description":"","jetpack_seo_html_title":"","jetpack_seo_noindex":false,"_jetpack_memberships_contains_paid_content":false,"footnotes":""},"categories":[1],"tags":[],"class_list":["post-74455","post","type-post","status-publish","format-standard","has-post-thumbnail","hentry","category-cronica"],"jetpack_featured_media_url":"https:\/\/i0.wp.com\/eltrabajo.cl\/portal\/wp-content\/uploads\/2016\/10\/Usuarios-cesfam-el-real.jpg?fit=530%2C349&ssl=1","jetpack_sharing_enabled":true,"jetpack_likes_enabled":true,"jetpack-related-posts":[],"_links":{"self":[{"href":"https:\/\/eltrabajo.cl\/portal\/wp-json\/wp\/v2\/posts\/74455","targetHints":{"allow":["GET"]}}],"collection":[{"href":"https:\/\/eltrabajo.cl\/portal\/wp-json\/wp\/v2\/posts"}],"about":[{"href":"https:\/\/eltrabajo.cl\/portal\/wp-json\/wp\/v2\/types\/post"}],"author":[{"embeddable":true,"href":"https:\/\/eltrabajo.cl\/portal\/wp-json\/wp\/v2\/users\/1"}],"replies":[{"embeddable":true,"href":"https:\/\/eltrabajo.cl\/portal\/wp-json\/wp\/v2\/comments?post=74455"}],"version-history":[{"count":0,"href":"https:\/\/eltrabajo.cl\/portal\/wp-json\/wp\/v2\/posts\/74455\/revisions"}],"wp:featuredmedia":[{"embeddable":true,"href":"https:\/\/eltrabajo.cl\/portal\/wp-json\/wp\/v2\/media\/74456"}],"wp:attachment":[{"href":"https:\/\/eltrabajo.cl\/portal\/wp-json\/wp\/v2\/media?parent=74455"}],"wp:term":[{"taxonomy":"category","embeddable":true,"href":"https:\/\/eltrabajo.cl\/portal\/wp-json\/wp\/v2\/categories?post=74455"},{"taxonomy":"post_tag","embeddable":true,"href":"https:\/\/eltrabajo.cl\/portal\/wp-json\/wp\/v2\/tags?post=74455"}],"curies":[{"name":"wp","href":"https:\/\/api.w.org\/{rel}","templated":true}]}}