{"id":74469,"date":"2016-10-12T09:25:03","date_gmt":"2016-10-12T12:25:03","guid":{"rendered":"http:\/\/www.eltrabajo.cl\/portal\/?p=74469"},"modified":"2016-10-12T09:25:03","modified_gmt":"2016-10-12T12:25:03","slug":"municipio-no-esta-de-acuerdo-con-planta-de-revision-tecnica-en-encon","status":"publish","type":"post","link":"https:\/\/eltrabajo.cl\/portal\/municipio-no-esta-de-acuerdo-con-planta-de-revision-tecnica-en-encon\/","title":{"rendered":"Municipio no est\u00e1 de acuerdo con Planta de Revisi\u00f3n T\u00e9cnica en Enc\u00f3n"},"content":{"rendered":"<ul>\n<li><strong><span style=\"color: #ff0000;\">Asegur\u00f3 Jorge Jara, alcalde administrativo de San Felipe:<\/span>\u00a0Pese a que la Direcci\u00f3n de Obras entreg\u00f3 certificado de edificaci\u00f3n, \u00e9ste al ser un requerimiento t\u00e9cnico, no est\u00e1 relacionado con la postura de la autoridad comunal, quien ya puso en conocimiento de Vialidad, sus aprehensiones sobre el proyecto y espera poder hacerlo pr\u00f3ximamente ante el Seremi de Transportes en Valpara\u00edso.<\/strong><\/li>\n<\/ul>\n<figure id=\"attachment_74470\" aria-describedby=\"caption-attachment-74470\" style=\"width: 300px\" class=\"wp-caption alignleft\"><a href=\"http:\/\/www.eltrabajo.cl\/portal\/municipio-no-esta-de-acuerdo-con-planta-de-revision-tecnica-en-encon\/jorge-jara-18\/\" rel=\"attachment wp-att-74470\"><img data-recalc-dims=\"1\" loading=\"lazy\" decoding=\"async\" class=\"size-medium wp-image-74470\" src=\"https:\/\/i0.wp.com\/www.eltrabajo.cl\/portal\/wp-content\/uploads\/2016\/10\/JORGE-JARA-300x198.jpg?resize=300%2C198\" alt=\"Alcalde subrogante de San Felipe, Jorge Jara Catal\u00e1n.\" width=\"300\" height=\"198\" srcset=\"https:\/\/i0.wp.com\/eltrabajo.cl\/portal\/wp-content\/uploads\/2016\/10\/JORGE-JARA.jpg?resize=300%2C198&amp;ssl=1 300w, https:\/\/i0.wp.com\/eltrabajo.cl\/portal\/wp-content\/uploads\/2016\/10\/JORGE-JARA.jpg?resize=200%2C132&amp;ssl=1 200w, https:\/\/i0.wp.com\/eltrabajo.cl\/portal\/wp-content\/uploads\/2016\/10\/JORGE-JARA.jpg?resize=228%2C150&amp;ssl=1 228w, https:\/\/i0.wp.com\/eltrabajo.cl\/portal\/wp-content\/uploads\/2016\/10\/JORGE-JARA.jpg?resize=400%2C263&amp;ssl=1 400w, https:\/\/i0.wp.com\/eltrabajo.cl\/portal\/wp-content\/uploads\/2016\/10\/JORGE-JARA.jpg?w=530&amp;ssl=1 530w\" sizes=\"auto, (max-width: 300px) 100vw, 300px\" \/><\/a><figcaption id=\"caption-attachment-74470\" class=\"wp-caption-text\">Alcalde subrogante de San Felipe, Jorge Jara Catal\u00e1n.<\/figcaption><\/figure>\n<p>El alcalde subrogante de San Felipe, Jorge Jara, dio a conocer cu\u00e1l es la postura del municipio sanfelipe\u00f1o respecto de la eventual construcci\u00f3n de una planta de Revisi\u00f3n T\u00e9cnica en avenida Enc\u00f3n, aclarando que, no son el ente mandante en el proyecto, y que tienen diversas aprehensiones en torno a su ejecuci\u00f3n.<br \/>\nDe acuerdo a lo manifestado por Jara, la postura del municipio sanfelipe\u00f1o es contraria a la materializaci\u00f3n de esta obra, debido a m\u00faltiples factores, entre los que destaca el impacto vial que generar\u00e1 en ese sector de la comuna. En ese contexto el alcalde (s) manifest\u00f3 que \u201ccreemos que no es el mejor lugar para instalar una planta de Revisi\u00f3n T\u00e9cnica, porque la calle Enc\u00f3n es antigua, estrecha, con una alta congesti\u00f3n vehicular, adem\u00e1s el lugar donde se pretende instalar, est\u00e1 inmediatamente al lado de un conjunto habitacional muy populoso como son los departamentos Enc\u00f3n, en consecuencia sentimos que no es el mejor lugar para desarrollar un proyecto de estas caracter\u00edsticas\u201d, argument\u00f3 el abogado.<br \/>\nEn su condici\u00f3n de abogado y asesor jur\u00eddico de la administraci\u00f3n municipal de Patricio Freire, Jara afirm\u00f3 que en este caso la Municipalidad de San Felipe, s\u00f3lo cumple un rol t\u00e9cnico a trav\u00e9s de su Direcci\u00f3n de Obras, donde su director est\u00e1 obligado a entregar un permiso de edificaci\u00f3n si es que el particular cumple con los requisitos necesarios, de lo contrario, habr\u00eda incurrido en una situaci\u00f3n arbitraria o ilegal que lo habr\u00eda expuesto a \u00e9l y al municipio a un proceso judicial.<br \/>\n\u201cEsta es una licitaci\u00f3n p\u00fablica, que la convoca, la administraci\u00f3n y la resuelve la Secretar\u00eda Regional Ministerial de Transportes, no es la Municipalidad de San Felipe. En qu\u00e9 ha participado el municipio; entre los antecedentes que se le piden a los oferentes en esa licitaci\u00f3n, est\u00e1 un permiso de edificaci\u00f3n en un terreno comprometido para esta finalidad, y lo que hizo nuestra Direcci\u00f3n de Obras es otorgar ese permiso, cuesti\u00f3n a la que no se pod\u00eda negar, porque el Director de Obras debe responder t\u00e9cnicamente y no de otra forma a este requerimiento \u201c, explic\u00f3 Jara.<br \/>\nPese a esto, el edil administrativo, aclar\u00f3 que el municipio sanfelipe\u00f1o ha resuelto tomar diversas acciones para poner sobre la mesa su opini\u00f3n respecto a este tema. Seg\u00fan Jara, luego de conversar con el gobernador provincial Eduardo Le\u00f3n, se hab\u00eda concretado una reuni\u00f3n con el seremi de Transportes en Valpara\u00edso, sin embargo, por compromisos anteriormente adquiridos por la autoridad gubernamental, la cita qued\u00f3 pospuesta para una fecha que a\u00fan no ha sido definida.<br \/>\n\u201cNosotros quisi\u00e9ramos que ah\u00ed se aplicara una serie de restricciones porque esa ruta no cuenta con el ancho adecuado, ni las pistas de desaceleraci\u00f3n, en fin, se va a provocar un atochamiento en ese lugar, que va a generar un empobrecimiento de la calidad de vida de los vecinos y eso es un dato objetivo (\u2026) ahora, esa carretera que une San Felipe y Putaendo, no es una ruta que est\u00e9 bajo nuestra administraci\u00f3n, al ser una v\u00eda intercomunal, est\u00e1 bajo la administraci\u00f3n de la direcci\u00f3n provincial de Vialidad y en ese sentido nos reunimos hace unas semanas con la directora provincial de este estamento, junto con el gobernador y algunos profesionales de la Municipalidad para hacerle saber nuestras aprehensiones, hab\u00edamos pedido una audiencia por orden del presidente del Concejo Municipal don Rodolfo Silva y el viernes nos avisaron que por compromisos del seremi en el Ministerio la ha suspendido\u201d, acot\u00f3 Jara.<br \/>\nMientras tanto, Jara apunt\u00f3 que se est\u00e1 haciendo una revisi\u00f3n exhaustiva a las bases de la licitaci\u00f3n para ver si hay alguna situaci\u00f3n irregular que sea motivo de la presentaci\u00f3n de un Recurso de Protecci\u00f3n, an\u00e1lisis que debiera quedar resuelto dentro de esta semana.<br \/>\nJunto con se\u00f1alar que este tipo de proyectos no est\u00e1n sujetos a un estudio de impacto ambiental y que la normativa vigente exije que este tipo de actividad comercial se desarrolle dentro del plano Urbano de las distintas comunas, Jara advirti\u00f3 que los actuales trabajos que se realizan en el lugar se efect\u00faan bajo la responsabilidad del propietario, pues a\u00fan no existe autorizaci\u00f3n de funcionamiento por parte de la Serem\u00eda de Transportes.<br \/>\n\u201cLa licitaci\u00f3n no est\u00e1 resuelta en el sentido de otorgar la autorizaci\u00f3n, ellos tienen que salvar una serie de condiciones y observaciones, mientras tanto est\u00e1n avanzando en obras que puedan considerar adecuadas, pero no existe a\u00fan autorizaci\u00f3n para su funcionamiento\u201d, concluy\u00f3 la autoridad municipal.<\/p>\n<figure id=\"attachment_74472\" aria-describedby=\"caption-attachment-74472\" style=\"width: 530px\" class=\"wp-caption alignleft\"><a href=\"http:\/\/www.eltrabajo.cl\/portal\/municipio-no-esta-de-acuerdo-con-planta-de-revision-tecnica-en-encon\/encon-4\/\" rel=\"attachment wp-att-74472\"><img data-recalc-dims=\"1\" loading=\"lazy\" decoding=\"async\" class=\"size-full wp-image-74472\" src=\"https:\/\/i0.wp.com\/www.eltrabajo.cl\/portal\/wp-content\/uploads\/2016\/10\/encon.jpg?resize=530%2C350\" alt=\"Enc\u00f3n es una arteria altamente congestionada por el intenso tr\u00e1fico que registra, lo que se ver\u00eda agravado con la planta de prosperar el proyecto privado.\" width=\"530\" height=\"350\" srcset=\"https:\/\/i0.wp.com\/eltrabajo.cl\/portal\/wp-content\/uploads\/2016\/10\/encon.jpg?w=530&amp;ssl=1 530w, https:\/\/i0.wp.com\/eltrabajo.cl\/portal\/wp-content\/uploads\/2016\/10\/encon.jpg?resize=200%2C132&amp;ssl=1 200w, https:\/\/i0.wp.com\/eltrabajo.cl\/portal\/wp-content\/uploads\/2016\/10\/encon.jpg?resize=300%2C198&amp;ssl=1 300w, https:\/\/i0.wp.com\/eltrabajo.cl\/portal\/wp-content\/uploads\/2016\/10\/encon.jpg?resize=227%2C150&amp;ssl=1 227w, https:\/\/i0.wp.com\/eltrabajo.cl\/portal\/wp-content\/uploads\/2016\/10\/encon.jpg?resize=400%2C264&amp;ssl=1 400w\" sizes=\"auto, (max-width: 530px) 100vw, 530px\" \/><\/a><figcaption id=\"caption-attachment-74472\" class=\"wp-caption-text\">Enc\u00f3n es una arteria altamente congestionada por el intenso tr\u00e1fico que registra, lo que se ver\u00eda agravado con la planta de prosperar el proyecto privado.<\/figcaption><\/figure>\n","protected":false},"excerpt":{"rendered":"<p>Asegur\u00f3 Jorge Jara, alcalde administrativo de San Felipe:\u00a0Pese a que la Direcci\u00f3n de Obras entreg\u00f3 certificado de edificaci\u00f3n, \u00e9ste al ser un requerimiento t\u00e9cnico, no est\u00e1 relacionado con la postura de la&#8230;<\/p>\n","protected":false},"author":1,"featured_media":74472,"comment_status":"open","ping_status":"open","sticky":false,"template":"","format":"standard","meta":{"advanced_seo_description":"","jetpack_seo_html_title":"","jetpack_seo_noindex":false,"_jetpack_memberships_contains_paid_content":false,"footnotes":""},"categories":[1],"tags":[],"class_list":["post-74469","post","type-post","status-publish","format-standard","has-post-thumbnail","hentry","category-cronica"],"jetpack_featured_media_url":"https:\/\/i0.wp.com\/eltrabajo.cl\/portal\/wp-content\/uploads\/2016\/10\/encon.jpg?fit=530%2C350&ssl=1","jetpack_sharing_enabled":true,"jetpack_likes_enabled":true,"jetpack-related-posts":[],"_links":{"self":[{"href":"https:\/\/eltrabajo.cl\/portal\/wp-json\/wp\/v2\/posts\/74469","targetHints":{"allow":["GET"]}}],"collection":[{"href":"https:\/\/eltrabajo.cl\/portal\/wp-json\/wp\/v2\/posts"}],"about":[{"href":"https:\/\/eltrabajo.cl\/portal\/wp-json\/wp\/v2\/types\/post"}],"author":[{"embeddable":true,"href":"https:\/\/eltrabajo.cl\/portal\/wp-json\/wp\/v2\/users\/1"}],"replies":[{"embeddable":true,"href":"https:\/\/eltrabajo.cl\/portal\/wp-json\/wp\/v2\/comments?post=74469"}],"version-history":[{"count":0,"href":"https:\/\/eltrabajo.cl\/portal\/wp-json\/wp\/v2\/posts\/74469\/revisions"}],"wp:featuredmedia":[{"embeddable":true,"href":"https:\/\/eltrabajo.cl\/portal\/wp-json\/wp\/v2\/media\/74472"}],"wp:attachment":[{"href":"https:\/\/eltrabajo.cl\/portal\/wp-json\/wp\/v2\/media?parent=74469"}],"wp:term":[{"taxonomy":"category","embeddable":true,"href":"https:\/\/eltrabajo.cl\/portal\/wp-json\/wp\/v2\/categories?post=74469"},{"taxonomy":"post_tag","embeddable":true,"href":"https:\/\/eltrabajo.cl\/portal\/wp-json\/wp\/v2\/tags?post=74469"}],"curies":[{"name":"wp","href":"https:\/\/api.w.org\/{rel}","templated":true}]}}