{"id":74487,"date":"2016-10-13T09:27:24","date_gmt":"2016-10-13T12:27:24","guid":{"rendered":"http:\/\/www.eltrabajo.cl\/portal\/?p=74487"},"modified":"2016-10-13T09:27:24","modified_gmt":"2016-10-13T12:27:24","slug":"eliminaran-alrededor-de-un-70-de-cables-existentes-en-postes-del-centro","status":"publish","type":"post","link":"https:\/\/eltrabajo.cl\/portal\/eliminaran-alrededor-de-un-70-de-cables-existentes-en-postes-del-centro\/","title":{"rendered":"Eliminar\u00e1n alrededor de un 70% de cables existentes en postes del centro"},"content":{"rendered":"<ul>\n<li><strong><span style=\"color: #ff0000;\">Primera etapa Merced, Prat, Salinas y Coimas:<\/span>\u00a0Municipio sanfelipe\u00f1o, Chilquinta y 5 compa\u00f1\u00edas telef\u00f3nicas, acordaron eliminar el tendido visible que est\u00e1 en desuso, el cual provoca contaminaci\u00f3n visual y entorpece el rol de las c\u00e1maras de seguridad.<\/strong><\/li>\n<\/ul>\n<p>Gracias a un acuerdo logrado entre la Municipalidad de San Felipe, Chilquinta y las distintas compa\u00f1\u00edas de telecomunicaciones que ofrecen sus servicios en la comuna, ayer se comenz\u00f3 a trabajar en el retiro de cables en desuso, que se estima puede llegar a un 70% del total de tendido visible entre cada poste de la ciudad.<br \/>\nJorge Jara Catal\u00e1n, alcalde subrogante de la ciudad afirm\u00f3 que este avenimiento se logr\u00f3 luego de una reuni\u00f3n sostenida en junio pasado con el subsecretario de Transporte y Telecomunicaciones, a prop\u00f3sito de la solicitud realizada por el alcalde Patricio Freire, quien atendi\u00f3 las diversas solicitudes planteadas por los vecinos respecto de la contaminaci\u00f3n visual que provoca este material inerte en el centro de la ciudad.<br \/>\nEl administrador municipal de San Felipe, Patricio Gonz\u00e1lez, aclar\u00f3 que, en una primera etapa, los trabajos debieran extenderse hasta mediados de la pr\u00f3xima semana, considerando el retiro de cables desde las 4 calles aleda\u00f1as a Plaza de Armas (Merced-Prat-Salinas-Coimas), proyectando hasta fines de 2016, el desarrollo de esta labor en otras avenidas c\u00e9ntricas de la comuna.<br \/>\n\u201cSi nos extendemos hasta mediados de la pr\u00f3xima semana, es tambi\u00e9n razonable, porque tiene cierta dificultad realizar esto, en torno a lo que significa el acceso hacia los postes, las personas, as\u00ed que se puede generar un peque\u00f1o retraso en ese sentido de parte de las empresas que tienen que establecer su punto de retiro, tambi\u00e9n pensamos que de aqu\u00ed a fin de a\u00f1o podr\u00edamos terminar todo lo que es el damero fundacional (\u2026)\u201d, proyect\u00f3 Gonz\u00e1lez.<br \/>\nSeg\u00fan el funcionario, la iniciativa busca disminuir la contaminaci\u00f3n visual de la ciudad argumentando que \u201cesta es una de las contaminaciones que hemos definido como prioritarias, puesto que, no solamente entorpece el funcionamiento de las c\u00e1maras de seguridad, sino que, al momento de iluminar algunos sectores, van en contrasentido de lo que significa hermosear un lugar\u201d, dijo Gonz\u00e1lez.<br \/>\nEl acuerdo involucra a Chilquinta, como la empresa que arrienda su infraestructura a las empresas de telefon\u00eda involucradas en este compromiso -VTR, Entel, Claro y Movistar Cmet-, sin embargo, se estima que estas dos \u00faltimas compa\u00f1\u00edas son las que mayor cantidad de cables inutilizados tienen el tendido sanfelipe\u00f1o.<br \/>\nEn algunos momentos, los trabajos implicar\u00e1n la suspensi\u00f3n de tr\u00e1nsito en media calzada, por lo que Gonz\u00e1lez pidi\u00f3 a la comunidad -peatones y automovilistas- tener paciencia y comprender que naturalmente esto traer\u00e1 como resultado \u201cun beneficio mayor\u201d.<\/p>\n<figure id=\"attachment_74488\" aria-describedby=\"caption-attachment-74488\" style=\"width: 530px\" class=\"wp-caption alignleft\"><a href=\"http:\/\/www.eltrabajo.cl\/portal\/eliminaran-alrededor-de-un-70-de-cables-existentes-en-postes-del-centro\/foto-2-se-estima-que-alrededor-de-un-70\/\" rel=\"attachment wp-att-74488\"><img data-recalc-dims=\"1\" loading=\"lazy\" decoding=\"async\" class=\"size-full wp-image-74488\" src=\"https:\/\/i0.wp.com\/www.eltrabajo.cl\/portal\/wp-content\/uploads\/2016\/10\/Foto-2-SE-ESTIMA-QUE-ALREDEDOR-DE-UN-70.jpg?resize=530%2C350\" alt=\"Se estima que alrededor de un 70 % de los cables visibles entre poste y poste, est\u00e1n sin uso, por lo que ser\u00e1n retirados durante los pr\u00f3ximos d\u00edas.\" width=\"530\" height=\"350\" srcset=\"https:\/\/i0.wp.com\/eltrabajo.cl\/portal\/wp-content\/uploads\/2016\/10\/Foto-2-SE-ESTIMA-QUE-ALREDEDOR-DE-UN-70.jpg?w=530&amp;ssl=1 530w, https:\/\/i0.wp.com\/eltrabajo.cl\/portal\/wp-content\/uploads\/2016\/10\/Foto-2-SE-ESTIMA-QUE-ALREDEDOR-DE-UN-70.jpg?resize=200%2C132&amp;ssl=1 200w, https:\/\/i0.wp.com\/eltrabajo.cl\/portal\/wp-content\/uploads\/2016\/10\/Foto-2-SE-ESTIMA-QUE-ALREDEDOR-DE-UN-70.jpg?resize=300%2C198&amp;ssl=1 300w, https:\/\/i0.wp.com\/eltrabajo.cl\/portal\/wp-content\/uploads\/2016\/10\/Foto-2-SE-ESTIMA-QUE-ALREDEDOR-DE-UN-70.jpg?resize=227%2C150&amp;ssl=1 227w, https:\/\/i0.wp.com\/eltrabajo.cl\/portal\/wp-content\/uploads\/2016\/10\/Foto-2-SE-ESTIMA-QUE-ALREDEDOR-DE-UN-70.jpg?resize=400%2C264&amp;ssl=1 400w\" sizes=\"auto, (max-width: 530px) 100vw, 530px\" \/><\/a><figcaption id=\"caption-attachment-74488\" class=\"wp-caption-text\">Se estima que alrededor de un 70 % de los cables visibles entre poste y poste, est\u00e1n sin uso, por lo que ser\u00e1n retirados durante los pr\u00f3ximos d\u00edas.<\/figcaption><\/figure>\n<figure id=\"attachment_74489\" aria-describedby=\"caption-attachment-74489\" style=\"width: 530px\" class=\"wp-caption alignleft\"><a href=\"http:\/\/www.eltrabajo.cl\/portal\/eliminaran-alrededor-de-un-70-de-cables-existentes-en-postes-del-centro\/foto-3-este-es-el-panorama\/\" rel=\"attachment wp-att-74489\"><img data-recalc-dims=\"1\" loading=\"lazy\" decoding=\"async\" class=\"size-full wp-image-74489\" src=\"https:\/\/i0.wp.com\/www.eltrabajo.cl\/portal\/wp-content\/uploads\/2016\/10\/Foto-3-ESTE-ES-EL-PANORAMA.jpg?resize=530%2C348\" alt=\"Este es el panorama que se aprecia en la esquina de Merced con Traslavi\u00f1a.\" width=\"530\" height=\"348\" srcset=\"https:\/\/i0.wp.com\/eltrabajo.cl\/portal\/wp-content\/uploads\/2016\/10\/Foto-3-ESTE-ES-EL-PANORAMA.jpg?w=530&amp;ssl=1 530w, https:\/\/i0.wp.com\/eltrabajo.cl\/portal\/wp-content\/uploads\/2016\/10\/Foto-3-ESTE-ES-EL-PANORAMA.jpg?resize=200%2C131&amp;ssl=1 200w, https:\/\/i0.wp.com\/eltrabajo.cl\/portal\/wp-content\/uploads\/2016\/10\/Foto-3-ESTE-ES-EL-PANORAMA.jpg?resize=300%2C197&amp;ssl=1 300w, https:\/\/i0.wp.com\/eltrabajo.cl\/portal\/wp-content\/uploads\/2016\/10\/Foto-3-ESTE-ES-EL-PANORAMA.jpg?resize=228%2C150&amp;ssl=1 228w, https:\/\/i0.wp.com\/eltrabajo.cl\/portal\/wp-content\/uploads\/2016\/10\/Foto-3-ESTE-ES-EL-PANORAMA.jpg?resize=400%2C263&amp;ssl=1 400w\" sizes=\"auto, (max-width: 530px) 100vw, 530px\" \/><\/a><figcaption id=\"caption-attachment-74489\" class=\"wp-caption-text\">Este es el panorama que se aprecia en la esquina de Merced con Traslavi\u00f1a.<\/figcaption><\/figure>\n<figure id=\"attachment_74490\" aria-describedby=\"caption-attachment-74490\" style=\"width: 530px\" class=\"wp-caption alignleft\"><a href=\"http:\/\/www.eltrabajo.cl\/portal\/eliminaran-alrededor-de-un-70-de-cables-existentes-en-postes-del-centro\/foto-1-jorge-jara-y-patricio-gonzalez\/\" rel=\"attachment wp-att-74490\"><img data-recalc-dims=\"1\" loading=\"lazy\" decoding=\"async\" class=\"size-full wp-image-74490\" src=\"https:\/\/i0.wp.com\/www.eltrabajo.cl\/portal\/wp-content\/uploads\/2016\/10\/Foto-1-Jorge-Jara-y-Patricio-Gonzalez.jpg?resize=530%2C348\" alt=\"Alcalde subrogante de San Felipe, Jorge Jara y administrador municipal, Patricio Gonz\u00e1lez, anunciaron inicio del retiro de cables sin uso en el centro de la ciudad.\" width=\"530\" height=\"348\" srcset=\"https:\/\/i0.wp.com\/eltrabajo.cl\/portal\/wp-content\/uploads\/2016\/10\/Foto-1-Jorge-Jara-y-Patricio-Gonzalez.jpg?w=530&amp;ssl=1 530w, https:\/\/i0.wp.com\/eltrabajo.cl\/portal\/wp-content\/uploads\/2016\/10\/Foto-1-Jorge-Jara-y-Patricio-Gonzalez.jpg?resize=200%2C131&amp;ssl=1 200w, https:\/\/i0.wp.com\/eltrabajo.cl\/portal\/wp-content\/uploads\/2016\/10\/Foto-1-Jorge-Jara-y-Patricio-Gonzalez.jpg?resize=300%2C197&amp;ssl=1 300w, https:\/\/i0.wp.com\/eltrabajo.cl\/portal\/wp-content\/uploads\/2016\/10\/Foto-1-Jorge-Jara-y-Patricio-Gonzalez.jpg?resize=228%2C150&amp;ssl=1 228w, https:\/\/i0.wp.com\/eltrabajo.cl\/portal\/wp-content\/uploads\/2016\/10\/Foto-1-Jorge-Jara-y-Patricio-Gonzalez.jpg?resize=400%2C263&amp;ssl=1 400w\" sizes=\"auto, (max-width: 530px) 100vw, 530px\" \/><\/a><figcaption id=\"caption-attachment-74490\" class=\"wp-caption-text\">Alcalde subrogante de San Felipe, Jorge Jara y administrador municipal, Patricio Gonz\u00e1lez, anunciaron inicio del retiro de cables sin uso en el centro de la ciudad.<\/figcaption><\/figure>\n","protected":false},"excerpt":{"rendered":"<p>Primera etapa Merced, Prat, Salinas y Coimas:\u00a0Municipio sanfelipe\u00f1o, Chilquinta y 5 compa\u00f1\u00edas telef\u00f3nicas, acordaron eliminar el tendido visible que est\u00e1 en desuso, el cual provoca contaminaci\u00f3n visual y entorpece el rol de&#8230;<\/p>\n","protected":false},"author":1,"featured_media":74489,"comment_status":"open","ping_status":"open","sticky":false,"template":"","format":"standard","meta":{"advanced_seo_description":"","jetpack_seo_html_title":"","jetpack_seo_noindex":false,"_jetpack_memberships_contains_paid_content":false,"footnotes":""},"categories":[1],"tags":[],"class_list":["post-74487","post","type-post","status-publish","format-standard","has-post-thumbnail","hentry","category-cronica"],"jetpack_featured_media_url":"https:\/\/i0.wp.com\/eltrabajo.cl\/portal\/wp-content\/uploads\/2016\/10\/Foto-3-ESTE-ES-EL-PANORAMA.jpg?fit=530%2C348&ssl=1","jetpack_sharing_enabled":true,"jetpack_likes_enabled":true,"jetpack-related-posts":[],"_links":{"self":[{"href":"https:\/\/eltrabajo.cl\/portal\/wp-json\/wp\/v2\/posts\/74487","targetHints":{"allow":["GET"]}}],"collection":[{"href":"https:\/\/eltrabajo.cl\/portal\/wp-json\/wp\/v2\/posts"}],"about":[{"href":"https:\/\/eltrabajo.cl\/portal\/wp-json\/wp\/v2\/types\/post"}],"author":[{"embeddable":true,"href":"https:\/\/eltrabajo.cl\/portal\/wp-json\/wp\/v2\/users\/1"}],"replies":[{"embeddable":true,"href":"https:\/\/eltrabajo.cl\/portal\/wp-json\/wp\/v2\/comments?post=74487"}],"version-history":[{"count":0,"href":"https:\/\/eltrabajo.cl\/portal\/wp-json\/wp\/v2\/posts\/74487\/revisions"}],"wp:featuredmedia":[{"embeddable":true,"href":"https:\/\/eltrabajo.cl\/portal\/wp-json\/wp\/v2\/media\/74489"}],"wp:attachment":[{"href":"https:\/\/eltrabajo.cl\/portal\/wp-json\/wp\/v2\/media?parent=74487"}],"wp:term":[{"taxonomy":"category","embeddable":true,"href":"https:\/\/eltrabajo.cl\/portal\/wp-json\/wp\/v2\/categories?post=74487"},{"taxonomy":"post_tag","embeddable":true,"href":"https:\/\/eltrabajo.cl\/portal\/wp-json\/wp\/v2\/tags?post=74487"}],"curies":[{"name":"wp","href":"https:\/\/api.w.org\/{rel}","templated":true}]}}