{"id":74493,"date":"2016-10-13T09:30:09","date_gmt":"2016-10-13T12:30:09","guid":{"rendered":"http:\/\/www.eltrabajo.cl\/portal\/?p=74493"},"modified":"2016-10-13T09:30:09","modified_gmt":"2016-10-13T12:30:09","slug":"alrededor-de-60-kilos-de-amoniaco-liberados-a-la-atmosfera-tras-incendio","status":"publish","type":"post","link":"https:\/\/eltrabajo.cl\/portal\/alrededor-de-60-kilos-de-amoniaco-liberados-a-la-atmosfera-tras-incendio\/","title":{"rendered":"Alrededor de 60 kilos de amoniaco liberados a la atm\u00f3sfera tras incendio"},"content":{"rendered":"<ul>\n<li><strong><span style=\"color: #ff0000;\">Debi\u00f3 intervenir la Unidad de Seguridad Qu\u00edmica de la Seremi de Salud Aconcagua:<\/span> Junto con levantar el respectivo sumario sanitario en contra de la compa\u00f1\u00eda, la autoridad afirm\u00f3 que la fuga de este gas no fue suficientemente grande como para afectar la salud de los vecinos de las poblaciones aleda\u00f1as.<\/strong><\/li>\n<\/ul>\n<p>El incendio estructural que durante horas de la madrugada de ayer mi\u00e9rcoles, afect\u00f3 a la Empresa Exser, suscit\u00f3 la atenci\u00f3n de Bomberos de distintas compa\u00f1\u00edas de San Felipe, no s\u00f3lo por el poder de destrucci\u00f3n que pudieran tener sus llamas, sino que tambi\u00e9n, porque el siniestro provoc\u00f3 una alerta qu\u00edmica debido a la emanaci\u00f3n de gas amoniaco, el cual es utilizado para la refrigeraci\u00f3n de las bodegas afectadas por el fuego.<br \/>\nAs\u00ed lo inform\u00f3 Mario M\u00e9ndez, jefe de la Oficina Aconcagua de la Seremi de Salud, quien asegur\u00f3 que, una vez confirmado el escape de este gas, su repartici\u00f3n debi\u00f3 intervenir a trav\u00e9s de la unidad de seguridad qu\u00edmica, a prop\u00f3sito del riesgo para la salud que pudiera generar en las personas que se encargaron de combatir el fuego (Bomberos y Carabineros), as\u00ed como tambi\u00e9n, de los vecinos de las poblaciones aleda\u00f1as a esta empresa.<br \/>\n\u201cLo cierto es que la fuga de amoniaco, fue en una peque\u00f1a cantidad, se tomaron todas las medidas y, por otro lado, nosotros ahora iniciamos la investigaci\u00f3n en torno a las consecuencias y el posible impacto que pudiera tener hacia la salud de las personas\u201d, especific\u00f3 M\u00e9ndez.<br \/>\nDe acuerdo a lo que afirm\u00f3 el facultativo, fueron alrededor de 60 kilos de amoniaco los que se liberaron a la atm\u00f3sfera, cantidad insuficiente para provocar alg\u00fan tipo de secuela en la poblaci\u00f3n circundante, hecho que, de todas formas, tendr\u00e1 que ser ratificado por la investigaci\u00f3n que est\u00e1 en desarrollo y a partir del sumario sanitario levantado por el organismo sanitario<br \/>\nRespecto de cu\u00e1nto es el margen de tiempo, en que los vecinos de ese radio urbano pudieron haber presentado sintomatolog\u00eda relacionada con la inhalaci\u00f3n de este gas, M\u00e9ndez asever\u00f3 que la afecci\u00f3n es pr\u00e1cticamente inmediata y que, por el momento, s\u00f3lo algunos funcionarios que estuvieron trabajando en la contenci\u00f3n del incendio se vieron afectados por el gas, mientras que, el resto de la poblaci\u00f3n -hasta el mediod\u00eda de ayer- no hab\u00eda requerido atenci\u00f3n derivada del siniestro.<br \/>\n\u201cEl evento es inmediato y la verdad es que hoy (ayer) ya ese gas se volatiliz\u00f3, se combustion\u00f3 y ya no est\u00e1 afectando, no queda en el ambiente, sino que en este caso debi\u00f3 producirse en el mismo momento en el que estaba ocurriendo el evento, pudiera haber significado un problema mayor, pero afortunadamente se tomaron las medidas pertinentes por Bomberos y el estanque acumulador principal fue abordado y enfriado con agua\u201d, detall\u00f3 el galeno.<br \/>\nRa\u00fal Donoso, fiscalizador del \u00e1rea de seguridad qu\u00edmica de la Seremi de Salud, ratific\u00f3 los dichos de M\u00e9ndez, asegurando que \u201cel amoniaco es un gas que es r\u00e1pidamente perceptible por las personas a trav\u00e9s del sentido del olfato. Eso es positivo porque eventualmente una persona se va alejar del punto donde pueda provenir el olor\u201d, apunt\u00f3 el profesional.<br \/>\nDel mismo modo, Donoso confirm\u00f3 que la cantidad de amoniaco necesaria para provocar alguna afecci\u00f3n en las personas debiera ser mayor y, en este caso, al producirse la fuga al interior del galp\u00f3n donde se estaba desarrollando el incendio, el gas combustion\u00f3 y la expansi\u00f3n de \u00e9ste no fue en gran magnitud. \u201dNosotros visitamos nuevamente las instalaciones esta ma\u00f1ana (ayer), caminamos por la calle y ya no hay olor a amoniaco, esto ya se dispers\u00f3 y no es perceptible por el olfato humano\u201d, a\u00f1adi\u00f3 el especialista qu\u00edmico.<br \/>\nEn estas circunstancias, el llamado de la autoridad sanitaria es a la tranquilidad, respecto de un evento que ya pas\u00f3, en el cual se actu\u00f3 de la forma adecuada y donde los niveles de gas emanados, fueron menores como para pensar en consecuencias posteriores generadas a partir de un evento de esta naturaleza.<\/p>\n<figure id=\"attachment_74494\" aria-describedby=\"caption-attachment-74494\" style=\"width: 530px\" class=\"wp-caption alignleft\"><a href=\"http:\/\/www.eltrabajo.cl\/portal\/alrededor-de-60-kilos-de-amoniaco-liberados-a-la-atmosfera-tras-incendio\/mario-mendez-y-raul-donoso\/\" rel=\"attachment wp-att-74494\"><img data-recalc-dims=\"1\" loading=\"lazy\" decoding=\"async\" class=\"size-full wp-image-74494\" src=\"https:\/\/i0.wp.com\/www.eltrabajo.cl\/portal\/wp-content\/uploads\/2016\/10\/Mario-M%C3%A9ndez-y-Ra%C3%BAl-Donoso.jpg?resize=530%2C350\" alt=\"Mario M\u00e9ndez, jefe de la Oficina Aconcagua de la Seremi de Salud (a la izquierda), junto a Ra\u00fal Donoso, Fiscalizador del \u00e1rea de seguridad qu\u00edmica de la misma repartici\u00f3n (a la derecha).\" width=\"530\" height=\"350\" srcset=\"https:\/\/i0.wp.com\/eltrabajo.cl\/portal\/wp-content\/uploads\/2016\/10\/Mario-M%C3%A9ndez-y-Ra%C3%BAl-Donoso.jpg?w=530&amp;ssl=1 530w, https:\/\/i0.wp.com\/eltrabajo.cl\/portal\/wp-content\/uploads\/2016\/10\/Mario-M%C3%A9ndez-y-Ra%C3%BAl-Donoso.jpg?resize=200%2C132&amp;ssl=1 200w, https:\/\/i0.wp.com\/eltrabajo.cl\/portal\/wp-content\/uploads\/2016\/10\/Mario-M%C3%A9ndez-y-Ra%C3%BAl-Donoso.jpg?resize=300%2C198&amp;ssl=1 300w, https:\/\/i0.wp.com\/eltrabajo.cl\/portal\/wp-content\/uploads\/2016\/10\/Mario-M%C3%A9ndez-y-Ra%C3%BAl-Donoso.jpg?resize=227%2C150&amp;ssl=1 227w, https:\/\/i0.wp.com\/eltrabajo.cl\/portal\/wp-content\/uploads\/2016\/10\/Mario-M%C3%A9ndez-y-Ra%C3%BAl-Donoso.jpg?resize=400%2C264&amp;ssl=1 400w\" sizes=\"auto, (max-width: 530px) 100vw, 530px\" \/><\/a><figcaption id=\"caption-attachment-74494\" class=\"wp-caption-text\">Mario M\u00e9ndez, jefe de la Oficina Aconcagua de la Seremi de Salud (a la izquierda), junto a Ra\u00fal Donoso, Fiscalizador del \u00e1rea de seguridad qu\u00edmica de la misma repartici\u00f3n (a la derecha).<\/figcaption><\/figure>\n","protected":false},"excerpt":{"rendered":"<p>Debi\u00f3 intervenir la Unidad de Seguridad Qu\u00edmica de la Seremi de Salud Aconcagua: Junto con levantar el respectivo sumario sanitario en contra de la compa\u00f1\u00eda, la autoridad afirm\u00f3 que la fuga de&#8230;<\/p>\n","protected":false},"author":1,"featured_media":74494,"comment_status":"open","ping_status":"open","sticky":false,"template":"","format":"standard","meta":{"advanced_seo_description":"","jetpack_seo_html_title":"","jetpack_seo_noindex":false,"_jetpack_memberships_contains_paid_content":false,"footnotes":""},"categories":[1],"tags":[],"class_list":["post-74493","post","type-post","status-publish","format-standard","has-post-thumbnail","hentry","category-cronica"],"jetpack_featured_media_url":"https:\/\/i0.wp.com\/eltrabajo.cl\/portal\/wp-content\/uploads\/2016\/10\/Mario-M%C3%A9ndez-y-Ra%C3%BAl-Donoso.jpg?fit=530%2C350&ssl=1","jetpack_sharing_enabled":true,"jetpack_likes_enabled":true,"jetpack-related-posts":[],"_links":{"self":[{"href":"https:\/\/eltrabajo.cl\/portal\/wp-json\/wp\/v2\/posts\/74493","targetHints":{"allow":["GET"]}}],"collection":[{"href":"https:\/\/eltrabajo.cl\/portal\/wp-json\/wp\/v2\/posts"}],"about":[{"href":"https:\/\/eltrabajo.cl\/portal\/wp-json\/wp\/v2\/types\/post"}],"author":[{"embeddable":true,"href":"https:\/\/eltrabajo.cl\/portal\/wp-json\/wp\/v2\/users\/1"}],"replies":[{"embeddable":true,"href":"https:\/\/eltrabajo.cl\/portal\/wp-json\/wp\/v2\/comments?post=74493"}],"version-history":[{"count":0,"href":"https:\/\/eltrabajo.cl\/portal\/wp-json\/wp\/v2\/posts\/74493\/revisions"}],"wp:featuredmedia":[{"embeddable":true,"href":"https:\/\/eltrabajo.cl\/portal\/wp-json\/wp\/v2\/media\/74494"}],"wp:attachment":[{"href":"https:\/\/eltrabajo.cl\/portal\/wp-json\/wp\/v2\/media?parent=74493"}],"wp:term":[{"taxonomy":"category","embeddable":true,"href":"https:\/\/eltrabajo.cl\/portal\/wp-json\/wp\/v2\/categories?post=74493"},{"taxonomy":"post_tag","embeddable":true,"href":"https:\/\/eltrabajo.cl\/portal\/wp-json\/wp\/v2\/tags?post=74493"}],"curies":[{"name":"wp","href":"https:\/\/api.w.org\/{rel}","templated":true}]}}