{"id":74504,"date":"2016-10-14T09:55:43","date_gmt":"2016-10-14T12:55:43","guid":{"rendered":"http:\/\/www.eltrabajo.cl\/portal\/?p=74504"},"modified":"2016-10-14T09:55:43","modified_gmt":"2016-10-14T12:55:43","slug":"protestan-por-excesos-de-velocidad-en-las-afueras-de-su-escuela","status":"publish","type":"post","link":"https:\/\/eltrabajo.cl\/portal\/protestan-por-excesos-de-velocidad-en-las-afueras-de-su-escuela\/","title":{"rendered":"Protestan por excesos de velocidad en las afueras de su escuela"},"content":{"rendered":"<ul>\n<li><strong>A pesar que en todo el per\u00edmetro del establecimiento existe se\u00f1al\u00e9tica para no superar los 30 kil\u00f3metros por hora, es evidente que los conductores no respetan. El municipio, a trav\u00e9s de su Departamento de Educaci\u00f3n, apoy\u00f3 la iniciativa e inici\u00f3 gestiones para adquirir reductores de velocidad en el sector.<\/strong><\/li>\n<\/ul>\n<p><strong>PUTAENDO.-<\/strong> Eran las 11 de la ma\u00f1ana de ayer jueves, cuando la comunidad del Centro de Apoyo a la Educaci\u00f3n Especial de Putaendo, se tom\u00f3 la calle Juan Rozas para protestar contra todos los conductores que no respetan los l\u00edmites de tr\u00e1nsito establecidos en el sector, que indican no superar los 30 kil\u00f3metros por hora.<br \/>\nEl Centro de Apoyo a la Educaci\u00f3n Especial atiende a ni\u00f1os en situaci\u00f3n de discapacidad. En este sentido, el objetivo estuvo centrado tambi\u00e9n en fomentar una ciudadan\u00eda cr\u00edtica en los chicos, de manera responsable, respetuosa, abierta y creativa. De esta forma, ellos tambi\u00e9n aprendieron que sus acciones tienen un impacto en la comunidad.<br \/>\nAs\u00ed lo mencion\u00f3 la profesora encargada del establecimiento, Jessica N\u00fa\u00f1ez, enfatizando que as\u00ed se aprendieron conceptos de seguridad vial.<br \/>\n\u201cNos dimos cuenta que en nuestra escuela hay se\u00f1al\u00e9ticas de \u2018Zona de Escuela\u2019, de que no se deben traspasar los 30 kil\u00f3metros por hora. Afuera de nuestro establecimiento, la verdad es que los veh\u00edculos no respetan nada. Se hace el llamado a todos los conductores a tener conciencia de que existe una escuela en este sector, de que pasa locomoci\u00f3n colectiva tambi\u00e9n, pero todos pasan muy r\u00e1pido\u201d, emplaz\u00f3 la docente.<br \/>\nEl municipio de Putaendo, a trav\u00e9s del Departamento de Educaci\u00f3n (Daem), apoy\u00f3 la iniciativa y comenz\u00f3 las gestiones para instalar alg\u00fan tipo de reductor de velocidad en la zona. Por otro lado, en su mayor\u00eda los conductores entendieron el mensaje para tener mayor precauci\u00f3n al transitar en una zona de escuela.<\/p>\n<figure id=\"attachment_74505\" aria-describedby=\"caption-attachment-74505\" style=\"width: 530px\" class=\"wp-caption alignnone\"><img data-recalc-dims=\"1\" loading=\"lazy\" decoding=\"async\" class=\"wp-image-74505 size-full\" src=\"https:\/\/i0.wp.com\/www.eltrabajo.cl\/portal\/wp-content\/uploads\/2016\/10\/Protesta-2.jpg?resize=530%2C349\" alt=\"La comunidad del Centro de Apoyo a la Educaci\u00f3n Especial de Putaendo, se tom\u00f3 la calle Juan Rozas para protestar contra los conductores que no respetan los l\u00edmites de tr\u00e1nsito establecidos en el sector, que indican no superar los 30 kil\u00f3metros por hora.\" width=\"530\" height=\"349\" srcset=\"https:\/\/i0.wp.com\/eltrabajo.cl\/portal\/wp-content\/uploads\/2016\/10\/Protesta-2.jpg?w=530&amp;ssl=1 530w, https:\/\/i0.wp.com\/eltrabajo.cl\/portal\/wp-content\/uploads\/2016\/10\/Protesta-2.jpg?resize=200%2C132&amp;ssl=1 200w, https:\/\/i0.wp.com\/eltrabajo.cl\/portal\/wp-content\/uploads\/2016\/10\/Protesta-2.jpg?resize=300%2C198&amp;ssl=1 300w, https:\/\/i0.wp.com\/eltrabajo.cl\/portal\/wp-content\/uploads\/2016\/10\/Protesta-2.jpg?resize=228%2C150&amp;ssl=1 228w, https:\/\/i0.wp.com\/eltrabajo.cl\/portal\/wp-content\/uploads\/2016\/10\/Protesta-2.jpg?resize=400%2C263&amp;ssl=1 400w\" sizes=\"auto, (max-width: 530px) 100vw, 530px\" \/><figcaption id=\"caption-attachment-74505\" class=\"wp-caption-text\">La comunidad del Centro de Apoyo a la Educaci\u00f3n Especial de Putaendo, se tom\u00f3 la calle Juan Rozas para protestar contra los conductores que no respetan los l\u00edmites de tr\u00e1nsito establecidos en el sector, que indican no superar los 30 kil\u00f3metros por hora.<\/figcaption><\/figure>\n","protected":false},"excerpt":{"rendered":"<p>A pesar que en todo el per\u00edmetro del establecimiento existe se\u00f1al\u00e9tica para no superar los 30 kil\u00f3metros por hora, es evidente que los conductores no respetan. El municipio, a trav\u00e9s de su&#8230;<\/p>\n","protected":false},"author":482,"featured_media":74505,"comment_status":"open","ping_status":"open","sticky":false,"template":"","format":"standard","meta":{"advanced_seo_description":"","jetpack_seo_html_title":"","jetpack_seo_noindex":false,"_jetpack_memberships_contains_paid_content":false,"footnotes":""},"categories":[15],"tags":[],"class_list":["post-74504","post","type-post","status-publish","format-standard","has-post-thumbnail","hentry","category-comunidad"],"jetpack_featured_media_url":"https:\/\/i0.wp.com\/eltrabajo.cl\/portal\/wp-content\/uploads\/2016\/10\/Protesta-2.jpg?fit=530%2C349&ssl=1","jetpack_sharing_enabled":true,"jetpack_likes_enabled":true,"jetpack-related-posts":[],"_links":{"self":[{"href":"https:\/\/eltrabajo.cl\/portal\/wp-json\/wp\/v2\/posts\/74504","targetHints":{"allow":["GET"]}}],"collection":[{"href":"https:\/\/eltrabajo.cl\/portal\/wp-json\/wp\/v2\/posts"}],"about":[{"href":"https:\/\/eltrabajo.cl\/portal\/wp-json\/wp\/v2\/types\/post"}],"author":[{"embeddable":true,"href":"https:\/\/eltrabajo.cl\/portal\/wp-json\/wp\/v2\/users\/482"}],"replies":[{"embeddable":true,"href":"https:\/\/eltrabajo.cl\/portal\/wp-json\/wp\/v2\/comments?post=74504"}],"version-history":[{"count":0,"href":"https:\/\/eltrabajo.cl\/portal\/wp-json\/wp\/v2\/posts\/74504\/revisions"}],"wp:featuredmedia":[{"embeddable":true,"href":"https:\/\/eltrabajo.cl\/portal\/wp-json\/wp\/v2\/media\/74505"}],"wp:attachment":[{"href":"https:\/\/eltrabajo.cl\/portal\/wp-json\/wp\/v2\/media?parent=74504"}],"wp:term":[{"taxonomy":"category","embeddable":true,"href":"https:\/\/eltrabajo.cl\/portal\/wp-json\/wp\/v2\/categories?post=74504"},{"taxonomy":"post_tag","embeddable":true,"href":"https:\/\/eltrabajo.cl\/portal\/wp-json\/wp\/v2\/tags?post=74504"}],"curies":[{"name":"wp","href":"https:\/\/api.w.org\/{rel}","templated":true}]}}