{"id":74507,"date":"2016-10-14T09:59:59","date_gmt":"2016-10-14T12:59:59","guid":{"rendered":"http:\/\/www.eltrabajo.cl\/portal\/?p=74507"},"modified":"2016-10-14T09:59:59","modified_gmt":"2016-10-14T12:59:59","slug":"ceremonia-de-investidura-estudiantes-de-fonoaudiologia-y-enfermeria","status":"publish","type":"post","link":"https:\/\/eltrabajo.cl\/portal\/ceremonia-de-investidura-estudiantes-de-fonoaudiologia-y-enfermeria\/","title":{"rendered":"Ceremonia de investidura estudiantes de Fonoaudiolog\u00eda y Enfermer\u00eda"},"content":{"rendered":"<ul>\n<li><strong>La actividad, que marca el inicio del periodo de pr\u00e1cticas y postura del uniforme en ambas carreras, se realiz\u00f3 en el Teatro Municipal de San Felipe y congreg\u00f3 a un p\u00fablico cercano a las seiscientas personas.<\/strong><\/li>\n<\/ul>\n<p>\u201cEsta es una tradici\u00f3n, un rito que es tremendamente significativo para nuestros estudiantes, ya que no s\u00f3lo marca el inicio de su etapa de pr\u00e1cticas cl\u00ednicas, adem\u00e1s los acompa\u00f1an sus familias y cercanos y m\u00e1s a\u00fan, en el caso de la carrera de Fonoaudiolog\u00eda, es la primera vez que se realiza, lo que nos tiene muy contentos como universidad\u201d. Con estas palabras, el director de la sede San Felipe de la Universidad de Aconcagua, Javier Cerda, sintetiz\u00f3 la ceremonia de investidura de enfermer\u00eda y fonoaudiolog\u00eda realizada por la casa de estudios.<br \/>\nLa ceremonia se llev\u00f3 a cabo en dos actos, realiz\u00e1ndose primero la investidura de los alumnos de enfermer\u00eda y posteriormente la de fonoaudiolog\u00eda. Esto, con el fin de facilitar la concurrencia de familiares, amigos y cercanos de los estudiantes, los que repletaron el Teatro Municipal de San Felipe en ambas instancias.<br \/>\nEn la oportunidad, se invistieron 80 estudiantes en total, 54 de enfermer\u00eda y 36 de fonoaudiolog\u00eda. En este \u00faltimo grupo se incluyeron alumnos de cursos superiores que no hab\u00edan tenido la oportunidad de participar en una actividad de estas caracter\u00edsticas, ya que es la primera vez que se realizaba esta ceremonia para la carrera en la UAC.<br \/>\nEn la actividad, a la concurrieron en total m\u00e1s de 600 personas, hicieron uso de la palabra por parte de la UAC el director de la Sede, Javier Cerda, las directoras de carrera tanto de Enfermer\u00eda, Gladys Arroyo, como de Fonoaudiolog\u00eda, Carolina Romero. Por los estudiantes, las alocuciones estuvieron a cargo de Paula Onell y Manuel Matus por las jornadas diurna y vespertina de enfermer\u00eda respectivamente y de Camila Pacheco por parte de Fonoaudiolog\u00eda, coincidiendo todos en la importancia de este tipo de actividades, en el valor emocional de la presencia de las familias y en su rol como futuros profesionales de la salud.<br \/>\nPor parte de los estudiantes, abundaron las muestras de emoci\u00f3n al momento de pasar al escenario para ser protagonistas del evento. Uno a uno, fueron pasando a recibir de manos de sus profesores, los distintivos que los reconoc\u00edan como parte del grupo que se invest\u00eda. \u201cEsta ceremonia es muy importante para todo el grupo, ya que no hab\u00edamos tenido la oportunidad de participar en una y hay un grupo que est\u00e1 muy pr\u00f3ximo a titularse. Era como una suerte de deuda que quer\u00edamos resolver antes de salir y que se dio, lo que nos tiene muy emocionadas y felices\u201d, destac\u00f3 Camila Pacheco, estudiante de Fonoaudiolog\u00eda.<br \/>\nPor su parte, la estudiante de Enfermer\u00eda Camila Montecinos, destac\u00f3 que la ceremonia marca una nueva etapa, ya que ahora pasan a ocupar el uniforme que le da la identidad a la profesi\u00f3n. \u201cEsta actividad tiene una tremenda importancia, marca el paso a otra instancia no s\u00f3lo en la carrera, si no en la vida profesional. La felicidad es m\u00e1xima, m\u00eda, de mi familia, de mis compa\u00f1eros. Es algo emocionante, agradezco a todos quienes hicieron posible que se llevara a cabo y nuestros profesores por estar ah\u00ed para nosotros\u201d, concluy\u00f3.<\/p>\n<figure id=\"attachment_74508\" aria-describedby=\"caption-attachment-74508\" style=\"width: 530px\" class=\"wp-caption alignnone\"><img data-recalc-dims=\"1\" loading=\"lazy\" decoding=\"async\" class=\"wp-image-74508 size-full\" src=\"https:\/\/i0.wp.com\/www.eltrabajo.cl\/portal\/wp-content\/uploads\/2016\/10\/enfermer%C3%ADa-1.jpg?resize=530%2C349\" alt=\"En la oportunidad, se invistieron 80 estudiantes en total, 54 de enfermer\u00eda (en la imagen).\" width=\"530\" height=\"349\" srcset=\"https:\/\/i0.wp.com\/eltrabajo.cl\/portal\/wp-content\/uploads\/2016\/10\/enfermer%C3%ADa-1.jpg?w=530&amp;ssl=1 530w, https:\/\/i0.wp.com\/eltrabajo.cl\/portal\/wp-content\/uploads\/2016\/10\/enfermer%C3%ADa-1.jpg?resize=200%2C132&amp;ssl=1 200w, https:\/\/i0.wp.com\/eltrabajo.cl\/portal\/wp-content\/uploads\/2016\/10\/enfermer%C3%ADa-1.jpg?resize=300%2C198&amp;ssl=1 300w, https:\/\/i0.wp.com\/eltrabajo.cl\/portal\/wp-content\/uploads\/2016\/10\/enfermer%C3%ADa-1.jpg?resize=228%2C150&amp;ssl=1 228w, https:\/\/i0.wp.com\/eltrabajo.cl\/portal\/wp-content\/uploads\/2016\/10\/enfermer%C3%ADa-1.jpg?resize=400%2C263&amp;ssl=1 400w\" sizes=\"auto, (max-width: 530px) 100vw, 530px\" \/><figcaption id=\"caption-attachment-74508\" class=\"wp-caption-text\">En la oportunidad, se invistieron 80 estudiantes en total, 54 de enfermer\u00eda (en la imagen).<\/figcaption><\/figure>\n<figure id=\"attachment_74509\" aria-describedby=\"caption-attachment-74509\" style=\"width: 530px\" class=\"wp-caption alignnone\"><img data-recalc-dims=\"1\" loading=\"lazy\" decoding=\"async\" class=\"wp-image-74509 size-full\" src=\"https:\/\/i0.wp.com\/www.eltrabajo.cl\/portal\/wp-content\/uploads\/2016\/10\/fonoaudiologia.jpg?resize=530%2C350\" alt=\"Parte de las 36 alumnas de Fonoaudiolog\u00eda que comenzaron a usar sus uniformes.\" width=\"530\" height=\"350\" srcset=\"https:\/\/i0.wp.com\/eltrabajo.cl\/portal\/wp-content\/uploads\/2016\/10\/fonoaudiologia.jpg?w=530&amp;ssl=1 530w, https:\/\/i0.wp.com\/eltrabajo.cl\/portal\/wp-content\/uploads\/2016\/10\/fonoaudiologia.jpg?resize=200%2C132&amp;ssl=1 200w, https:\/\/i0.wp.com\/eltrabajo.cl\/portal\/wp-content\/uploads\/2016\/10\/fonoaudiologia.jpg?resize=300%2C198&amp;ssl=1 300w, https:\/\/i0.wp.com\/eltrabajo.cl\/portal\/wp-content\/uploads\/2016\/10\/fonoaudiologia.jpg?resize=227%2C150&amp;ssl=1 227w, https:\/\/i0.wp.com\/eltrabajo.cl\/portal\/wp-content\/uploads\/2016\/10\/fonoaudiologia.jpg?resize=400%2C264&amp;ssl=1 400w\" sizes=\"auto, (max-width: 530px) 100vw, 530px\" \/><figcaption id=\"caption-attachment-74509\" class=\"wp-caption-text\">Parte de las 36 alumnas de Fonoaudiolog\u00eda que comenzaron a usar sus uniformes.<\/figcaption><\/figure>\n","protected":false},"excerpt":{"rendered":"<p>La actividad, que marca el inicio del periodo de pr\u00e1cticas y postura del uniforme en ambas carreras, se realiz\u00f3 en el Teatro Municipal de San Felipe y congreg\u00f3 a un p\u00fablico cercano&#8230;<\/p>\n","protected":false},"author":482,"featured_media":74508,"comment_status":"open","ping_status":"open","sticky":false,"template":"","format":"standard","meta":{"advanced_seo_description":"","jetpack_seo_html_title":"","jetpack_seo_noindex":false,"_jetpack_memberships_contains_paid_content":false,"footnotes":""},"categories":[15],"tags":[],"class_list":["post-74507","post","type-post","status-publish","format-standard","has-post-thumbnail","hentry","category-comunidad"],"jetpack_featured_media_url":"https:\/\/i0.wp.com\/eltrabajo.cl\/portal\/wp-content\/uploads\/2016\/10\/enfermer%C3%ADa-1.jpg?fit=530%2C349&ssl=1","jetpack_sharing_enabled":true,"jetpack_likes_enabled":true,"jetpack-related-posts":[],"_links":{"self":[{"href":"https:\/\/eltrabajo.cl\/portal\/wp-json\/wp\/v2\/posts\/74507","targetHints":{"allow":["GET"]}}],"collection":[{"href":"https:\/\/eltrabajo.cl\/portal\/wp-json\/wp\/v2\/posts"}],"about":[{"href":"https:\/\/eltrabajo.cl\/portal\/wp-json\/wp\/v2\/types\/post"}],"author":[{"embeddable":true,"href":"https:\/\/eltrabajo.cl\/portal\/wp-json\/wp\/v2\/users\/482"}],"replies":[{"embeddable":true,"href":"https:\/\/eltrabajo.cl\/portal\/wp-json\/wp\/v2\/comments?post=74507"}],"version-history":[{"count":0,"href":"https:\/\/eltrabajo.cl\/portal\/wp-json\/wp\/v2\/posts\/74507\/revisions"}],"wp:featuredmedia":[{"embeddable":true,"href":"https:\/\/eltrabajo.cl\/portal\/wp-json\/wp\/v2\/media\/74508"}],"wp:attachment":[{"href":"https:\/\/eltrabajo.cl\/portal\/wp-json\/wp\/v2\/media?parent=74507"}],"wp:term":[{"taxonomy":"category","embeddable":true,"href":"https:\/\/eltrabajo.cl\/portal\/wp-json\/wp\/v2\/categories?post=74507"},{"taxonomy":"post_tag","embeddable":true,"href":"https:\/\/eltrabajo.cl\/portal\/wp-json\/wp\/v2\/tags?post=74507"}],"curies":[{"name":"wp","href":"https:\/\/api.w.org\/{rel}","templated":true}]}}