{"id":74522,"date":"2016-10-14T10:20:29","date_gmt":"2016-10-14T13:20:29","guid":{"rendered":"http:\/\/www.eltrabajo.cl\/portal\/?p=74522"},"modified":"2016-10-14T10:20:29","modified_gmt":"2016-10-14T13:20:29","slug":"padre-biologico-de-nachito-apoya-a-familia-cuidadora-y-denuncia-cosas-raras-y-turbias-en-el-sename-que-estaria-vendiendo-a-los-ninos","status":"publish","type":"post","link":"https:\/\/eltrabajo.cl\/portal\/padre-biologico-de-nachito-apoya-a-familia-cuidadora-y-denuncia-cosas-raras-y-turbias-en-el-sename-que-estaria-vendiendo-a-los-ninos\/","title":{"rendered":"Padre biol\u00f3gico de &#8216;Nachito&#8217; apoya a familia cuidadora y denuncia &#8216;cosas raras y turbias&#8217; en el Sename que estar\u00eda vendiendo a los ni\u00f1os"},"content":{"rendered":"<figure id=\"attachment_74523\" aria-describedby=\"caption-attachment-74523\" style=\"width: 300px\" class=\"wp-caption alignleft\"><img data-recalc-dims=\"1\" loading=\"lazy\" decoding=\"async\" class=\"wp-image-74523 size-medium\" src=\"https:\/\/i0.wp.com\/www.eltrabajo.cl\/portal\/wp-content\/uploads\/2016\/10\/Foto-1-Luis-Silva-Terraza-300x198.jpg?resize=300%2C198\" alt=\"Luis Silva Terraza, padre biol\u00f3gico del ni\u00f1o.\" width=\"300\" height=\"198\" srcset=\"https:\/\/i0.wp.com\/eltrabajo.cl\/portal\/wp-content\/uploads\/2016\/10\/Foto-1-Luis-Silva-Terraza.jpg?resize=300%2C198&amp;ssl=1 300w, https:\/\/i0.wp.com\/eltrabajo.cl\/portal\/wp-content\/uploads\/2016\/10\/Foto-1-Luis-Silva-Terraza.jpg?resize=200%2C132&amp;ssl=1 200w, https:\/\/i0.wp.com\/eltrabajo.cl\/portal\/wp-content\/uploads\/2016\/10\/Foto-1-Luis-Silva-Terraza.jpg?resize=228%2C150&amp;ssl=1 228w, https:\/\/i0.wp.com\/eltrabajo.cl\/portal\/wp-content\/uploads\/2016\/10\/Foto-1-Luis-Silva-Terraza.jpg?resize=400%2C263&amp;ssl=1 400w, https:\/\/i0.wp.com\/eltrabajo.cl\/portal\/wp-content\/uploads\/2016\/10\/Foto-1-Luis-Silva-Terraza.jpg?w=530&amp;ssl=1 530w\" sizes=\"auto, (max-width: 300px) 100vw, 300px\" \/><figcaption id=\"caption-attachment-74523\" class=\"wp-caption-text\">Luis Silva Terraza, padre biol\u00f3gico del ni\u00f1o.<\/figcaption><\/figure>\n<ul>\n<li><strong>Familiares y amigos buscan revertir determinaci\u00f3n judicial de entregar menor de 6 a\u00f1os en adopci\u00f3n. Entre los manifestantes, el padre biol\u00f3gico del ni\u00f1o, cont\u00f3 c\u00f3mo fue que \u2018Nachito\u2019 lleg\u00f3 a este hogar.<\/strong><\/li>\n<\/ul>\n<p>Ha pasado exactamente una semana desde que el Servicio Nacional de Menores, Sename, llegara hasta la localidad de La Higuera, en la comuna de Santa Mar\u00eda, a retirar a \u2018Nachito\u2019 desde el hogar de su familia de acogida -ampar\u00e1ndose en una decisi\u00f3n del tribunal de familia y la ley 19.620- para entregarlo a una familia adoptiva . Siete d\u00edas que, para los padres cuidadores del ni\u00f1o y su c\u00edrculo m\u00e1s cercano, se han hecho mucho m\u00e1s largos que los 6 a\u00f1os de felicidad vividos junto al infante.<br \/>\nCon el pasar de los d\u00edas, las horas se hacen m\u00e1s largas y la lucha contra el sistema pareciera resultar est\u00e9ril. Los caminos se han ido estrechando, la angustia va aumentando y la desolaci\u00f3n de sus seres queridos, s\u00f3lo se ve mermada por el apoyo que han recibido de la comunidad.<\/p>\n<figure id=\"attachment_74524\" aria-describedby=\"caption-attachment-74524\" style=\"width: 300px\" class=\"wp-caption alignright\"><img data-recalc-dims=\"1\" loading=\"lazy\" decoding=\"async\" class=\"wp-image-74524 size-medium\" src=\"https:\/\/i0.wp.com\/www.eltrabajo.cl\/portal\/wp-content\/uploads\/2016\/10\/Foto-2-Lucila-Montenegro-300x197.jpg?resize=300%2C197\" alt=\"Lucila Montenegro, cercana a la madre cuidadora.\" width=\"300\" height=\"197\" srcset=\"https:\/\/i0.wp.com\/eltrabajo.cl\/portal\/wp-content\/uploads\/2016\/10\/Foto-2-Lucila-Montenegro.jpg?resize=300%2C197&amp;ssl=1 300w, https:\/\/i0.wp.com\/eltrabajo.cl\/portal\/wp-content\/uploads\/2016\/10\/Foto-2-Lucila-Montenegro.jpg?resize=200%2C131&amp;ssl=1 200w, https:\/\/i0.wp.com\/eltrabajo.cl\/portal\/wp-content\/uploads\/2016\/10\/Foto-2-Lucila-Montenegro.jpg?resize=228%2C150&amp;ssl=1 228w, https:\/\/i0.wp.com\/eltrabajo.cl\/portal\/wp-content\/uploads\/2016\/10\/Foto-2-Lucila-Montenegro.jpg?resize=400%2C263&amp;ssl=1 400w, https:\/\/i0.wp.com\/eltrabajo.cl\/portal\/wp-content\/uploads\/2016\/10\/Foto-2-Lucila-Montenegro.jpg?w=530&amp;ssl=1 530w\" sizes=\"auto, (max-width: 300px) 100vw, 300px\" \/><figcaption id=\"caption-attachment-74524\" class=\"wp-caption-text\">Lucila Montenegro, cercana a la madre cuidadora.<\/figcaption><\/figure>\n<p>Precisamente, familiares, amigos y gente que se ha comprometido con la causa por el s\u00f3lo hecho de empatizar con el amor de padres, llegaron hasta el centro de San Felipe y se manifestaron frente a la Gobernaci\u00f3n Provincial, lugar donde pidieron el apoyo de los automovilistas mediante bocinazos y de los transe\u00fantes con la firma de un libro que ser\u00e1 presentado ante la autoridad competente, solicitando la devoluci\u00f3n del ni\u00f1o a su familia cuidadora.<br \/>\nEn la oportunidad, Diario El Trabajo tuvo la posibilidad de conversar con Luis Silva Terraza, padre biol\u00f3gico del ni\u00f1o, quien entreg\u00f3 algunos detalles de c\u00f3mo \u2018Nachito\u2019 lleg\u00f3 a manos de su familia cuidadora en Santa Mar\u00eda, atribuyendo aquella decisi\u00f3n a la condici\u00f3n que presentaba en ese momento la madre del ni\u00f1o, hecho que -seg\u00fan cuenta- determin\u00f3 que el Tribunal, a trav\u00e9s del FAE, buscar\u00e1 a los cuidadores adecuados.<br \/>\n\u201cA mi expareja, madre de los ni\u00f1os, la encontraron que era drogadicta, le hicieron ex\u00e1menes y sali\u00f3 efectivo que consum\u00eda drogas. Yo hace m\u00e1s de un a\u00f1o que no estoy con ella y lo \u00fanico que quiero es recuperar los ni\u00f1os para que queden con las cuidadoras, que se cr\u00eden con ellas hasta que tengan mayor\u00eda de edad y de ah\u00ed decidan pa\u2019 qu\u00e9 lado van a cortar (sic)\u201d, relat\u00f3 Silva.<br \/>\nDon Luis alude el caso de otro de sus hijos, quien asegura est\u00e1 pasando por una situaci\u00f3n similar a la de \u2018Nachito\u201d y, si bien no precisa cu\u00e1l es esa historia, narr\u00f3 que \u201cel Sename anda actuando con cosas raras porque ellos vienen a llevarse a los ni\u00f1os como delincuentes, como ladrones, porque al ni\u00f1o mayor me lo sacaron del colegio y se lo llevaron a escondidas, sin darle cuenta a la cuidadora, llegaron y se lo llevaron\u201d, afirm\u00f3.<br \/>\nSeg\u00fan el mismo relato, Silva asegura que, desde que dejaron a los ni\u00f1os con los cuidadores, tiene contacto con ellos y aunque las visitas no son muy frecuentes, est\u00e1 en pleno conocimiento que ambos menores de edad est\u00e1n en buenas manos y en \u00f3ptimas condiciones, por lo que pide que sean devueltos desde la instituci\u00f3n a las familias de acogida.<br \/>\n\u201cLos ni\u00f1os ya llevan como 6 \u00f3 7 a\u00f1os los dos ac\u00e1 en Santa Mar\u00eda, est\u00e1n bien cuidados, bien protegidos, los estaban educando, yendo al colegio, yo no s\u00e9 por qu\u00e9 el Sename quiere llev\u00e1rselos, tengo entendido que los quiere adoptar un caballero que es de plata, que es de Arica, as\u00ed que yo pienso que aqu\u00ed est\u00e1 corriendo plata con los del Sename (\u2026) aqu\u00ed hay cosas turbias, cosas negras que el Sename est\u00e1 ocultando, yo pienso que a los ni\u00f1os los quieren vender\u201d, conjetura el progenitor.<br \/>\nDe acuerdo a las palabras de Silva, el ni\u00f1o sabe de la existencia de sus padres biol\u00f3gicos, pero \u201ces feliz junto a sus padres adoptivos, quiere a sus cuidadores como sus verdaderos padres\u201d, es por esa raz\u00f3n y por lo dolorosa que ha resultado esta situaci\u00f3n para esta familia santamariana, que sus vecinos, familiares y amigos no claudicar\u00e1n en la lucha de recuperar a \u2018Nachito\u201d, tal como lo expres\u00f3 Lucila Montenegro, quien asegura conocer a su cuidadora hace mucho tiempo.<br \/>\n\u201cYo conozco a la mam\u00e1 de Nachito, porque ella es su mam\u00e1, ella era compa\u00f1era de curso de mi hija, es una buena ni\u00f1a, una buena madre, no s\u00e9 por qu\u00e9 hacen esto. Nachito era compa\u00f1ero de curso de mi nieto (\u2026) no sabemos por qu\u00e9 el Colegio no ayuda, no dice algo, porque el ni\u00f1o tiene que educarse, que lo traigan al colegio\u201d, sentenci\u00f3 la vecina, apelando tambi\u00e9n al criterio de la Jueza encargada del caso, aludiendo que \u201cque ella saque su coraz\u00f3n de madre y si no es mam\u00e1 alg\u00fan d\u00eda lo ir\u00e1 a ser y nadie est\u00e1 libre, nadie le dice a ella que un d\u00eda, uno de sus hijos pueda estar en la misma situaci\u00f3n\u201d, expres\u00f3 la vecina.<br \/>\nDel mismo modo, Cecilia Puelles, asegura ser amiga de la familia cuidadora y cuenta que conoci\u00f3 al ni\u00f1o desde que lleg\u00f3 a ese hogar. \u201cNachito lleg\u00f3 bebito, yo lo tuve en mis brazos y lo vi crecer, no d\u00eda a d\u00eda, pero s\u00ed su desarrollo sano, natural, feliz, con mucho amor, a este ni\u00f1ito se le dio todo lo que humanamente como padre uno le da a un hijo leg\u00edtimo, de sangre y que ahora se lo lleven, habiendo tanto ni\u00f1o en el Sename luchando por un hogar, lo encuentro injusto\u201d, sentenci\u00f3 Puelles.<br \/>\nEn este contexto, la historia de \u2018Nachito\u201d, parece estar lejos de un final. Veh\u00edculos particulares y parte de la locomoci\u00f3n colectiva mayor, han sumado sus mensajes de apoyo hacia esta familia cuidadora que mira impotente, como el sistema le arrebata una parte de su vida, en una determinaci\u00f3n que les ha propinado un verdadero golpe de knockout.<\/p>\n<figure id=\"attachment_74527\" aria-describedby=\"caption-attachment-74527\" style=\"width: 530px\" class=\"wp-caption alignnone\"><img data-recalc-dims=\"1\" loading=\"lazy\" decoding=\"async\" class=\"wp-image-74527 size-full\" src=\"https:\/\/i0.wp.com\/www.eltrabajo.cl\/portal\/wp-content\/uploads\/2016\/10\/FOTO-4-TODOS-CON-NACHITO.jpg?resize=530%2C350\" alt=\"Todos con Nachito. Familiares y amigos volvieron amanifestarse buscando revertir la cruel determinaci\u00f3n de entregar menor de 6 a\u00f1os en adopci\u00f3n.\" width=\"530\" height=\"350\" srcset=\"https:\/\/i0.wp.com\/eltrabajo.cl\/portal\/wp-content\/uploads\/2016\/10\/FOTO-4-TODOS-CON-NACHITO.jpg?w=530&amp;ssl=1 530w, https:\/\/i0.wp.com\/eltrabajo.cl\/portal\/wp-content\/uploads\/2016\/10\/FOTO-4-TODOS-CON-NACHITO.jpg?resize=200%2C132&amp;ssl=1 200w, https:\/\/i0.wp.com\/eltrabajo.cl\/portal\/wp-content\/uploads\/2016\/10\/FOTO-4-TODOS-CON-NACHITO.jpg?resize=300%2C198&amp;ssl=1 300w, https:\/\/i0.wp.com\/eltrabajo.cl\/portal\/wp-content\/uploads\/2016\/10\/FOTO-4-TODOS-CON-NACHITO.jpg?resize=227%2C150&amp;ssl=1 227w, https:\/\/i0.wp.com\/eltrabajo.cl\/portal\/wp-content\/uploads\/2016\/10\/FOTO-4-TODOS-CON-NACHITO.jpg?resize=400%2C264&amp;ssl=1 400w\" sizes=\"auto, (max-width: 530px) 100vw, 530px\" \/><figcaption id=\"caption-attachment-74527\" class=\"wp-caption-text\">Todos con Nachito. Familiares y amigos volvieron amanifestarse buscando revertir la cruel determinaci\u00f3n de entregar menor de 6 a\u00f1os en adopci\u00f3n.<\/figcaption><\/figure>\n","protected":false},"excerpt":{"rendered":"<p>Familiares y amigos buscan revertir determinaci\u00f3n judicial de entregar menor de 6 a\u00f1os en adopci\u00f3n. Entre los manifestantes, el padre biol\u00f3gico del ni\u00f1o, cont\u00f3 c\u00f3mo fue que \u2018Nachito\u2019 lleg\u00f3 a este hogar&#8230;.<\/p>\n","protected":false},"author":482,"featured_media":74523,"comment_status":"open","ping_status":"open","sticky":false,"template":"","format":"standard","meta":{"advanced_seo_description":"","jetpack_seo_html_title":"","jetpack_seo_noindex":false,"_jetpack_memberships_contains_paid_content":false,"footnotes":""},"categories":[1],"tags":[],"class_list":["post-74522","post","type-post","status-publish","format-standard","has-post-thumbnail","hentry","category-cronica"],"jetpack_featured_media_url":"https:\/\/i0.wp.com\/eltrabajo.cl\/portal\/wp-content\/uploads\/2016\/10\/Foto-1-Luis-Silva-Terraza.jpg?fit=530%2C349&ssl=1","jetpack_sharing_enabled":true,"jetpack_likes_enabled":true,"jetpack-related-posts":[],"_links":{"self":[{"href":"https:\/\/eltrabajo.cl\/portal\/wp-json\/wp\/v2\/posts\/74522","targetHints":{"allow":["GET"]}}],"collection":[{"href":"https:\/\/eltrabajo.cl\/portal\/wp-json\/wp\/v2\/posts"}],"about":[{"href":"https:\/\/eltrabajo.cl\/portal\/wp-json\/wp\/v2\/types\/post"}],"author":[{"embeddable":true,"href":"https:\/\/eltrabajo.cl\/portal\/wp-json\/wp\/v2\/users\/482"}],"replies":[{"embeddable":true,"href":"https:\/\/eltrabajo.cl\/portal\/wp-json\/wp\/v2\/comments?post=74522"}],"version-history":[{"count":0,"href":"https:\/\/eltrabajo.cl\/portal\/wp-json\/wp\/v2\/posts\/74522\/revisions"}],"wp:featuredmedia":[{"embeddable":true,"href":"https:\/\/eltrabajo.cl\/portal\/wp-json\/wp\/v2\/media\/74523"}],"wp:attachment":[{"href":"https:\/\/eltrabajo.cl\/portal\/wp-json\/wp\/v2\/media?parent=74522"}],"wp:term":[{"taxonomy":"category","embeddable":true,"href":"https:\/\/eltrabajo.cl\/portal\/wp-json\/wp\/v2\/categories?post=74522"},{"taxonomy":"post_tag","embeddable":true,"href":"https:\/\/eltrabajo.cl\/portal\/wp-json\/wp\/v2\/tags?post=74522"}],"curies":[{"name":"wp","href":"https:\/\/api.w.org\/{rel}","templated":true}]}}