{"id":74532,"date":"2016-10-17T08:37:27","date_gmt":"2016-10-17T11:37:27","guid":{"rendered":"http:\/\/www.eltrabajo.cl\/portal\/?p=74532"},"modified":"2016-10-17T08:37:27","modified_gmt":"2016-10-17T11:37:27","slug":"despues-de-3-anos-por-fin-postulan-a-familias-del-comite-valle-curimon","status":"publish","type":"post","link":"https:\/\/eltrabajo.cl\/portal\/despues-de-3-anos-por-fin-postulan-a-familias-del-comite-valle-curimon\/","title":{"rendered":"Despu\u00e9s de 3 a\u00f1os por fin postulan a familias del comit\u00e9 Valle Curim\u00f3n"},"content":{"rendered":"<ul>\n<li><strong>Son 47 familias que esperan concretar la ampliaci\u00f3n de sus viviendas:<\/strong><\/li>\n<\/ul>\n<p>Su satisfacci\u00f3n expres\u00f3 el conocido dirigente vecinal y hoy candidatoa concejal, Claudio Pantoja, con la postulaci\u00f3n de 47 familias del Comit\u00e9 Vall\u00e9 Curim\u00f3n al subisidio para la ampliaci\u00f3n de la vivienda, quienes ven\u00edan desde hace tres a\u00f1os esperando por este beneficio del Estado.<br \/>\nSeg\u00fan indic\u00f3 el propio Pantoja, los vecinos \u00abya hab\u00edan perdido las esperanzas y no encontraban a quien acudir, hasta que se contactaron conmigo y de inmediato comenc\u00e9 las gestiones, reuni\u00e9ndome en primer t\u00e9rmino con la empresa y luego con el consejero regional Rolando Stevenson, con quien citamos a una reuni\u00f3n a los vecinos comprometiendo una respuesta concreta por parte de la Egis\u00bb.<br \/>\nSeg\u00fan destaca el dirigente, hoy la realidad nos dice que se postularon las respectivas carpetas al Serviu, a trav\u00e9s de la Consultora Altamira y el resultado lo dio a conocer la arquitecto Claudia Palma: \u00abEfectivamente, 47 familias del comit\u00e9 Villa Valle Curim\u00f3n cumplieron con todos los requisitos exigidos para postularlos y me atrever\u00eda a apostar a que ser\u00e1n favorecidos con el subsidio para construir sus ampliaciones, ya que este llamado cuenta con una cantidad de gran magnitud, por lo cual esperamos que en menos de 70 d\u00edas tengamos las aprobaciones en manos de los vecinos y vecinas\u00bb.<br \/>\nAl respecto, una de las integrantes del Comit\u00e9, Amelia Carvacho, se\u00f1al\u00f3: \u00abQuiero agradecer a Claudio Pantoja por habernos escuchado y haber colaborado con nosotros para conseguir la concreci\u00f3n de este proyecto que tanto necesitamos. Durante casi 4 a\u00f1os nadie nos ayud\u00f3 y, despu\u00e9s de acudir a don Claudio, inmediatamente se not\u00f3 que nos estaba ayudando de verdad. Adem\u00e1s, \u00e9l sum\u00f3 a esta petici\u00f3n nuestra a don Rolando Stevenson, a qui\u00e9n tambi\u00e9n quiero darle las infinitas gracias a nombre m\u00edo y del comit\u00e9\u00bb.<br \/>\nEfectivamente, el viernes reci\u00e9n pasado, Claudio Pantoja se reuni\u00f3 con los vecinos del Comit\u00e9 para contarles personalmente las buenas noticias obtenidas desde la consultora Altamira.<br \/>\nAl respecto, Pantoja indic\u00f3: \u00abAcabamos la reuni\u00f3n con integrantes del comit\u00e9 de ampliaciones Villa Valle Curim\u00f3n y me siento muy satisfecho por lo que hemos logrado. Digo hemos, porque la gente, las personas, los vecinos y vecinas s\u00f3lo piden ser escuchados, tomados en cuenta y ser orientados. Todo lo dem\u00e1s lo ponen ellos y ellas. He sido testigo de muchas iniciativas como \u00e9sta. Las familias -especialmente las m\u00e1s humildes- no quieren \u2018regalos ni favores\u2019, quieren participar y trabajar por mejorar su calidad de vida \u00bfy qu\u00e9 piden?: s\u00f3lo que la autoridad las trate con respeto y los acompa\u00f1e en el camino para conseguir sus objetivos. Esa es la manera m\u00e1s digna de avanzar y concretar sue\u00f1os comunes y, para eso yo he estado, estoy y estar\u00e9 disponible, ojal\u00e1 desde el Concejo Municipal, ya que desde all\u00ed, como concejal, tendr\u00e9 m\u00e1s herramientas e informaci\u00f3n para seguir trabajando juntos, codo a codo, con todos y cada uno de los comit\u00e9s que me necesiten, no s\u00f3lo para ampliaciones, sino para pavimentos participativos, paneles termosolares, mejoramiento de la vivienda y su entorno, eficiencia en la calefacci\u00f3n y tantos programas m\u00e1s que existen hoy en d\u00eda y que muchas veces se pierden s\u00f3lo porque las autoridades no bajan al barrio a contar, promover y comprometerse con apoyar este tipo de iniciativas. Yo s\u00ed quiero seguirlo haciendo y, a eso, me comprometo\u00bb.<br \/>\nFinalmente, consultado el core Stevenson, \u00e9ste manifest\u00f3: \u00abContento en este actuar com\u00fan de los vecinos, de dirigentes como Pantoja, de empresas especializas y mi modesto aporte al \u00e9xito de esta postulaci\u00f3n que debe favorecer a las 47 familias que han pasado el primer examen. Esta comunidad ha esperado por m\u00e1s de tres a\u00f1os para obtener las ampliaciones de sus viviendas. Este mismo grupo organizado podr\u00e1, al igual que otros vecinos, postular en un pr\u00f3ximo llamado a las placas solares que les permitir\u00e1n ahorrar en los gastos de energ\u00eda en sus hogares. Lo importante es actuar coordinados para que todos tengan acceso a los beneficios que otorga el Estado a trav\u00e9s del Serviu\u00bb.<\/p>\n<figure id=\"attachment_74533\" aria-describedby=\"caption-attachment-74533\" style=\"width: 530px\" class=\"wp-caption alignleft\"><a href=\"http:\/\/www.eltrabajo.cl\/portal\/despues-de-3-anos-por-fin-postulan-a-familias-del-comite-valle-curimon\/pantoja-vecinos-valle-curimon\/\" rel=\"attachment wp-att-74533\"><img data-recalc-dims=\"1\" loading=\"lazy\" decoding=\"async\" class=\"size-full wp-image-74533\" src=\"https:\/\/i0.wp.com\/www.eltrabajo.cl\/portal\/wp-content\/uploads\/2016\/10\/pantoja-vecinos-valle-curimon.jpg?resize=530%2C350\" alt=\"Familias del Comit\u00e9 Valle Curim\u00f3n llevaban m\u00e1s de 3 a\u00f1os esperando a que la empresa consultora los postulara a los recursos Serviu para ampliar sus casas.\" width=\"530\" height=\"350\" srcset=\"https:\/\/i0.wp.com\/eltrabajo.cl\/portal\/wp-content\/uploads\/2016\/10\/pantoja-vecinos-valle-curimon.jpg?w=530&amp;ssl=1 530w, https:\/\/i0.wp.com\/eltrabajo.cl\/portal\/wp-content\/uploads\/2016\/10\/pantoja-vecinos-valle-curimon.jpg?resize=200%2C132&amp;ssl=1 200w, https:\/\/i0.wp.com\/eltrabajo.cl\/portal\/wp-content\/uploads\/2016\/10\/pantoja-vecinos-valle-curimon.jpg?resize=300%2C198&amp;ssl=1 300w, https:\/\/i0.wp.com\/eltrabajo.cl\/portal\/wp-content\/uploads\/2016\/10\/pantoja-vecinos-valle-curimon.jpg?resize=227%2C150&amp;ssl=1 227w, https:\/\/i0.wp.com\/eltrabajo.cl\/portal\/wp-content\/uploads\/2016\/10\/pantoja-vecinos-valle-curimon.jpg?resize=400%2C264&amp;ssl=1 400w\" sizes=\"auto, (max-width: 530px) 100vw, 530px\" \/><\/a><figcaption id=\"caption-attachment-74533\" class=\"wp-caption-text\">Familias del Comit\u00e9 Valle Curim\u00f3n llevaban m\u00e1s de 3 a\u00f1os esperando a que la empresa consultora los postulara a los recursos Serviu para ampliar sus casas.<\/figcaption><\/figure>\n","protected":false},"excerpt":{"rendered":"<p>Son 47 familias que esperan concretar la ampliaci\u00f3n de sus viviendas: Su satisfacci\u00f3n expres\u00f3 el conocido dirigente vecinal y hoy candidatoa concejal, Claudio Pantoja, con la postulaci\u00f3n de 47 familias del Comit\u00e9&#8230;<\/p>\n","protected":false},"author":1,"featured_media":74533,"comment_status":"open","ping_status":"open","sticky":false,"template":"","format":"standard","meta":{"advanced_seo_description":"","jetpack_seo_html_title":"","jetpack_seo_noindex":false,"_jetpack_memberships_contains_paid_content":false,"footnotes":""},"categories":[15],"tags":[],"class_list":["post-74532","post","type-post","status-publish","format-standard","has-post-thumbnail","hentry","category-comunidad"],"jetpack_featured_media_url":"https:\/\/i0.wp.com\/eltrabajo.cl\/portal\/wp-content\/uploads\/2016\/10\/pantoja-vecinos-valle-curimon.jpg?fit=530%2C350&ssl=1","jetpack_sharing_enabled":true,"jetpack_likes_enabled":true,"jetpack-related-posts":[],"_links":{"self":[{"href":"https:\/\/eltrabajo.cl\/portal\/wp-json\/wp\/v2\/posts\/74532","targetHints":{"allow":["GET"]}}],"collection":[{"href":"https:\/\/eltrabajo.cl\/portal\/wp-json\/wp\/v2\/posts"}],"about":[{"href":"https:\/\/eltrabajo.cl\/portal\/wp-json\/wp\/v2\/types\/post"}],"author":[{"embeddable":true,"href":"https:\/\/eltrabajo.cl\/portal\/wp-json\/wp\/v2\/users\/1"}],"replies":[{"embeddable":true,"href":"https:\/\/eltrabajo.cl\/portal\/wp-json\/wp\/v2\/comments?post=74532"}],"version-history":[{"count":0,"href":"https:\/\/eltrabajo.cl\/portal\/wp-json\/wp\/v2\/posts\/74532\/revisions"}],"wp:featuredmedia":[{"embeddable":true,"href":"https:\/\/eltrabajo.cl\/portal\/wp-json\/wp\/v2\/media\/74533"}],"wp:attachment":[{"href":"https:\/\/eltrabajo.cl\/portal\/wp-json\/wp\/v2\/media?parent=74532"}],"wp:term":[{"taxonomy":"category","embeddable":true,"href":"https:\/\/eltrabajo.cl\/portal\/wp-json\/wp\/v2\/categories?post=74532"},{"taxonomy":"post_tag","embeddable":true,"href":"https:\/\/eltrabajo.cl\/portal\/wp-json\/wp\/v2\/tags?post=74532"}],"curies":[{"name":"wp","href":"https:\/\/api.w.org\/{rel}","templated":true}]}}