{"id":74536,"date":"2016-10-17T08:39:58","date_gmt":"2016-10-17T11:39:58","guid":{"rendered":"http:\/\/www.eltrabajo.cl\/portal\/?p=74536"},"modified":"2016-10-17T08:39:58","modified_gmt":"2016-10-17T11:39:58","slug":"denuncian-fallas-en-obras-de-mejoramiento-de-veredas-en-calle-juan-rozas","status":"publish","type":"post","link":"https:\/\/eltrabajo.cl\/portal\/denuncian-fallas-en-obras-de-mejoramiento-de-veredas-en-calle-juan-rozas\/","title":{"rendered":"Denuncian fallas en obras de mejoramiento de veredas en calle Juan Rozas"},"content":{"rendered":"<ul>\n<li><strong>Escalones no son advertidos por los peatones:<\/strong><\/li>\n<\/ul>\n<p>PUTAENDO.- Preocupaci\u00f3n entre residentes de Juan Rozas por algunas deficiencias en las obras de mejoramiento de veredas en algunos tramos del sector.<br \/>\nAtilio Henr\u00edquez, conocido emprendedor de la zona, nos mostr\u00f3 algunos desniveles en la superficie de las veredas, las que no son advertidas por los transe\u00fantes, adem\u00e1s de algunas partes donde al finalizar la vereda, se produce un desnivel bastante alto, pues no existen bajadas hacia la calle, en un tramo donde las veredas est\u00e1n a una altura considerable desde la calle.<br \/>\nEn otro tramo, los bordes de las veredas simplemente se rompieron, dejando \u2018carcomida\u2019 gran parte de las obras que ah\u00ed se est\u00e1n ejecutando.<br \/>\nLa preocupaci\u00f3n principal, radica en la seguridad de quienes usan estas veredas, pues los desniveles y la ausencia de escalones hacia la calle no alcanzan a ser advertidos por los peatones, causando ca\u00eddas.<br \/>\nConsultamos sobre esta situaci\u00f3n al administrador municipal y alcalde subrogante de Putaendo, Fabi\u00e1n Mu\u00f1oz, quien asegur\u00f3 que los trabajos en calle Juan Rozas a\u00fan no han finalizado, y que durante la semana se har\u00e1 una revisi\u00f3n de las faenas.<br \/>\n<strong>Patricio Gallardo<\/strong><\/p>\n<figure id=\"attachment_74537\" aria-describedby=\"caption-attachment-74537\" style=\"width: 530px\" class=\"wp-caption alignleft\"><a href=\"http:\/\/www.eltrabajo.cl\/portal\/denuncian-fallas-en-obras-de-mejoramiento-de-veredas-en-calle-juan-rozas\/veredas-juan-rozas\/\" rel=\"attachment wp-att-74537\"><img data-recalc-dims=\"1\" loading=\"lazy\" decoding=\"async\" class=\"size-full wp-image-74537\" src=\"https:\/\/i0.wp.com\/www.eltrabajo.cl\/portal\/wp-content\/uploads\/2016\/10\/veredas-juan-rozas.jpg?resize=530%2C349\" alt=\"Desniveles, veredas sin bajadas y roturas antes que terminen las obras son parte de los reclamos de los residentes de Calle Juan Rozas. \" width=\"530\" height=\"349\" srcset=\"https:\/\/i0.wp.com\/eltrabajo.cl\/portal\/wp-content\/uploads\/2016\/10\/veredas-juan-rozas.jpg?w=530&amp;ssl=1 530w, https:\/\/i0.wp.com\/eltrabajo.cl\/portal\/wp-content\/uploads\/2016\/10\/veredas-juan-rozas.jpg?resize=200%2C132&amp;ssl=1 200w, https:\/\/i0.wp.com\/eltrabajo.cl\/portal\/wp-content\/uploads\/2016\/10\/veredas-juan-rozas.jpg?resize=300%2C198&amp;ssl=1 300w, https:\/\/i0.wp.com\/eltrabajo.cl\/portal\/wp-content\/uploads\/2016\/10\/veredas-juan-rozas.jpg?resize=228%2C150&amp;ssl=1 228w, https:\/\/i0.wp.com\/eltrabajo.cl\/portal\/wp-content\/uploads\/2016\/10\/veredas-juan-rozas.jpg?resize=400%2C263&amp;ssl=1 400w\" sizes=\"auto, (max-width: 530px) 100vw, 530px\" \/><\/a><figcaption id=\"caption-attachment-74537\" class=\"wp-caption-text\">Desniveles, veredas sin bajadas y roturas antes que terminen las obras son parte de los reclamos de los residentes de Calle Juan Rozas.<\/figcaption><\/figure>\n","protected":false},"excerpt":{"rendered":"<p>Escalones no son advertidos por los peatones: PUTAENDO.- Preocupaci\u00f3n entre residentes de Juan Rozas por algunas deficiencias en las obras de mejoramiento de veredas en algunos tramos del sector. Atilio Henr\u00edquez, conocido&#8230;<\/p>\n","protected":false},"author":1,"featured_media":74537,"comment_status":"open","ping_status":"open","sticky":false,"template":"","format":"standard","meta":{"advanced_seo_description":"","jetpack_seo_html_title":"","jetpack_seo_noindex":false,"_jetpack_memberships_contains_paid_content":false,"footnotes":""},"categories":[15],"tags":[],"class_list":["post-74536","post","type-post","status-publish","format-standard","has-post-thumbnail","hentry","category-comunidad"],"jetpack_featured_media_url":"https:\/\/i0.wp.com\/eltrabajo.cl\/portal\/wp-content\/uploads\/2016\/10\/veredas-juan-rozas.jpg?fit=530%2C349&ssl=1","jetpack_sharing_enabled":true,"jetpack_likes_enabled":true,"jetpack-related-posts":[],"_links":{"self":[{"href":"https:\/\/eltrabajo.cl\/portal\/wp-json\/wp\/v2\/posts\/74536","targetHints":{"allow":["GET"]}}],"collection":[{"href":"https:\/\/eltrabajo.cl\/portal\/wp-json\/wp\/v2\/posts"}],"about":[{"href":"https:\/\/eltrabajo.cl\/portal\/wp-json\/wp\/v2\/types\/post"}],"author":[{"embeddable":true,"href":"https:\/\/eltrabajo.cl\/portal\/wp-json\/wp\/v2\/users\/1"}],"replies":[{"embeddable":true,"href":"https:\/\/eltrabajo.cl\/portal\/wp-json\/wp\/v2\/comments?post=74536"}],"version-history":[{"count":0,"href":"https:\/\/eltrabajo.cl\/portal\/wp-json\/wp\/v2\/posts\/74536\/revisions"}],"wp:featuredmedia":[{"embeddable":true,"href":"https:\/\/eltrabajo.cl\/portal\/wp-json\/wp\/v2\/media\/74537"}],"wp:attachment":[{"href":"https:\/\/eltrabajo.cl\/portal\/wp-json\/wp\/v2\/media?parent=74536"}],"wp:term":[{"taxonomy":"category","embeddable":true,"href":"https:\/\/eltrabajo.cl\/portal\/wp-json\/wp\/v2\/categories?post=74536"},{"taxonomy":"post_tag","embeddable":true,"href":"https:\/\/eltrabajo.cl\/portal\/wp-json\/wp\/v2\/tags?post=74536"}],"curies":[{"name":"wp","href":"https:\/\/api.w.org\/{rel}","templated":true}]}}