{"id":74548,"date":"2016-10-17T08:47:19","date_gmt":"2016-10-17T11:47:19","guid":{"rendered":"http:\/\/www.eltrabajo.cl\/portal\/?p=74548"},"modified":"2016-10-17T08:47:19","modified_gmt":"2016-10-17T11:47:19","slug":"familias-comite-esperanza-del-halcon-de-panquehue-recibieron-casa-propia","status":"publish","type":"post","link":"https:\/\/eltrabajo.cl\/portal\/familias-comite-esperanza-del-halcon-de-panquehue-recibieron-casa-propia\/","title":{"rendered":"Familias \u2018Comit\u00e9 Esperanza del Halc\u00f3n\u2019 de Panquehue recibieron casa propia"},"content":{"rendered":"<ul>\n<li><strong>Sue\u00f1o cumplido tras a\u00f1os de espera:<\/strong><\/li>\n<\/ul>\n<p><strong>PANQUEHUE.-<\/strong> Tras a\u00f1os de espera, se cumpli\u00f3 el anhelado sue\u00f1o de 159 familias de Panquehue, quienes pudieron recibir, de manos de las autoridades, las ansiadas escrituras de sus viviendas, que ya est\u00e1n construidas en un 100%, en una emotiva ceremonia que se desarroll\u00f3 este s\u00e1bado. Se trata del \u2018Comit\u00e9 Habitacional Esperanza del Halc\u00f3n\u2019 que ya celebran formar parte de la nueva Villa Altos del Mirador.<br \/>\nLas familias integrantes del \u2018Comit\u00e9 Esperanza del Halc\u00f3n\u2019 iniciaron el proceso que les permiti\u00f3 acceder a la casa propia, a trav\u00e9s del Fondo Solidario de Elecci\u00f3n de Vivienda del Minvu, que es posible mediante el ahorro de cada grupo familiar y la inversi\u00f3n de 650 UF (cerca de 17 millones de pesos (650 UF). En tanto, la inversi\u00f3n total de la construcci\u00f3n de este complejo habitacional, supera los 2 mil 100 millones de pesos, transform\u00e1ndose en un importante aporte que el Gobierno realiza en la comuna, para cumplir el sue\u00f1o de la casa propia de cientos de familias.<br \/>\nLa ceremonia estuvo encabezada por el gobernador Eduardo Le\u00f3n, el director regional de Serviu, Carlos Contador, el jefe de la Unidad Regional de la Subdere, Eduardo Past\u00e9n, y el municipio de Panquehue, quienes acompa\u00f1aron a este centenar de nuevos propietarios en este importante momento.<br \/>\nEn la ocasi\u00f3n, la m\u00e1xima autoridad de la Provincia destac\u00f3 \u201cha sido un d\u00eda emocionante, no s\u00f3lo porque se entregaron 159 casas, sino porque se constituyeron hogares y se construy\u00f3 un barrio, tal como lo que quiere construir el Gobierno de la presidenta Bachelet. Las cosas cuando cuestan tiene m\u00e1s valor y hoy cerramos un ciclo importante para muchas vecinas y vecinos de Panquehue\u201d enfatiz\u00f3 Le\u00f3n.<br \/>\nEn tanto, Past\u00e9n se\u00f1al\u00f3 que \u201cHubo algunos percances en el camino, pero lo que logramos hoy es important\u00edsimo para las y los integrantes del Comit\u00e9 Esperanza del Halc\u00f3n. Este proyecto en sus inicios, no contaba con la factibilidad de saneamiento y el APR no reun\u00eda las condiciones t\u00e9cnicas para entregar el servicio que corresponde, de ah\u00ed, que Subdere financia estos proyectos por mandato de la presidenta Bachelet. Hay un trabajo coordinado entre las instituciones que hoy se ve reflejado\u201d finaliz\u00f3.<br \/>\nPor su parte, el director regional de Serviu, Carlos Contador, dijo que \u201cPor fin termina un proceso largo para estas familias. Nosotros como Serviu estamos mucho m\u00e1s contentos que las mismas familias porque hemos podido terminar a una obra importante que vino a darle soluci\u00f3n a una necesidad de estos vecinos\u201d mencion\u00f3 la autoridad.<br \/>\nFinalmente, Ang\u00e9lica Urtubia, presidenta del Comit\u00e9 Esperanza del Halc\u00f3n, se mostr\u00f3 muy contenta que esta inauguraci\u00f3n. \u201cFue un largo proceso, pero ya se cumpli\u00f3 este sue\u00f1o. Nos cost\u00f3 mucho pero estamos felices y contentos porque ya estamos ac\u00e1, ocupando nuestras casas\u201d dijo la emocionada dirigente.<br \/>\nEsta obra, tuvo un aporte de m\u00e1s de 320 millones por parte de la Subdere, siendo utilizados para obras de acceso, planta de tratamiento de alcantarillado particular y estanque elevado de agua potable. Adem\u00e1s, cuenta con extensas \u00e1reas verdes donde instalaron juegos infantiles, arborizaci\u00f3n y sendero peatonales.<\/p>\n<figure id=\"attachment_74549\" aria-describedby=\"caption-attachment-74549\" style=\"width: 530px\" class=\"wp-caption alignleft\"><a href=\"http:\/\/www.eltrabajo.cl\/portal\/familias-comite-esperanza-del-halcon-de-panquehue-recibieron-casa-propia\/esperanzas-halcon\/\" rel=\"attachment wp-att-74549\"><img data-recalc-dims=\"1\" loading=\"lazy\" decoding=\"async\" class=\"size-full wp-image-74549\" src=\"https:\/\/i0.wp.com\/www.eltrabajo.cl\/portal\/wp-content\/uploads\/2016\/10\/ESPERANZAS-HALCON.jpg?resize=530%2C349\" alt=\"Un total de 159 familias del \u2018Comit\u00e9 Habitacional Esperanza del Halc\u00f3n\u2019 de Panquehue, pudieron recibir de manos de las autoridades, las ansiadas escrituras de sus viviendas en una emotiva ceremonia que se desarroll\u00f3 este s\u00e1bado.\" width=\"530\" height=\"349\" srcset=\"https:\/\/i0.wp.com\/eltrabajo.cl\/portal\/wp-content\/uploads\/2016\/10\/ESPERANZAS-HALCON.jpg?w=530&amp;ssl=1 530w, https:\/\/i0.wp.com\/eltrabajo.cl\/portal\/wp-content\/uploads\/2016\/10\/ESPERANZAS-HALCON.jpg?resize=200%2C132&amp;ssl=1 200w, https:\/\/i0.wp.com\/eltrabajo.cl\/portal\/wp-content\/uploads\/2016\/10\/ESPERANZAS-HALCON.jpg?resize=300%2C198&amp;ssl=1 300w, https:\/\/i0.wp.com\/eltrabajo.cl\/portal\/wp-content\/uploads\/2016\/10\/ESPERANZAS-HALCON.jpg?resize=228%2C150&amp;ssl=1 228w, https:\/\/i0.wp.com\/eltrabajo.cl\/portal\/wp-content\/uploads\/2016\/10\/ESPERANZAS-HALCON.jpg?resize=400%2C263&amp;ssl=1 400w\" sizes=\"auto, (max-width: 530px) 100vw, 530px\" \/><\/a><figcaption id=\"caption-attachment-74549\" class=\"wp-caption-text\">Un total de 159 familias del \u2018Comit\u00e9 Habitacional Esperanza del Halc\u00f3n\u2019 de Panquehue, pudieron recibir de manos de las autoridades, las ansiadas escrituras de sus viviendas en una emotiva ceremonia que se desarroll\u00f3 este s\u00e1bado.<\/figcaption><\/figure>\n","protected":false},"excerpt":{"rendered":"<p>Sue\u00f1o cumplido tras a\u00f1os de espera: PANQUEHUE.- Tras a\u00f1os de espera, se cumpli\u00f3 el anhelado sue\u00f1o de 159 familias de Panquehue, quienes pudieron recibir, de manos de las autoridades, las ansiadas escrituras&#8230;<\/p>\n","protected":false},"author":1,"featured_media":74549,"comment_status":"open","ping_status":"open","sticky":false,"template":"","format":"standard","meta":{"advanced_seo_description":"","jetpack_seo_html_title":"","jetpack_seo_noindex":false,"_jetpack_memberships_contains_paid_content":false,"footnotes":""},"categories":[1],"tags":[],"class_list":["post-74548","post","type-post","status-publish","format-standard","has-post-thumbnail","hentry","category-cronica"],"jetpack_featured_media_url":"https:\/\/i0.wp.com\/eltrabajo.cl\/portal\/wp-content\/uploads\/2016\/10\/ESPERANZAS-HALCON.jpg?fit=530%2C349&ssl=1","jetpack_sharing_enabled":true,"jetpack_likes_enabled":true,"jetpack-related-posts":[],"_links":{"self":[{"href":"https:\/\/eltrabajo.cl\/portal\/wp-json\/wp\/v2\/posts\/74548","targetHints":{"allow":["GET"]}}],"collection":[{"href":"https:\/\/eltrabajo.cl\/portal\/wp-json\/wp\/v2\/posts"}],"about":[{"href":"https:\/\/eltrabajo.cl\/portal\/wp-json\/wp\/v2\/types\/post"}],"author":[{"embeddable":true,"href":"https:\/\/eltrabajo.cl\/portal\/wp-json\/wp\/v2\/users\/1"}],"replies":[{"embeddable":true,"href":"https:\/\/eltrabajo.cl\/portal\/wp-json\/wp\/v2\/comments?post=74548"}],"version-history":[{"count":0,"href":"https:\/\/eltrabajo.cl\/portal\/wp-json\/wp\/v2\/posts\/74548\/revisions"}],"wp:featuredmedia":[{"embeddable":true,"href":"https:\/\/eltrabajo.cl\/portal\/wp-json\/wp\/v2\/media\/74549"}],"wp:attachment":[{"href":"https:\/\/eltrabajo.cl\/portal\/wp-json\/wp\/v2\/media?parent=74548"}],"wp:term":[{"taxonomy":"category","embeddable":true,"href":"https:\/\/eltrabajo.cl\/portal\/wp-json\/wp\/v2\/categories?post=74548"},{"taxonomy":"post_tag","embeddable":true,"href":"https:\/\/eltrabajo.cl\/portal\/wp-json\/wp\/v2\/tags?post=74548"}],"curies":[{"name":"wp","href":"https:\/\/api.w.org\/{rel}","templated":true}]}}