{"id":74561,"date":"2016-10-17T08:55:40","date_gmt":"2016-10-17T11:55:40","guid":{"rendered":"http:\/\/www.eltrabajo.cl\/portal\/?p=74561"},"modified":"2016-10-17T08:55:40","modified_gmt":"2016-10-17T11:55:40","slug":"exito-total-en-la-gran-feria-migrante-realizada-en-la-plaza-civica","status":"publish","type":"post","link":"https:\/\/eltrabajo.cl\/portal\/exito-total-en-la-gran-feria-migrante-realizada-en-la-plaza-civica\/","title":{"rendered":"\u00c9xito total en la gran Feria Migrante realizada en la Plaza C\u00edvica"},"content":{"rendered":"<p>Gracias a una iniciativa de Gobernaci\u00f3n de San Felipe, Sercotec, Fosis y en coordinaci\u00f3n con el Ministerio de Cultura, una muestra pluricultural migrante, jornada en la que una gran mayor\u00eda de los migrantes que viven en el Valle Aconcagua pudieron participar presentando sus mejores galas.<br \/>\nHubo stands de Colombia, Hait\u00ed, Venezuela, Per\u00fa, Ecuador, Brasil, Rep\u00fablica Dominicana y Argentina, entre otros pa\u00edses participantes. Cada delegaci\u00f3n expuso en esta Feria Migrante, sus mejores comidas, artesan\u00edas, muestras hist\u00f3ricas y art\u00edsticas.<\/p>\n<figure id=\"attachment_74564\" aria-describedby=\"caption-attachment-74564\" style=\"width: 300px\" class=\"wp-caption alignleft\"><a href=\"http:\/\/www.eltrabajo.cl\/portal\/exito-total-en-la-gran-feria-migrante-realizada-en-la-plaza-civica\/ministro-cultura-ernesto-ottone\/\" rel=\"attachment wp-att-74564\"><img data-recalc-dims=\"1\" loading=\"lazy\" decoding=\"async\" class=\"size-medium wp-image-74564\" src=\"https:\/\/i0.wp.com\/www.eltrabajo.cl\/portal\/wp-content\/uploads\/2016\/10\/ministro-cultura-Ernesto-Ottone-300x198.jpg?resize=300%2C198\" alt=\"Ministro de Cultura, Ernesto Ottone.\" width=\"300\" height=\"198\" srcset=\"https:\/\/i0.wp.com\/eltrabajo.cl\/portal\/wp-content\/uploads\/2016\/10\/ministro-cultura-Ernesto-Ottone.jpg?resize=300%2C198&amp;ssl=1 300w, https:\/\/i0.wp.com\/eltrabajo.cl\/portal\/wp-content\/uploads\/2016\/10\/ministro-cultura-Ernesto-Ottone.jpg?resize=200%2C132&amp;ssl=1 200w, https:\/\/i0.wp.com\/eltrabajo.cl\/portal\/wp-content\/uploads\/2016\/10\/ministro-cultura-Ernesto-Ottone.jpg?resize=228%2C150&amp;ssl=1 228w, https:\/\/i0.wp.com\/eltrabajo.cl\/portal\/wp-content\/uploads\/2016\/10\/ministro-cultura-Ernesto-Ottone.jpg?resize=400%2C263&amp;ssl=1 400w, https:\/\/i0.wp.com\/eltrabajo.cl\/portal\/wp-content\/uploads\/2016\/10\/ministro-cultura-Ernesto-Ottone.jpg?w=530&amp;ssl=1 530w\" sizes=\"auto, (max-width: 300px) 100vw, 300px\" \/><\/a><figcaption id=\"caption-attachment-74564\" class=\"wp-caption-text\">Ministro de Cultura, Ernesto Ottone.<\/figcaption><\/figure>\n<p>Fue el propio ministro de Cultura, Ernesto Ottone, quien al lado del gobernador Eduardo Le\u00f3n y de otras autoridades, supervis\u00f3 esta singular feria. Diario El Trabajo habl\u00f3 con Ottone.<br \/>\n\u00abCuando en una comunidad se invita a la poblaci\u00f3n migrante a presentar p\u00fablicamente su cultura, tradiciones y gastronom\u00eda, implica un reconocimiento al desarrollo que tiene este intercambio de interculturalidad, de la misma forma que ocurri\u00f3 durante el siglo pasado, el programa Migrantes es generado por el Consejo Nacional de Cultura, quienes hemos vivido en otros pa\u00edses sabemos que todo lo positivo de las culturas migrantes en nuestro pa\u00eds es m\u00e1s importante, que las noticias negativas que eventualmente salen en los medios en relaci\u00f3n a delitos, es m\u00e1s lo positivo\u00bb, explic\u00f3 el ministro.<br \/>\n<strong>Roberto Gonz\u00e1lez Short<\/strong><\/p>\n<figure id=\"attachment_74562\" aria-describedby=\"caption-attachment-74562\" style=\"width: 530px\" class=\"wp-caption alignleft\"><a href=\"http:\/\/www.eltrabajo.cl\/portal\/exito-total-en-la-gran-feria-migrante-realizada-en-la-plaza-civica\/brasil1-3\/\" rel=\"attachment wp-att-74562\"><img data-recalc-dims=\"1\" loading=\"lazy\" decoding=\"async\" class=\"size-full wp-image-74562\" src=\"https:\/\/i0.wp.com\/www.eltrabajo.cl\/portal\/wp-content\/uploads\/2016\/10\/Brasil1.jpg?resize=530%2C350\" alt=\"CARIOCAS.- Aqu\u00ed tenemos a los j\u00f3venes brasile\u00f1os, ellos tambi\u00e9n presentaron sus comidas t\u00edpicas en la Plaza C\u00edvica.\" width=\"530\" height=\"350\" srcset=\"https:\/\/i0.wp.com\/eltrabajo.cl\/portal\/wp-content\/uploads\/2016\/10\/Brasil1.jpg?w=530&amp;ssl=1 530w, https:\/\/i0.wp.com\/eltrabajo.cl\/portal\/wp-content\/uploads\/2016\/10\/Brasil1.jpg?resize=200%2C132&amp;ssl=1 200w, https:\/\/i0.wp.com\/eltrabajo.cl\/portal\/wp-content\/uploads\/2016\/10\/Brasil1.jpg?resize=300%2C198&amp;ssl=1 300w, https:\/\/i0.wp.com\/eltrabajo.cl\/portal\/wp-content\/uploads\/2016\/10\/Brasil1.jpg?resize=227%2C150&amp;ssl=1 227w, https:\/\/i0.wp.com\/eltrabajo.cl\/portal\/wp-content\/uploads\/2016\/10\/Brasil1.jpg?resize=400%2C264&amp;ssl=1 400w\" sizes=\"auto, (max-width: 530px) 100vw, 530px\" \/><\/a><figcaption id=\"caption-attachment-74562\" class=\"wp-caption-text\">CARIOCAS.- Aqu\u00ed tenemos a los j\u00f3venes brasile\u00f1os, ellos tambi\u00e9n presentaron sus comidas t\u00edpicas en la Plaza C\u00edvica.<\/figcaption><\/figure>\n<figure id=\"attachment_74563\" aria-describedby=\"caption-attachment-74563\" style=\"width: 530px\" class=\"wp-caption alignleft\"><a href=\"http:\/\/www.eltrabajo.cl\/portal\/exito-total-en-la-gran-feria-migrante-realizada-en-la-plaza-civica\/lagritona\/\" rel=\"attachment wp-att-74563\"><img data-recalc-dims=\"1\" loading=\"lazy\" decoding=\"async\" class=\"size-full wp-image-74563\" src=\"https:\/\/i0.wp.com\/www.eltrabajo.cl\/portal\/wp-content\/uploads\/2016\/10\/LaGritona.jpg?resize=530%2C350\" alt=\"LA GRITONA.- Aqu\u00ed tenemos a los chicos de Comparsa La Gritona, de Valpara\u00edso, agrupaci\u00f3n art\u00edstica que present\u00f3 su trabajo en esta Feria Migrante.\" width=\"530\" height=\"350\" srcset=\"https:\/\/i0.wp.com\/eltrabajo.cl\/portal\/wp-content\/uploads\/2016\/10\/LaGritona.jpg?w=530&amp;ssl=1 530w, https:\/\/i0.wp.com\/eltrabajo.cl\/portal\/wp-content\/uploads\/2016\/10\/LaGritona.jpg?resize=200%2C132&amp;ssl=1 200w, https:\/\/i0.wp.com\/eltrabajo.cl\/portal\/wp-content\/uploads\/2016\/10\/LaGritona.jpg?resize=300%2C198&amp;ssl=1 300w, https:\/\/i0.wp.com\/eltrabajo.cl\/portal\/wp-content\/uploads\/2016\/10\/LaGritona.jpg?resize=227%2C150&amp;ssl=1 227w, https:\/\/i0.wp.com\/eltrabajo.cl\/portal\/wp-content\/uploads\/2016\/10\/LaGritona.jpg?resize=400%2C264&amp;ssl=1 400w\" sizes=\"auto, (max-width: 530px) 100vw, 530px\" \/><\/a><figcaption id=\"caption-attachment-74563\" class=\"wp-caption-text\">LA GRITONA.- Aqu\u00ed tenemos a los chicos de Comparsa La Gritona, de Valpara\u00edso, agrupaci\u00f3n art\u00edstica que present\u00f3 su trabajo en esta Feria Migrante.<\/figcaption><\/figure>\n","protected":false},"excerpt":{"rendered":"<p>Gracias a una iniciativa de Gobernaci\u00f3n de San Felipe, Sercotec, Fosis y en coordinaci\u00f3n con el Ministerio de Cultura, una muestra pluricultural migrante, jornada en la que una gran mayor\u00eda de los&#8230;<\/p>\n","protected":false},"author":1,"featured_media":74563,"comment_status":"open","ping_status":"open","sticky":false,"template":"","format":"standard","meta":{"advanced_seo_description":"","jetpack_seo_html_title":"","jetpack_seo_noindex":false,"_jetpack_memberships_contains_paid_content":false,"footnotes":""},"categories":[20],"tags":[],"class_list":["post-74561","post","type-post","status-publish","format-standard","has-post-thumbnail","hentry","category-arte-y-cultura"],"jetpack_featured_media_url":"https:\/\/i0.wp.com\/eltrabajo.cl\/portal\/wp-content\/uploads\/2016\/10\/LaGritona.jpg?fit=530%2C350&ssl=1","jetpack_sharing_enabled":true,"jetpack_likes_enabled":true,"jetpack-related-posts":[],"_links":{"self":[{"href":"https:\/\/eltrabajo.cl\/portal\/wp-json\/wp\/v2\/posts\/74561","targetHints":{"allow":["GET"]}}],"collection":[{"href":"https:\/\/eltrabajo.cl\/portal\/wp-json\/wp\/v2\/posts"}],"about":[{"href":"https:\/\/eltrabajo.cl\/portal\/wp-json\/wp\/v2\/types\/post"}],"author":[{"embeddable":true,"href":"https:\/\/eltrabajo.cl\/portal\/wp-json\/wp\/v2\/users\/1"}],"replies":[{"embeddable":true,"href":"https:\/\/eltrabajo.cl\/portal\/wp-json\/wp\/v2\/comments?post=74561"}],"version-history":[{"count":0,"href":"https:\/\/eltrabajo.cl\/portal\/wp-json\/wp\/v2\/posts\/74561\/revisions"}],"wp:featuredmedia":[{"embeddable":true,"href":"https:\/\/eltrabajo.cl\/portal\/wp-json\/wp\/v2\/media\/74563"}],"wp:attachment":[{"href":"https:\/\/eltrabajo.cl\/portal\/wp-json\/wp\/v2\/media?parent=74561"}],"wp:term":[{"taxonomy":"category","embeddable":true,"href":"https:\/\/eltrabajo.cl\/portal\/wp-json\/wp\/v2\/categories?post=74561"},{"taxonomy":"post_tag","embeddable":true,"href":"https:\/\/eltrabajo.cl\/portal\/wp-json\/wp\/v2\/tags?post=74561"}],"curies":[{"name":"wp","href":"https:\/\/api.w.org\/{rel}","templated":true}]}}