{"id":74567,"date":"2016-10-17T08:59:04","date_gmt":"2016-10-17T11:59:04","guid":{"rendered":"http:\/\/www.eltrabajo.cl\/portal\/?p=74567"},"modified":"2016-10-17T08:59:04","modified_gmt":"2016-10-17T11:59:04","slug":"en-solemne-ceremonia-celebran-los-121-anos-de-bomba-la-internacional","status":"publish","type":"post","link":"https:\/\/eltrabajo.cl\/portal\/en-solemne-ceremonia-celebran-los-121-anos-de-bomba-la-internacional\/","title":{"rendered":"En Solemne Ceremonia celebran los 121 a\u00f1os de &#8216;Bomba La Internacional&#8217;"},"content":{"rendered":"<p>Fue en el marco de una solemne ceremonia de aniversario, en el que se realiz\u00f3 la celebraci\u00f3n de los 121 a\u00f1os de 2\u00aa Compa\u00f1\u00eda de Bomberos (Bomba La Internacional), acto en el que se leyeron las actas inaugurales de esa prestigiosa casa bomberil; premiaci\u00f3n a sus miembros y a quienes contin\u00faan hasta hoy colaborando con este proyecto de bien a nuestra sociedad.<br \/>\nEsta bomba naci\u00f3 a ra\u00edz de la necesidad de poder enfrentar incendios como el de Hotel Col\u00f3n y Banco de Chile, ocurrido en 1895, en San Felipe.<\/p>\n<p><strong>LAS PREMIACIONES<\/strong><br \/>\nLa noche de este s\u00e1bado, fue premiado el miembro de honor de La Internacional, don Ismael Herrera Ben\u00edtez, quien ingres\u00f3 como voluntario en 1943; tambi\u00e9n se premi\u00f3 a sanfelipe\u00f1os que desde el 2015 han contribuido con ayuda material para la Compa\u00f1\u00eda, as\u00ed como premios tambi\u00e9n a varios voluntarios por su data en el Cuerpo.<\/p>\n<p><strong>EQUIPO NUEVO<\/strong><br \/>\n\u00abEn esta 2\u00aa Compa\u00f1\u00eda de Bomberos contamos con 50 bomberos voluntarios, de los cuales catorce son bomberos honorarios; un grupo importante grupo de aspirantes y tambi\u00e9n muchos voluntarios activos. De informar que en los pr\u00f3ximos meses esta Compa\u00f1\u00eda recibir\u00e1 un carro \u00faltima generaci\u00f3n, y un proyecto de renovaci\u00f3n del carro a escala mec\u00e1nica, el nuevo tiene un valor de $220 millones, mientras que la reparaci\u00f3n de la escala mec\u00e1nica es de $560 millones\u00bb, explic\u00f3 a Diario El Trabajo el superintendente de Bomberos, Julio Hardoy.<br \/>\n<strong>Roberto Gonz\u00e1lez Short<\/strong><\/p>\n<figure id=\"attachment_74568\" aria-describedby=\"caption-attachment-74568\" style=\"width: 530px\" class=\"wp-caption alignleft\"><a href=\"http:\/\/www.eltrabajo.cl\/portal\/en-solemne-ceremonia-celebran-los-121-anos-de-bomba-la-internacional\/freire-premiado-bomberos\/\" rel=\"attachment wp-att-74568\"><img data-recalc-dims=\"1\" loading=\"lazy\" decoding=\"async\" class=\"size-full wp-image-74568\" src=\"https:\/\/i0.wp.com\/www.eltrabajo.cl\/portal\/wp-content\/uploads\/2016\/10\/freire-premiado-bomberos.jpg?resize=530%2C350\" alt=\"FREIRE PREMIADO.- El alcalde en t\u00edtulo de San Felipe y candidato al mismo cargo, Patricio Freire, recibi\u00f3 un reconocimiento de Bomberos, por su apoyo al desarrollo de esa Compa\u00f1\u00eda.\" width=\"530\" height=\"350\" srcset=\"https:\/\/i0.wp.com\/eltrabajo.cl\/portal\/wp-content\/uploads\/2016\/10\/freire-premiado-bomberos.jpg?w=530&amp;ssl=1 530w, https:\/\/i0.wp.com\/eltrabajo.cl\/portal\/wp-content\/uploads\/2016\/10\/freire-premiado-bomberos.jpg?resize=200%2C132&amp;ssl=1 200w, https:\/\/i0.wp.com\/eltrabajo.cl\/portal\/wp-content\/uploads\/2016\/10\/freire-premiado-bomberos.jpg?resize=300%2C198&amp;ssl=1 300w, https:\/\/i0.wp.com\/eltrabajo.cl\/portal\/wp-content\/uploads\/2016\/10\/freire-premiado-bomberos.jpg?resize=227%2C150&amp;ssl=1 227w, https:\/\/i0.wp.com\/eltrabajo.cl\/portal\/wp-content\/uploads\/2016\/10\/freire-premiado-bomberos.jpg?resize=400%2C264&amp;ssl=1 400w\" sizes=\"auto, (max-width: 530px) 100vw, 530px\" \/><\/a><figcaption id=\"caption-attachment-74568\" class=\"wp-caption-text\">FREIRE PREMIADO.- El alcalde en t\u00edtulo de San Felipe y candidato al mismo cargo, Patricio Freire, recibi\u00f3 un reconocimiento de Bomberos, por su apoyo al desarrollo de esa Compa\u00f1\u00eda.<\/figcaption><\/figure>\n<figure id=\"attachment_74569\" aria-describedby=\"caption-attachment-74569\" style=\"width: 530px\" class=\"wp-caption alignleft\"><a href=\"http:\/\/www.eltrabajo.cl\/portal\/en-solemne-ceremonia-celebran-los-121-anos-de-bomba-la-internacional\/ismael-herrera\/\" rel=\"attachment wp-att-74569\"><img data-recalc-dims=\"1\" loading=\"lazy\" decoding=\"async\" class=\"size-full wp-image-74569\" src=\"https:\/\/i0.wp.com\/www.eltrabajo.cl\/portal\/wp-content\/uploads\/2016\/10\/Ismael-Herrera.jpg?resize=530%2C349\" alt=\"LLEVA 73 A\u00d1OS COMO BOMBERO.- Ismael Herrera, es uno de los tesoros vivientes de esta compa\u00f1\u00eda de Bomberos, en San Felipe.\" width=\"530\" height=\"349\" srcset=\"https:\/\/i0.wp.com\/eltrabajo.cl\/portal\/wp-content\/uploads\/2016\/10\/Ismael-Herrera.jpg?w=530&amp;ssl=1 530w, https:\/\/i0.wp.com\/eltrabajo.cl\/portal\/wp-content\/uploads\/2016\/10\/Ismael-Herrera.jpg?resize=200%2C132&amp;ssl=1 200w, https:\/\/i0.wp.com\/eltrabajo.cl\/portal\/wp-content\/uploads\/2016\/10\/Ismael-Herrera.jpg?resize=300%2C198&amp;ssl=1 300w, https:\/\/i0.wp.com\/eltrabajo.cl\/portal\/wp-content\/uploads\/2016\/10\/Ismael-Herrera.jpg?resize=228%2C150&amp;ssl=1 228w, https:\/\/i0.wp.com\/eltrabajo.cl\/portal\/wp-content\/uploads\/2016\/10\/Ismael-Herrera.jpg?resize=400%2C263&amp;ssl=1 400w\" sizes=\"auto, (max-width: 530px) 100vw, 530px\" \/><\/a><figcaption id=\"caption-attachment-74569\" class=\"wp-caption-text\">LLEVA 73 A\u00d1OS COMO BOMBERO.- Ismael Herrera, es uno de los tesoros vivientes de esta compa\u00f1\u00eda de Bomberos, en San Felipe.<\/figcaption><\/figure>\n<figure id=\"attachment_74570\" aria-describedby=\"caption-attachment-74570\" style=\"width: 530px\" class=\"wp-caption alignleft\"><a href=\"http:\/\/www.eltrabajo.cl\/portal\/en-solemne-ceremonia-celebran-los-121-anos-de-bomba-la-internacional\/sarraf-pantoja-premiaciones\/\" rel=\"attachment wp-att-74570\"><img data-recalc-dims=\"1\" loading=\"lazy\" decoding=\"async\" class=\"size-full wp-image-74570\" src=\"https:\/\/i0.wp.com\/www.eltrabajo.cl\/portal\/wp-content\/uploads\/2016\/10\/sarraf-pantoja-Premiaciones.jpg?resize=530%2C349\" alt=\"COOLABORADORES.- Jos\u00e9 Sarraf, el dirigente vecinal Claudio Pantoja, Patricio Pentzke, Sabine Patermann  y Alejandro Alban\u00e9s, fueron reconocidos por sus aportes a Bomberos San Felipe.\" width=\"530\" height=\"349\" srcset=\"https:\/\/i0.wp.com\/eltrabajo.cl\/portal\/wp-content\/uploads\/2016\/10\/sarraf-pantoja-Premiaciones.jpg?w=530&amp;ssl=1 530w, https:\/\/i0.wp.com\/eltrabajo.cl\/portal\/wp-content\/uploads\/2016\/10\/sarraf-pantoja-Premiaciones.jpg?resize=200%2C132&amp;ssl=1 200w, https:\/\/i0.wp.com\/eltrabajo.cl\/portal\/wp-content\/uploads\/2016\/10\/sarraf-pantoja-Premiaciones.jpg?resize=300%2C198&amp;ssl=1 300w, https:\/\/i0.wp.com\/eltrabajo.cl\/portal\/wp-content\/uploads\/2016\/10\/sarraf-pantoja-Premiaciones.jpg?resize=228%2C150&amp;ssl=1 228w, https:\/\/i0.wp.com\/eltrabajo.cl\/portal\/wp-content\/uploads\/2016\/10\/sarraf-pantoja-Premiaciones.jpg?resize=400%2C263&amp;ssl=1 400w\" sizes=\"auto, (max-width: 530px) 100vw, 530px\" \/><\/a><figcaption id=\"caption-attachment-74570\" class=\"wp-caption-text\">COOLABORADORES.- Jos\u00e9 Sarraf, el dirigente vecinal Claudio Pantoja, Patricio Pentzke, Sabine Patermann y Alejandro Alban\u00e9s, fueron reconocidos por sus aportes a Bomberos San Felipe.<\/figcaption><\/figure>\n","protected":false},"excerpt":{"rendered":"<p>Fue en el marco de una solemne ceremonia de aniversario, en el que se realiz\u00f3 la celebraci\u00f3n de los 121 a\u00f1os de 2\u00aa Compa\u00f1\u00eda de Bomberos (Bomba La Internacional), acto en el&#8230;<\/p>\n","protected":false},"author":1,"featured_media":74569,"comment_status":"open","ping_status":"open","sticky":false,"template":"","format":"standard","meta":{"advanced_seo_description":"","jetpack_seo_html_title":"","jetpack_seo_noindex":false,"_jetpack_memberships_contains_paid_content":false,"footnotes":""},"categories":[15],"tags":[],"class_list":["post-74567","post","type-post","status-publish","format-standard","has-post-thumbnail","hentry","category-comunidad"],"jetpack_featured_media_url":"https:\/\/i0.wp.com\/eltrabajo.cl\/portal\/wp-content\/uploads\/2016\/10\/Ismael-Herrera.jpg?fit=530%2C349&ssl=1","jetpack_sharing_enabled":true,"jetpack_likes_enabled":true,"jetpack-related-posts":[],"_links":{"self":[{"href":"https:\/\/eltrabajo.cl\/portal\/wp-json\/wp\/v2\/posts\/74567","targetHints":{"allow":["GET"]}}],"collection":[{"href":"https:\/\/eltrabajo.cl\/portal\/wp-json\/wp\/v2\/posts"}],"about":[{"href":"https:\/\/eltrabajo.cl\/portal\/wp-json\/wp\/v2\/types\/post"}],"author":[{"embeddable":true,"href":"https:\/\/eltrabajo.cl\/portal\/wp-json\/wp\/v2\/users\/1"}],"replies":[{"embeddable":true,"href":"https:\/\/eltrabajo.cl\/portal\/wp-json\/wp\/v2\/comments?post=74567"}],"version-history":[{"count":0,"href":"https:\/\/eltrabajo.cl\/portal\/wp-json\/wp\/v2\/posts\/74567\/revisions"}],"wp:featuredmedia":[{"embeddable":true,"href":"https:\/\/eltrabajo.cl\/portal\/wp-json\/wp\/v2\/media\/74569"}],"wp:attachment":[{"href":"https:\/\/eltrabajo.cl\/portal\/wp-json\/wp\/v2\/media?parent=74567"}],"wp:term":[{"taxonomy":"category","embeddable":true,"href":"https:\/\/eltrabajo.cl\/portal\/wp-json\/wp\/v2\/categories?post=74567"},{"taxonomy":"post_tag","embeddable":true,"href":"https:\/\/eltrabajo.cl\/portal\/wp-json\/wp\/v2\/tags?post=74567"}],"curies":[{"name":"wp","href":"https:\/\/api.w.org\/{rel}","templated":true}]}}