{"id":74579,"date":"2016-10-18T08:56:06","date_gmt":"2016-10-18T11:56:06","guid":{"rendered":"http:\/\/www.eltrabajo.cl\/portal\/?p=74579"},"modified":"2016-10-18T08:56:06","modified_gmt":"2016-10-18T11:56:06","slug":"tesorera-de-curso-desaparece-con-dinero-con-que-financiarian-fiesta-de-gala","status":"publish","type":"post","link":"https:\/\/eltrabajo.cl\/portal\/tesorera-de-curso-desaparece-con-dinero-con-que-financiarian-fiesta-de-gala\/","title":{"rendered":"Tesorera de curso desaparece con dinero con que financiar\u00edan Fiesta de Gala"},"content":{"rendered":"<ul>\n<li><strong><span style=\"color: #ff0000;\">Actividad de egreso del 4\u00ba medio gastron\u00f3mico de Escuela Agr\u00edcola pende de un hilo:<\/span>\u00a0Apoderada pide colaboraci\u00f3n de los sanfelipe\u00f1os para recuperar parte del mill\u00f3n de pesos reunido en los \u00faltimos dos a\u00f1os. Aportes pueden realizarse a la cuenta de ahorro bipersonal del Banco Estado, n\u00famero 22362782345, a nombre de Ang\u00e9lica Aguilera Jorquera, Rut 12.091.440-5; o Silvana Gonz\u00e1lez Gonz\u00e1lez, Rut 12.948.545-0.<\/strong><\/li>\n<\/ul>\n<p>El t\u00e9rmino de cada a\u00f1o escolar trae consigo una serie de eventos como paseos, ceremonias de graduaci\u00f3n y fiestas de gala, que copan la agenda de la comunidad escolar, en particular, de aquella perteneciente a los 8vos b\u00e1sicos y 4tos medios, que se preparan para un cambio en el ciclo educativo o definitivamente -en el caso de la ense\u00f1anza media- para el ingreso a la vida laboral.<br \/>\nRol fundamental en la organizaci\u00f3n y producci\u00f3n de estas actividades, asumen las diferentes directivas de centros de alumnos, padres y apoderados de cada curso, las cuales son conformadas precisamente con un objetivo principal: buscar el financiamiento necesario para desarrollar el correspondiente festejo del t\u00e9rmino de esta etapa de la vida.<br \/>\nEste es el caso del 4\u00ba medio de la especialidad Gastronom\u00eda de la Escuela Agr\u00edcola de San Felipe, que durante casi dos a\u00f1os viene realizando actividades con el prop\u00f3sito de recaudar los recursos necesarios para despedir formalmente la educaci\u00f3n secundaria. Lamentablemente para ellos, la realizaci\u00f3n del festejo se vino abajo de un d\u00eda para otro.<\/p>\n<figure id=\"attachment_74580\" aria-describedby=\"caption-attachment-74580\" style=\"width: 300px\" class=\"wp-caption alignleft\"><a href=\"http:\/\/www.eltrabajo.cl\/portal\/tesorera-de-curso-desaparece-con-dinero-con-que-financiarian-fiesta-de-gala\/andrea-ahumada-bugeno\/\" rel=\"attachment wp-att-74580\"><img data-recalc-dims=\"1\" loading=\"lazy\" decoding=\"async\" class=\"size-medium wp-image-74580\" src=\"https:\/\/i0.wp.com\/www.eltrabajo.cl\/portal\/wp-content\/uploads\/2016\/10\/ANDREA-AHUMADA-BUGENO-300x198.jpg?resize=300%2C198\" alt=\"Andrea Ahumada Bugue\u00f1o, apoderada del 4to medio B de Gastronom\u00eda de la Escuela Agr\u00edcola de San Felipe, pidi\u00f3 el apoyo de la comunidad para celebrar la licenciatura de los alumnos.\" width=\"300\" height=\"198\" srcset=\"https:\/\/i0.wp.com\/eltrabajo.cl\/portal\/wp-content\/uploads\/2016\/10\/ANDREA-AHUMADA-BUGENO.jpg?resize=300%2C198&amp;ssl=1 300w, https:\/\/i0.wp.com\/eltrabajo.cl\/portal\/wp-content\/uploads\/2016\/10\/ANDREA-AHUMADA-BUGENO.jpg?resize=200%2C132&amp;ssl=1 200w, https:\/\/i0.wp.com\/eltrabajo.cl\/portal\/wp-content\/uploads\/2016\/10\/ANDREA-AHUMADA-BUGENO.jpg?resize=228%2C150&amp;ssl=1 228w, https:\/\/i0.wp.com\/eltrabajo.cl\/portal\/wp-content\/uploads\/2016\/10\/ANDREA-AHUMADA-BUGENO.jpg?resize=400%2C263&amp;ssl=1 400w, https:\/\/i0.wp.com\/eltrabajo.cl\/portal\/wp-content\/uploads\/2016\/10\/ANDREA-AHUMADA-BUGENO.jpg?w=530&amp;ssl=1 530w\" sizes=\"auto, (max-width: 300px) 100vw, 300px\" \/><\/a><figcaption id=\"caption-attachment-74580\" class=\"wp-caption-text\">Andrea Ahumada Bugue\u00f1o, apoderada del 4to medio B de Gastronom\u00eda de la Escuela Agr\u00edcola de San Felipe, pidi\u00f3 el apoyo de la comunidad para celebrar la licenciatura de los alumnos.<\/figcaption><\/figure>\n<p>As\u00ed lo inform\u00f3 Andrea Ahumada Bugue\u00f1o, apoderada de este curso, quien dice estar desesperada, pues narra que s\u00f3lo hace un par de d\u00edas, junto al resto de apoderados, confirmaron que la tesorera encargada de \u2018guardar\u2019 el dinero, desapareci\u00f3 y seg\u00fan afirm\u00f3 Ahumada: \u201cno supimos m\u00e1s de ella\u201d.<br \/>\n\u201cLos chicos hab\u00edan juntado en dos a\u00f1os casi un mill\u00f3n de pesos, realizando actividades, cuotas de curso, todo eso y ahora nos quedamos sin nada, la denuncia contra esta persona, ya est\u00e1 en la PDI (Polic\u00eda de Investigaciones), pero el dinero se perdi\u00f3\u201d, asever\u00f3 la apoderada.<br \/>\nDe acuerdo a lo manifestado por Andrea, la fiesta estaba programada para el pr\u00f3ximo 5 de noviembre y con el dinero reunido estaba presupuestado pagar a quien se hiciera cargo de preparar la comida y tambi\u00e9n la reserva del sal\u00f3n principal de la C\u00e1mara de Comercio, lugar donde esperan poder materializar el evento.<br \/>\n\u201cEstamos contra el tiempo, yo s\u00e9 que nos van a esperar pero (\u2026) la cuota que estaba considerada era para el apoderado y el alumno, entonces nos pusimos de acuerdo y si nos llegamos a conseguir la plata por \u00faltimo nosotros le cocinamos (\u2026) necesitamos m\u00ednimo 500 mil pesos para poder comprar la comida, bebidas y ya no alcanzamos a hacer ni una actividad porque los ni\u00f1os salen a fin de mes de clases\u201d, agreg\u00f3 Ahumada.<br \/>\nRespecto de la postura que ha tomado el establecimiento educacional ante esta delicada situaci\u00f3n, Ahumada reconoce que \u201cla Escuela Agr\u00edcola es una entidad sin fines de lucro, ellos nos advirtieron que no les gustaba que los apoderados juntaran plata, precisamente por esta raz\u00f3n, pero nosotros pecamos de inocentes, juntamos el dinero porque ellos quer\u00edan una gala, incluso ellos se compraron su ropa, trabajaron los fines de semana, algunos de empaque, hicieron sus pitutos y se compraron sus tenidas, imag\u00ednense lo que ser\u00eda para ellos quedarse con todo comprado\u201d, narr\u00f3 la afligida madre.<br \/>\nSon 24 alumnos con sus respectivas familias, quienes participar\u00e1n de la fiesta, si es que finalmente se logra reunir el monto se\u00f1alado por esta apoderada. El llamado es para quienes quieran aportar, lo hagan a la cuenta de ahorro bipersonal del Banco Estado, n\u00famero 22362782345, a nombre de Ang\u00e9lica Aguilera Jorquera, Rut 12.091.440-5; o Silvana Gonz\u00e1lez Gonz\u00e1lez, Rut 12.948.545-0.<\/p>\n","protected":false},"excerpt":{"rendered":"<p>Actividad de egreso del 4\u00ba medio gastron\u00f3mico de Escuela Agr\u00edcola pende de un hilo:\u00a0Apoderada pide colaboraci\u00f3n de los sanfelipe\u00f1os para recuperar parte del mill\u00f3n de pesos reunido en los \u00faltimos dos a\u00f1os&#8230;.<\/p>\n","protected":false},"author":1,"featured_media":74580,"comment_status":"open","ping_status":"open","sticky":false,"template":"","format":"standard","meta":{"advanced_seo_description":"","jetpack_seo_html_title":"","jetpack_seo_noindex":false,"_jetpack_memberships_contains_paid_content":false,"footnotes":""},"categories":[15],"tags":[],"class_list":["post-74579","post","type-post","status-publish","format-standard","has-post-thumbnail","hentry","category-comunidad"],"jetpack_featured_media_url":"https:\/\/i0.wp.com\/eltrabajo.cl\/portal\/wp-content\/uploads\/2016\/10\/ANDREA-AHUMADA-BUGENO.jpg?fit=530%2C349&ssl=1","jetpack_sharing_enabled":true,"jetpack_likes_enabled":true,"jetpack-related-posts":[],"_links":{"self":[{"href":"https:\/\/eltrabajo.cl\/portal\/wp-json\/wp\/v2\/posts\/74579","targetHints":{"allow":["GET"]}}],"collection":[{"href":"https:\/\/eltrabajo.cl\/portal\/wp-json\/wp\/v2\/posts"}],"about":[{"href":"https:\/\/eltrabajo.cl\/portal\/wp-json\/wp\/v2\/types\/post"}],"author":[{"embeddable":true,"href":"https:\/\/eltrabajo.cl\/portal\/wp-json\/wp\/v2\/users\/1"}],"replies":[{"embeddable":true,"href":"https:\/\/eltrabajo.cl\/portal\/wp-json\/wp\/v2\/comments?post=74579"}],"version-history":[{"count":0,"href":"https:\/\/eltrabajo.cl\/portal\/wp-json\/wp\/v2\/posts\/74579\/revisions"}],"wp:featuredmedia":[{"embeddable":true,"href":"https:\/\/eltrabajo.cl\/portal\/wp-json\/wp\/v2\/media\/74580"}],"wp:attachment":[{"href":"https:\/\/eltrabajo.cl\/portal\/wp-json\/wp\/v2\/media?parent=74579"}],"wp:term":[{"taxonomy":"category","embeddable":true,"href":"https:\/\/eltrabajo.cl\/portal\/wp-json\/wp\/v2\/categories?post=74579"},{"taxonomy":"post_tag","embeddable":true,"href":"https:\/\/eltrabajo.cl\/portal\/wp-json\/wp\/v2\/tags?post=74579"}],"curies":[{"name":"wp","href":"https:\/\/api.w.org\/{rel}","templated":true}]}}