{"id":74583,"date":"2016-10-18T08:59:28","date_gmt":"2016-10-18T11:59:28","guid":{"rendered":"http:\/\/www.eltrabajo.cl\/portal\/?p=74583"},"modified":"2016-10-18T08:59:28","modified_gmt":"2016-10-18T11:59:28","slug":"abren-nuevo-hogar-protegido-para-usuarios-en-la-ciudad-de-san-felipe","status":"publish","type":"post","link":"https:\/\/eltrabajo.cl\/portal\/abren-nuevo-hogar-protegido-para-usuarios-en-la-ciudad-de-san-felipe\/","title":{"rendered":"Abren nuevo Hogar Protegido para usuarios en la ciudad de San Felipe"},"content":{"rendered":"<ul>\n<li><strong><span style=\"color: #ff0000;\">Hospital Psiqui\u00e1trico de Putaendo:\u00a0<\/span>Con \u00e9ste ya son seis los Hogares Protegidos con que cuenta el Hospital Dr. Philippe Pinel, cinco de ellos funcionando en la Provincia de San Felipe, los que atienden a usuarios, tanto de los servicios de larga como de mediana estad\u00eda, que han sido egresados desde el establecimiento.<\/strong><\/li>\n<\/ul>\n<p><strong>PUTAENDO.-<\/strong> Ya se encuentra en pleno funcionamiento, un nuevo dispositivo comunitario dependiente del Servicio de Salud Aconcagua, correspondiente a un Hogar Protegido, destinado a recibir a ocho usuarios del establecimiento de salud mental y cuya finalidad es brindarles un hogar que les permita sentirse parte de la sociedad que hoy les recibe como vecinos.<br \/>\nEste Hogar Protegido, llevar\u00e1 el nombre de Hogar Manso de Velasco, esto debido fundamentalmente a que se encuentra ubicado en la poblaci\u00f3n de ese nombre en la capital provincial. Quien se refiri\u00f3 a este tema en primer lugar fue Luis Palavecino, administrador del nuevo dispositivo, el que explic\u00f3 que \u201clos hogares protegidos cuentan con capacidad para ocho personas, y que su finalidad en t\u00e9rminos generales es brindar un espacio con las mismas condiciones necesarias para que se sientan en su propia casa, lo que les permite a los usuarios mejorar su sentido de pertenencia, su autoestima y la conciencia de valoraci\u00f3n por parte de la comunidad, lo que es un factor muy importante ya que permite dar un gran paso en el proceso de reinserci\u00f3n e inclusi\u00f3n social\u201d.<br \/>\nEs importante se\u00f1alar a este respecto, que a nivel del Valle de Aconcagua, existen seis Hogares Protegidos, tres Residencias Protegidas y un Hospital de D\u00eda, este \u00faltimo con atenci\u00f3n ambulatoria de 9:00 a 17:00 horas.<br \/>\nCada uno de estos dispositivos comunitarios, cuenta con personal profesional y t\u00e9cnico especializado en la materia, que permiten dar continuidad a los cuidados y al proceso de rehabilitaci\u00f3n psicosocial de los usuarios y adem\u00e1s para que las necesidades que se pudieran generar sean cubiertas de manera oportuna y adecuada para los residentes.<br \/>\nPor su parte el Dr. Jaime Retamal Garrido, director del Hospital Psiqui\u00e1trico de Putaendo, destac\u00f3 la permanente disposici\u00f3n de avanzar en materia de inclusi\u00f3n social por parte de la Direcci\u00f3n de Servicio, en especial con la apertura de este nuevo Hogar Protegido que brindar\u00e1 un espacio inserto en la misma comunidad para que ocho usuarios procedentes de Servicios Cl\u00ednicos de Mediana Estad\u00eda del recinto de salud mental, puedan reinsertarse de manera efectiva, y as\u00ed, no s\u00f3lo mejorar su calidad de vida, sino que ser personas plenas y recuperar su rol de ciudadanos activos en la sociedad.<\/p>\n<figure id=\"attachment_74584\" aria-describedby=\"caption-attachment-74584\" style=\"width: 530px\" class=\"wp-caption alignleft\"><a href=\"http:\/\/www.eltrabajo.cl\/portal\/abren-nuevo-hogar-protegido-para-usuarios-en-la-ciudad-de-san-felipe\/psiquiatrico\/\" rel=\"attachment wp-att-74584\"><img data-recalc-dims=\"1\" loading=\"lazy\" decoding=\"async\" class=\"size-full wp-image-74584\" src=\"https:\/\/i0.wp.com\/www.eltrabajo.cl\/portal\/wp-content\/uploads\/2016\/10\/PSIQUIATRICO.jpg?resize=530%2C349\" alt=\"En la fotograf\u00eda: Director, Jaime Retamal Garrido; sub directora administrativa Danisa Collao L\u00f3pez, y jefes de UME 2 y UME 3, junto a usuarios del dispositivo.\" width=\"530\" height=\"349\" srcset=\"https:\/\/i0.wp.com\/eltrabajo.cl\/portal\/wp-content\/uploads\/2016\/10\/PSIQUIATRICO.jpg?w=530&amp;ssl=1 530w, https:\/\/i0.wp.com\/eltrabajo.cl\/portal\/wp-content\/uploads\/2016\/10\/PSIQUIATRICO.jpg?resize=200%2C132&amp;ssl=1 200w, https:\/\/i0.wp.com\/eltrabajo.cl\/portal\/wp-content\/uploads\/2016\/10\/PSIQUIATRICO.jpg?resize=300%2C198&amp;ssl=1 300w, https:\/\/i0.wp.com\/eltrabajo.cl\/portal\/wp-content\/uploads\/2016\/10\/PSIQUIATRICO.jpg?resize=228%2C150&amp;ssl=1 228w, https:\/\/i0.wp.com\/eltrabajo.cl\/portal\/wp-content\/uploads\/2016\/10\/PSIQUIATRICO.jpg?resize=400%2C263&amp;ssl=1 400w\" sizes=\"auto, (max-width: 530px) 100vw, 530px\" \/><\/a><figcaption id=\"caption-attachment-74584\" class=\"wp-caption-text\">En la fotograf\u00eda: Director, Jaime Retamal Garrido; sub directora administrativa Danisa Collao L\u00f3pez, y jefes de UME 2 y UME 3, junto a usuarios del dispositivo.<\/figcaption><\/figure>\n","protected":false},"excerpt":{"rendered":"<p>Hospital Psiqui\u00e1trico de Putaendo:\u00a0Con \u00e9ste ya son seis los Hogares Protegidos con que cuenta el Hospital Dr. Philippe Pinel, cinco de ellos funcionando en la Provincia de San Felipe, los que atienden&#8230;<\/p>\n","protected":false},"author":1,"featured_media":74584,"comment_status":"open","ping_status":"open","sticky":false,"template":"","format":"standard","meta":{"advanced_seo_description":"","jetpack_seo_html_title":"","jetpack_seo_noindex":false,"_jetpack_memberships_contains_paid_content":false,"footnotes":""},"categories":[1],"tags":[],"class_list":["post-74583","post","type-post","status-publish","format-standard","has-post-thumbnail","hentry","category-cronica"],"jetpack_featured_media_url":"https:\/\/i0.wp.com\/eltrabajo.cl\/portal\/wp-content\/uploads\/2016\/10\/PSIQUIATRICO.jpg?fit=530%2C349&ssl=1","jetpack_sharing_enabled":true,"jetpack_likes_enabled":true,"jetpack-related-posts":[],"_links":{"self":[{"href":"https:\/\/eltrabajo.cl\/portal\/wp-json\/wp\/v2\/posts\/74583","targetHints":{"allow":["GET"]}}],"collection":[{"href":"https:\/\/eltrabajo.cl\/portal\/wp-json\/wp\/v2\/posts"}],"about":[{"href":"https:\/\/eltrabajo.cl\/portal\/wp-json\/wp\/v2\/types\/post"}],"author":[{"embeddable":true,"href":"https:\/\/eltrabajo.cl\/portal\/wp-json\/wp\/v2\/users\/1"}],"replies":[{"embeddable":true,"href":"https:\/\/eltrabajo.cl\/portal\/wp-json\/wp\/v2\/comments?post=74583"}],"version-history":[{"count":0,"href":"https:\/\/eltrabajo.cl\/portal\/wp-json\/wp\/v2\/posts\/74583\/revisions"}],"wp:featuredmedia":[{"embeddable":true,"href":"https:\/\/eltrabajo.cl\/portal\/wp-json\/wp\/v2\/media\/74584"}],"wp:attachment":[{"href":"https:\/\/eltrabajo.cl\/portal\/wp-json\/wp\/v2\/media?parent=74583"}],"wp:term":[{"taxonomy":"category","embeddable":true,"href":"https:\/\/eltrabajo.cl\/portal\/wp-json\/wp\/v2\/categories?post=74583"},{"taxonomy":"post_tag","embeddable":true,"href":"https:\/\/eltrabajo.cl\/portal\/wp-json\/wp\/v2\/tags?post=74583"}],"curies":[{"name":"wp","href":"https:\/\/api.w.org\/{rel}","templated":true}]}}