{"id":74593,"date":"2016-10-18T09:09:26","date_gmt":"2016-10-18T12:09:26","guid":{"rendered":"http:\/\/www.eltrabajo.cl\/portal\/?p=74593"},"modified":"2016-10-18T09:09:26","modified_gmt":"2016-10-18T12:09:26","slug":"profesores-sanfelipenos-y-haitianos-en-colecta-para-ayudar-al-pueblo-de-haiti","status":"publish","type":"post","link":"https:\/\/eltrabajo.cl\/portal\/profesores-sanfelipenos-y-haitianos-en-colecta-para-ayudar-al-pueblo-de-haiti\/","title":{"rendered":"Profesores sanfelipe\u00f1os y haitianos en colecta para ayudar al pueblo de Hait\u00ed"},"content":{"rendered":"<ul>\n<li><strong>Escuelas del municipio operan como puntos de colecta:<\/strong><\/li>\n<\/ul>\n<figure id=\"attachment_74596\" aria-describedby=\"caption-attachment-74596\" style=\"width: 300px\" class=\"wp-caption alignleft\"><a href=\"http:\/\/www.eltrabajo.cl\/portal\/profesores-sanfelipenos-y-haitianos-en-colecta-para-ayudar-al-pueblo-de-haiti\/jean-fritz-jeudy\/\" rel=\"attachment wp-att-74596\"><img data-recalc-dims=\"1\" loading=\"lazy\" decoding=\"async\" class=\"size-medium wp-image-74596\" src=\"https:\/\/i0.wp.com\/www.eltrabajo.cl\/portal\/wp-content\/uploads\/2016\/10\/Jean-Fritz-Jeudy-300x197.jpg?resize=300%2C197\" alt=\"Jean Fritz Jeudy, haitiano y vocero de la comunidad haitiana radicada en Aconcagua.\" width=\"300\" height=\"197\" srcset=\"https:\/\/i0.wp.com\/eltrabajo.cl\/portal\/wp-content\/uploads\/2016\/10\/Jean-Fritz-Jeudy.jpg?resize=300%2C197&amp;ssl=1 300w, https:\/\/i0.wp.com\/eltrabajo.cl\/portal\/wp-content\/uploads\/2016\/10\/Jean-Fritz-Jeudy.jpg?resize=200%2C131&amp;ssl=1 200w, https:\/\/i0.wp.com\/eltrabajo.cl\/portal\/wp-content\/uploads\/2016\/10\/Jean-Fritz-Jeudy.jpg?resize=228%2C150&amp;ssl=1 228w, https:\/\/i0.wp.com\/eltrabajo.cl\/portal\/wp-content\/uploads\/2016\/10\/Jean-Fritz-Jeudy.jpg?resize=400%2C263&amp;ssl=1 400w, https:\/\/i0.wp.com\/eltrabajo.cl\/portal\/wp-content\/uploads\/2016\/10\/Jean-Fritz-Jeudy.jpg?w=530&amp;ssl=1 530w\" sizes=\"auto, (max-width: 300px) 100vw, 300px\" \/><\/a><figcaption id=\"caption-attachment-74596\" class=\"wp-caption-text\">Jean Fritz Jeudy, haitiano y vocero de la comunidad haitiana radicada en Aconcagua.<\/figcaption><\/figure>\n<p>Un llamado de auxilio local e internacional, es el que desde nuestra comuna est\u00e1 haciendo la comunidad haitiana que radica en la parte centro-norte del pa\u00eds. La tarde de este lunes varios isle\u00f1os radicados en San Felipe, hablaron con Diario El Trabajo para solicitar a los sanfelipe\u00f1os la ayuda humanitaria de orden no perecedero.<\/p>\n<p>\u00abEstamos angustiados por los estragos que el Hurac\u00e1n Matthew ha dejado en nuestro amado pa\u00eds, son 18 millones de habitantes los que est\u00e1n desvalidos de ayuda internacional, ac\u00e1, en Chile, desde hace varios d\u00edas estamos colectando alimentos y medicinas, de momento la pueden hacer llegar a la sede de la Cruz Roja, en San Felipe\u00bb, explic\u00f3 a nuestro medio Jean Fritz Jeudy, oriundo de Puerto Pr\u00edncipe que hace seis a\u00f1os migr\u00f3 a tierras chilenas.<\/p>\n<figure id=\"attachment_74595\" aria-describedby=\"caption-attachment-74595\" style=\"width: 300px\" class=\"wp-caption alignleft\"><a href=\"http:\/\/www.eltrabajo.cl\/portal\/profesores-sanfelipenos-y-haitianos-en-colecta-para-ayudar-al-pueblo-de-haiti\/hector-poblete\/\" rel=\"attachment wp-att-74595\"><img data-recalc-dims=\"1\" loading=\"lazy\" decoding=\"async\" class=\"size-medium wp-image-74595\" src=\"https:\/\/i0.wp.com\/www.eltrabajo.cl\/portal\/wp-content\/uploads\/2016\/10\/Hector-Poblete-300x197.jpg?resize=300%2C197\" alt=\"H\u00e9ctor Poblete Gotelli, profesor sanfelipe\u00f1o involucrado en esta noble campa\u00f1a.\" width=\"300\" height=\"197\" srcset=\"https:\/\/i0.wp.com\/eltrabajo.cl\/portal\/wp-content\/uploads\/2016\/10\/Hector-Poblete.jpg?resize=300%2C197&amp;ssl=1 300w, https:\/\/i0.wp.com\/eltrabajo.cl\/portal\/wp-content\/uploads\/2016\/10\/Hector-Poblete.jpg?resize=200%2C131&amp;ssl=1 200w, https:\/\/i0.wp.com\/eltrabajo.cl\/portal\/wp-content\/uploads\/2016\/10\/Hector-Poblete.jpg?resize=228%2C150&amp;ssl=1 228w, https:\/\/i0.wp.com\/eltrabajo.cl\/portal\/wp-content\/uploads\/2016\/10\/Hector-Poblete.jpg?resize=400%2C263&amp;ssl=1 400w, https:\/\/i0.wp.com\/eltrabajo.cl\/portal\/wp-content\/uploads\/2016\/10\/Hector-Poblete.jpg?w=530&amp;ssl=1 530w\" sizes=\"auto, (max-width: 300px) 100vw, 300px\" \/><\/a><figcaption id=\"caption-attachment-74595\" class=\"wp-caption-text\">H\u00e9ctor Poblete Gotelli, profesor sanfelipe\u00f1o involucrado en esta noble campa\u00f1a.<\/figcaption><\/figure>\n<p>Varios profesores aconcag\u00fcinos se han unido a la iniciativa humanitaria de estos 200 haitianos. Uno de ellos, H\u00e9ctor Poblete Gotelli, explic\u00f3 que \u00abes muy lamentable, cuando ocurrieron hace pocos meses los atentados en Par\u00eds todo el mundo en redes sociales se rasgaban las vestiduras por esa tragedia, al igual con los atentados de Estocolmo, pero en este caso en particular nula es la reacci\u00f3n internacional, y eso es lo que queremos cambiar\u00bb, dijo Poblete a Diario El Trabajo.<\/p>\n<p>El ministro de Cultura de Chile, Ernesto Ottone, visit\u00f3 esta semana la ciudad para hacer contacto con estos haitianos, animando a los aconcag\u00fcinos a colaborar con esta cruzada que termina este mi\u00e9rcoles.<br \/>\n\u00abDesde el a\u00f1o pasado venimos trabajando con haitianos estos temas, queremos promocionar esta causa, convocamos a los lectores de Diario El Trabajo a que ayuden en esta campa\u00f1a por el pueblo de Hait\u00ed\u00bb, coment\u00f3 el ministro Ottone.<br \/>\nInteresados en hacer donativos de alimentos, no de dinero: 9777229818, con el se\u00f1or Jeran Fritz Jeud.y<br \/>\n<strong>Roberto Gonz\u00e1lez Short<\/strong><\/p>\n<figure id=\"attachment_74594\" aria-describedby=\"caption-attachment-74594\" style=\"width: 530px\" class=\"wp-caption alignleft\"><a href=\"http:\/\/www.eltrabajo.cl\/portal\/profesores-sanfelipenos-y-haitianos-en-colecta-para-ayudar-al-pueblo-de-haiti\/desastre33\/\" rel=\"attachment wp-att-74594\"><img data-recalc-dims=\"1\" loading=\"lazy\" decoding=\"async\" class=\"size-full wp-image-74594\" src=\"https:\/\/i0.wp.com\/www.eltrabajo.cl\/portal\/wp-content\/uploads\/2016\/10\/Desastre33.jpg?resize=530%2C349\" alt=\"ANGUSTIA Y CLAMOR.- As\u00ed qued\u00f3 este pa\u00eds tras el impacto del Hurac\u00e1n Matthew en Hait\u00ed, 200 ciudadanos de esa isla viven en Aconcagua, y hoy nos corresponde ayudarles.\" width=\"530\" height=\"349\" srcset=\"https:\/\/i0.wp.com\/eltrabajo.cl\/portal\/wp-content\/uploads\/2016\/10\/Desastre33.jpg?w=530&amp;ssl=1 530w, https:\/\/i0.wp.com\/eltrabajo.cl\/portal\/wp-content\/uploads\/2016\/10\/Desastre33.jpg?resize=200%2C132&amp;ssl=1 200w, https:\/\/i0.wp.com\/eltrabajo.cl\/portal\/wp-content\/uploads\/2016\/10\/Desastre33.jpg?resize=300%2C198&amp;ssl=1 300w, https:\/\/i0.wp.com\/eltrabajo.cl\/portal\/wp-content\/uploads\/2016\/10\/Desastre33.jpg?resize=228%2C150&amp;ssl=1 228w, https:\/\/i0.wp.com\/eltrabajo.cl\/portal\/wp-content\/uploads\/2016\/10\/Desastre33.jpg?resize=400%2C263&amp;ssl=1 400w\" sizes=\"auto, (max-width: 530px) 100vw, 530px\" \/><\/a><figcaption id=\"caption-attachment-74594\" class=\"wp-caption-text\">ANGUSTIA Y CLAMOR.- As\u00ed qued\u00f3 este pa\u00eds tras el impacto del Hurac\u00e1n Matthew en Hait\u00ed, 200 ciudadanos de esa isla viven en Aconcagua, y hoy nos corresponde ayudarles.<\/figcaption><\/figure>\n","protected":false},"excerpt":{"rendered":"<p>Escuelas del municipio operan como puntos de colecta: Un llamado de auxilio local e internacional, es el que desde nuestra comuna est\u00e1 haciendo la comunidad haitiana que radica en la parte centro-norte&#8230;<\/p>\n","protected":false},"author":1,"featured_media":74594,"comment_status":"open","ping_status":"open","sticky":false,"template":"","format":"standard","meta":{"advanced_seo_description":"","jetpack_seo_html_title":"","jetpack_seo_noindex":false,"_jetpack_memberships_contains_paid_content":false,"footnotes":""},"categories":[15],"tags":[],"class_list":["post-74593","post","type-post","status-publish","format-standard","has-post-thumbnail","hentry","category-comunidad"],"jetpack_featured_media_url":"https:\/\/i0.wp.com\/eltrabajo.cl\/portal\/wp-content\/uploads\/2016\/10\/Desastre33.jpg?fit=530%2C349&ssl=1","jetpack_sharing_enabled":true,"jetpack_likes_enabled":true,"jetpack-related-posts":[],"_links":{"self":[{"href":"https:\/\/eltrabajo.cl\/portal\/wp-json\/wp\/v2\/posts\/74593","targetHints":{"allow":["GET"]}}],"collection":[{"href":"https:\/\/eltrabajo.cl\/portal\/wp-json\/wp\/v2\/posts"}],"about":[{"href":"https:\/\/eltrabajo.cl\/portal\/wp-json\/wp\/v2\/types\/post"}],"author":[{"embeddable":true,"href":"https:\/\/eltrabajo.cl\/portal\/wp-json\/wp\/v2\/users\/1"}],"replies":[{"embeddable":true,"href":"https:\/\/eltrabajo.cl\/portal\/wp-json\/wp\/v2\/comments?post=74593"}],"version-history":[{"count":0,"href":"https:\/\/eltrabajo.cl\/portal\/wp-json\/wp\/v2\/posts\/74593\/revisions"}],"wp:featuredmedia":[{"embeddable":true,"href":"https:\/\/eltrabajo.cl\/portal\/wp-json\/wp\/v2\/media\/74594"}],"wp:attachment":[{"href":"https:\/\/eltrabajo.cl\/portal\/wp-json\/wp\/v2\/media?parent=74593"}],"wp:term":[{"taxonomy":"category","embeddable":true,"href":"https:\/\/eltrabajo.cl\/portal\/wp-json\/wp\/v2\/categories?post=74593"},{"taxonomy":"post_tag","embeddable":true,"href":"https:\/\/eltrabajo.cl\/portal\/wp-json\/wp\/v2\/tags?post=74593"}],"curies":[{"name":"wp","href":"https:\/\/api.w.org\/{rel}","templated":true}]}}