{"id":74608,"date":"2016-10-18T09:23:35","date_gmt":"2016-10-18T12:23:35","guid":{"rendered":"http:\/\/www.eltrabajo.cl\/portal\/?p=74608"},"modified":"2016-10-18T09:23:36","modified_gmt":"2016-10-18T12:23:36","slug":"padres-cuidadores-recurren-a-la-corte-para-intentar-rescatar-a-nachito","status":"publish","type":"post","link":"https:\/\/eltrabajo.cl\/portal\/padres-cuidadores-recurren-a-la-corte-para-intentar-rescatar-a-nachito\/","title":{"rendered":"Padres Cuidadores recurren a la Corte para intentar rescatar a \u2018Nachito\u2019"},"content":{"rendered":"<ul>\n<li><strong><span style=\"color: #ff0000;\">Interpondr\u00e1n Recurso de Protecci\u00f3n por nuevo desaguisado del Sename:<\/span>\u00a0Juzgado de Familia de San Felipe desestim\u00f3 medida de protecci\u00f3n que solicitaba el regreso del ni\u00f1o a su hogar en Santa Mar\u00eda. Abogados acudir\u00e1n a una instancia legal superior en el Tribunal de Alzada.<\/strong><\/li>\n<\/ul>\n<p>Al medio d\u00eda de ayer, la familia cuidadora de \u2018Nachito\u2019 dio un nuevo paso en busca de recuperar al menor de 6 a\u00f1os que les fue arrebatado desde su hogar, en el sector de La Higuera en la comuna de Santa Mar\u00eda. En el juzgado de Familia de San Felipe, Teresa Herrera P\u00e1ez y Luis Lazcano Olivares, los padres cuidadores del ni\u00f1o, interpusieron una medida de protecci\u00f3n en contra de Sename, causa que finalmente en horas de la tarde fue desestimada por el Tribunal, dando paso a la preparaci\u00f3n de un Recurso de Protecci\u00f3n que ser\u00e1 interpuesto ma\u00f1ana mi\u00e9rcoles en la Corte de Apelaciones de Valpara\u00edso.<\/p>\n<figure id=\"attachment_74610\" aria-describedby=\"caption-attachment-74610\" style=\"width: 300px\" class=\"wp-caption alignleft\"><a href=\"http:\/\/www.eltrabajo.cl\/portal\/padres-cuidadores-recurren-a-la-corte-para-intentar-rescatar-a-nachito\/patricia-martinez\/\" rel=\"attachment wp-att-74610\"><img data-recalc-dims=\"1\" loading=\"lazy\" decoding=\"async\" class=\"size-medium wp-image-74610\" src=\"https:\/\/i0.wp.com\/www.eltrabajo.cl\/portal\/wp-content\/uploads\/2016\/10\/PATRICIA-MARTINEZ-300x197.jpg?resize=300%2C197\" alt=\"Patricia Mart\u00ednez, Abogada de la familia v\u00edctima Herrera-Lazcano.\" width=\"300\" height=\"197\" srcset=\"https:\/\/i0.wp.com\/eltrabajo.cl\/portal\/wp-content\/uploads\/2016\/10\/PATRICIA-MARTINEZ.jpg?resize=300%2C197&amp;ssl=1 300w, https:\/\/i0.wp.com\/eltrabajo.cl\/portal\/wp-content\/uploads\/2016\/10\/PATRICIA-MARTINEZ.jpg?resize=200%2C131&amp;ssl=1 200w, https:\/\/i0.wp.com\/eltrabajo.cl\/portal\/wp-content\/uploads\/2016\/10\/PATRICIA-MARTINEZ.jpg?resize=228%2C150&amp;ssl=1 228w, https:\/\/i0.wp.com\/eltrabajo.cl\/portal\/wp-content\/uploads\/2016\/10\/PATRICIA-MARTINEZ.jpg?resize=400%2C263&amp;ssl=1 400w, https:\/\/i0.wp.com\/eltrabajo.cl\/portal\/wp-content\/uploads\/2016\/10\/PATRICIA-MARTINEZ.jpg?w=530&amp;ssl=1 530w\" sizes=\"auto, (max-width: 300px) 100vw, 300px\" \/><\/a><figcaption id=\"caption-attachment-74610\" class=\"wp-caption-text\">Patricia Mart\u00ednez, Abogada de la familia v\u00edctima Herrera-Lazcano.<\/figcaption><\/figure>\n<p>As\u00ed lo inform\u00f3 al cierre de esta edici\u00f3n, Patricia Mart\u00ednez, abogada de la familia Herrera-Lazcano, quien v\u00eda telef\u00f3nica y de forma exclusiva, cont\u00f3 a Diario El Trabajo que \u201cno nos fue muy bien en esta primera vuelta, vamos a tener que recurrir a la Corte de Apelaciones, ac\u00e1 delegaron el tema al Consejo T\u00e9cnico, entonces como ces\u00f3 el programa de guardadores y la medida de protecci\u00f3n se puso muy tarde, en el fondo se lavaron las manos y aqu\u00ed no tenemos m\u00e1s que hacer, nosotros no queremos acudir al mismo organismo porque en el fondo lo m\u00e1s probable es que nos den no ha lugar a la apelaci\u00f3n\u201d, apunt\u00f3 la profesional.<\/p>\n<figure id=\"attachment_74609\" aria-describedby=\"caption-attachment-74609\" style=\"width: 300px\" class=\"wp-caption alignleft\"><a href=\"http:\/\/www.eltrabajo.cl\/portal\/padres-cuidadores-recurren-a-la-corte-para-intentar-rescatar-a-nachito\/hugo-pirtzl\/\" rel=\"attachment wp-att-74609\"><img data-recalc-dims=\"1\" loading=\"lazy\" decoding=\"async\" class=\"size-medium wp-image-74609\" src=\"https:\/\/i0.wp.com\/www.eltrabajo.cl\/portal\/wp-content\/uploads\/2016\/10\/HUGO-PIRTZL-300x197.jpg?resize=300%2C197\" alt=\"Hugo Pirtzl, Abogado que trabaja en el Recurso de Protecci\u00f3n que apela al regreso de \u2018Nachito\u2019.\" width=\"300\" height=\"197\" srcset=\"https:\/\/i0.wp.com\/eltrabajo.cl\/portal\/wp-content\/uploads\/2016\/10\/HUGO-PIRTZL.jpg?resize=300%2C197&amp;ssl=1 300w, https:\/\/i0.wp.com\/eltrabajo.cl\/portal\/wp-content\/uploads\/2016\/10\/HUGO-PIRTZL.jpg?resize=200%2C131&amp;ssl=1 200w, https:\/\/i0.wp.com\/eltrabajo.cl\/portal\/wp-content\/uploads\/2016\/10\/HUGO-PIRTZL.jpg?resize=228%2C150&amp;ssl=1 228w, https:\/\/i0.wp.com\/eltrabajo.cl\/portal\/wp-content\/uploads\/2016\/10\/HUGO-PIRTZL.jpg?resize=400%2C263&amp;ssl=1 400w, https:\/\/i0.wp.com\/eltrabajo.cl\/portal\/wp-content\/uploads\/2016\/10\/HUGO-PIRTZL.jpg?w=530&amp;ssl=1 530w\" sizes=\"auto, (max-width: 300px) 100vw, 300px\" \/><\/a><figcaption id=\"caption-attachment-74609\" class=\"wp-caption-text\">Hugo Pirtzl, Abogado que trabaja en el Recurso de Protecci\u00f3n que apela al regreso de \u2018Nachito\u2019.<\/figcaption><\/figure>\n<p>Anteriormente, el otro abogado que compone el equipo jur\u00eddico encargado de luchar legalmente por el regreso de Nachito a casa de sus padres cuidadores, Hugo Pirtzl, explicaba que uno de los objetivos de cumplir con esta instancia legal, apuntaba espec\u00edficamente a que se evidenciara que el proceso en el que Sename se llev\u00f3 a Nachito fue irregular e involucr\u00f3 vulneraci\u00f3n de derechos del menor de edad<br \/>\n\u201cEsta medida de protecci\u00f3n tiene por objeto sencillamente entrar al proceso y saber en qu\u00e9 est\u00e1 el procedimiento: d\u00f3nde est\u00e1 el ni\u00f1o, en este momento nadie sabe de \u00e9l, a lo mejor est\u00e1 en un hogar del Sename, se coment\u00f3 que podr\u00eda estar en Limache, instituci\u00f3n que est\u00e1 cuestionada a nivel nacional, hoy todos saben que los ni\u00f1os chicos en el Sename se mueren\u201d, enfatiz\u00f3 el abogado.<br \/>\nAs\u00ed mismo, Pirtzl se refiri\u00f3 a un video en el que est\u00e1 registrado el momento en que se llevan al ni\u00f1o del hogar de su familia cuidadora, apuntando que \u201cfueron a buscar al menor de manera prepotente, intespestuosa, lo sacaron del hogar donde ha sido cobijado por aproximadamente 6 a\u00f1os, por lo tanto, el ni\u00f1o tiene toda su parte emocional y sentimental, afianzada en este n\u00facleo familiar y \u00e9l se refiere a estos guardadores como sus padres\u201d, recalca el defensor.<br \/>\n\u201cHumanamente hablando, claramente es un video vulneratorio de los derechos del ni\u00f1o, se le expuso a una situaci\u00f3n de violencia a la cual nunca ha estado acostumbrado. Desde el punto de vista jur\u00eddico, existe una vulneraci\u00f3n y ah\u00ed tambi\u00e9n estamos estudiando alguna acci\u00f3n legal (\u2026) no puede llegar gente instruida, con estudios universitarios, sacando al menor a la fuerza, entrando al ba\u00f1o cuando el ni\u00f1o se estaba duchando, golpeando a otra chiquitita que estaba ah\u00ed y sali\u00f3 llorando, de todo eso da cuenta el video, cinta atentatoria contra los derechos humanos de esta familia\u201d, agreg\u00f3 Pirtzl.<br \/>\nPrecisamente los padres de \u2018Nachito\u2019, desmejorados por la tristeza al no tener con ellos a su hijo, relataron c\u00f3mo han sido estos d\u00edas desde que Sename se llev\u00f3 al ni\u00f1o y contaron que \u201cha sido terrible, atroz, para todos, mi madre, la mam\u00e1 de \u00e9l (Luis)\u201d, dice entre sollozos la Sra. Teresa Herrera, mientras que don Luis la interrumpe para referirse a la incertidumbre que provoca no tener conocimiento de lo que est\u00e1 viviendo el ni\u00f1o: \u201cEs una angustia no saber si est\u00e1 comiendo bien, como lo hac\u00eda en la casa, donde ten\u00eda de todo (\u2026) \u201d, relato el padre cuidador que se corta producto del llanto.<br \/>\nEn referencia al procedimiento llevado a cabo con \u2018Nachito\u2019, sus padres cuidadores desmienten la versi\u00f3n de Sename que argumenta que ellos (Luis y Teresa) sab\u00edan el proceso que seguir\u00eda con el ni\u00f1o, as\u00ed como tambi\u00e9n, aseguraron que fueron amenazados en varias ocasiones para no dar a conocer a la opini\u00f3n p\u00fablica esta lamentable situaci\u00f3n.<\/p>\n<figure id=\"attachment_74611\" aria-describedby=\"caption-attachment-74611\" style=\"width: 530px\" class=\"wp-caption alignleft\"><a href=\"http:\/\/www.eltrabajo.cl\/portal\/padres-cuidadores-recurren-a-la-corte-para-intentar-rescatar-a-nachito\/teresa-herrera-paez-y-luis-lazcano-olivares\/\" rel=\"attachment wp-att-74611\"><img data-recalc-dims=\"1\" loading=\"lazy\" decoding=\"async\" class=\"size-full wp-image-74611\" src=\"https:\/\/i0.wp.com\/www.eltrabajo.cl\/portal\/wp-content\/uploads\/2016\/10\/TERESA-HERRERA-PAEZ-Y-LUIS-LAZCANO-OLIVARES.jpg?resize=530%2C348\" alt=\"Teresa Herrera P\u00e1ez y Luis Lazcano Olivares, padres cuidadores del ni\u00f1o, las nuevas v\u00edctimas del sistema.\" width=\"530\" height=\"348\" srcset=\"https:\/\/i0.wp.com\/eltrabajo.cl\/portal\/wp-content\/uploads\/2016\/10\/TERESA-HERRERA-PAEZ-Y-LUIS-LAZCANO-OLIVARES.jpg?w=530&amp;ssl=1 530w, https:\/\/i0.wp.com\/eltrabajo.cl\/portal\/wp-content\/uploads\/2016\/10\/TERESA-HERRERA-PAEZ-Y-LUIS-LAZCANO-OLIVARES.jpg?resize=200%2C131&amp;ssl=1 200w, https:\/\/i0.wp.com\/eltrabajo.cl\/portal\/wp-content\/uploads\/2016\/10\/TERESA-HERRERA-PAEZ-Y-LUIS-LAZCANO-OLIVARES.jpg?resize=300%2C197&amp;ssl=1 300w, https:\/\/i0.wp.com\/eltrabajo.cl\/portal\/wp-content\/uploads\/2016\/10\/TERESA-HERRERA-PAEZ-Y-LUIS-LAZCANO-OLIVARES.jpg?resize=228%2C150&amp;ssl=1 228w, https:\/\/i0.wp.com\/eltrabajo.cl\/portal\/wp-content\/uploads\/2016\/10\/TERESA-HERRERA-PAEZ-Y-LUIS-LAZCANO-OLIVARES.jpg?resize=400%2C263&amp;ssl=1 400w\" sizes=\"auto, (max-width: 530px) 100vw, 530px\" \/><\/a><figcaption id=\"caption-attachment-74611\" class=\"wp-caption-text\">Teresa Herrera P\u00e1ez y Luis Lazcano Olivares, padres cuidadores del ni\u00f1o, las nuevas v\u00edctimas del sistema.<\/figcaption><\/figure>\n","protected":false},"excerpt":{"rendered":"<p>Interpondr\u00e1n Recurso de Protecci\u00f3n por nuevo desaguisado del Sename:\u00a0Juzgado de Familia de San Felipe desestim\u00f3 medida de protecci\u00f3n que solicitaba el regreso del ni\u00f1o a su hogar en Santa Mar\u00eda. Abogados acudir\u00e1n&#8230;<\/p>\n","protected":false},"author":1,"featured_media":74611,"comment_status":"open","ping_status":"open","sticky":false,"template":"","format":"standard","meta":{"advanced_seo_description":"","jetpack_seo_html_title":"","jetpack_seo_noindex":false,"_jetpack_memberships_contains_paid_content":false,"footnotes":""},"categories":[15],"tags":[],"class_list":["post-74608","post","type-post","status-publish","format-standard","has-post-thumbnail","hentry","category-comunidad"],"jetpack_featured_media_url":"https:\/\/i0.wp.com\/eltrabajo.cl\/portal\/wp-content\/uploads\/2016\/10\/TERESA-HERRERA-PAEZ-Y-LUIS-LAZCANO-OLIVARES.jpg?fit=530%2C348&ssl=1","jetpack_sharing_enabled":true,"jetpack_likes_enabled":true,"jetpack-related-posts":[],"_links":{"self":[{"href":"https:\/\/eltrabajo.cl\/portal\/wp-json\/wp\/v2\/posts\/74608","targetHints":{"allow":["GET"]}}],"collection":[{"href":"https:\/\/eltrabajo.cl\/portal\/wp-json\/wp\/v2\/posts"}],"about":[{"href":"https:\/\/eltrabajo.cl\/portal\/wp-json\/wp\/v2\/types\/post"}],"author":[{"embeddable":true,"href":"https:\/\/eltrabajo.cl\/portal\/wp-json\/wp\/v2\/users\/1"}],"replies":[{"embeddable":true,"href":"https:\/\/eltrabajo.cl\/portal\/wp-json\/wp\/v2\/comments?post=74608"}],"version-history":[{"count":0,"href":"https:\/\/eltrabajo.cl\/portal\/wp-json\/wp\/v2\/posts\/74608\/revisions"}],"wp:featuredmedia":[{"embeddable":true,"href":"https:\/\/eltrabajo.cl\/portal\/wp-json\/wp\/v2\/media\/74611"}],"wp:attachment":[{"href":"https:\/\/eltrabajo.cl\/portal\/wp-json\/wp\/v2\/media?parent=74608"}],"wp:term":[{"taxonomy":"category","embeddable":true,"href":"https:\/\/eltrabajo.cl\/portal\/wp-json\/wp\/v2\/categories?post=74608"},{"taxonomy":"post_tag","embeddable":true,"href":"https:\/\/eltrabajo.cl\/portal\/wp-json\/wp\/v2\/tags?post=74608"}],"curies":[{"name":"wp","href":"https:\/\/api.w.org\/{rel}","templated":true}]}}