{"id":74614,"date":"2016-10-19T08:37:33","date_gmt":"2016-10-19T11:37:33","guid":{"rendered":"http:\/\/www.eltrabajo.cl\/portal\/?p=74614"},"modified":"2016-10-19T08:37:33","modified_gmt":"2016-10-19T11:37:33","slug":"municipio-llama-a-familias-a-solicitar-aplicacion-de-registro-social-de-hogares","status":"publish","type":"post","link":"https:\/\/eltrabajo.cl\/portal\/municipio-llama-a-familias-a-solicitar-aplicacion-de-registro-social-de-hogares\/","title":{"rendered":"Municipio llama a familias a solicitar aplicaci\u00f3n de Registro Social de Hogares"},"content":{"rendered":"<ul>\n<li><strong>Hasta la fecha un 72% de las familias ha actualizado su informaci\u00f3n o bien, ha solicitado la aplicaci\u00f3n de este instrumento. La meta del municipio es alcanzar el 95% de cobertura.<\/strong><\/li>\n<\/ul>\n<p>Un llamado a las familias de la comuna de San Felipe, para que se acerquen al municipio y verifiquen que cuentan con el Registro Social de Hogares y en caso de no tenerlo, soliciten la aplicaci\u00f3n del instrumento que permite su acceso, formul\u00f3 el director de Desarrollo Comunitario Pablo Silva.<\/p>\n<figure id=\"attachment_74615\" aria-describedby=\"caption-attachment-74615\" style=\"width: 300px\" class=\"wp-caption alignleft\"><a href=\"http:\/\/www.eltrabajo.cl\/portal\/municipio-llama-a-familias-a-solicitar-aplicacion-de-registro-social-de-hogares\/pablo-silva-1\/\" rel=\"attachment wp-att-74615\"><img data-recalc-dims=\"1\" loading=\"lazy\" decoding=\"async\" class=\"wp-image-74615 size-medium\" src=\"https:\/\/i0.wp.com\/www.eltrabajo.cl\/portal\/wp-content\/uploads\/2016\/10\/Pablo-Silva-1-300x197.jpg?resize=300%2C197\" alt=\"Pablo Silva, Director de Desarrollo Comunitario.\" width=\"300\" height=\"197\" srcset=\"https:\/\/i0.wp.com\/eltrabajo.cl\/portal\/wp-content\/uploads\/2016\/10\/Pablo-Silva-1.jpg?resize=300%2C197&amp;ssl=1 300w, https:\/\/i0.wp.com\/eltrabajo.cl\/portal\/wp-content\/uploads\/2016\/10\/Pablo-Silva-1.jpg?resize=200%2C131&amp;ssl=1 200w, https:\/\/i0.wp.com\/eltrabajo.cl\/portal\/wp-content\/uploads\/2016\/10\/Pablo-Silva-1.jpg?resize=228%2C150&amp;ssl=1 228w, https:\/\/i0.wp.com\/eltrabajo.cl\/portal\/wp-content\/uploads\/2016\/10\/Pablo-Silva-1.jpg?resize=400%2C263&amp;ssl=1 400w, https:\/\/i0.wp.com\/eltrabajo.cl\/portal\/wp-content\/uploads\/2016\/10\/Pablo-Silva-1.jpg?w=530&amp;ssl=1 530w\" sizes=\"auto, (max-width: 300px) 100vw, 300px\" \/><\/a><figcaption id=\"caption-attachment-74615\" class=\"wp-caption-text\">Pablo Silva, Director de Desarrollo Comunitario.<\/figcaption><\/figure>\n<p>Lo anterior, por cuanto si bien el municipio tiene el desaf\u00edo de ingresar en lo posible al cien por ciento de las familias que habitan la comuna en este sistema, que reemplaza a la antigua ficha de protecci\u00f3n social, en el caso de quienes desean acceder a un beneficio social o en el caso de los estudiantes que postulan a becas que otorga el Estado, el Registro Social de Hogares es fundamental y requisito b\u00e1sico.<br \/>\nDesde esa perspectiva, manifest\u00f3 que a la fecha, se ha logrado actualizar e incorporar a este registro a un 72% de los hogares de la comuna, por lo que resta una cifra importante de familias que debe hacer este tr\u00e1mite.<br \/>\n\u201cHacemos un llamado a todas nuestras vecinas y vecinos, que no tienen a\u00fan su Registro Social de Hogares, puedan acceder, dado que todos los beneficios de Estado para 2017 consideran su aplicaci\u00f3n. Estamos en un porcentaje muy alto de vecinos encuestados, pues en el marco de la administraci\u00f3n del alcalde Patricio Freire nos solicit\u00f3 que este instrumento fuese desarrollado, pero todav\u00eda resta un n\u00famero importante de hogares que deben incorporarse\u201d, se\u00f1al\u00f3 Pablo Silva.<br \/>\nEl director de Desarrollo Comunitario, recalc\u00f3 que para el caso de los estudiantes que en adelante desean optar a alguna de las becas que se otorgan desde las distintas instancias, ya sea de Gobierno o del municipio, el requisito b\u00e1sico es contar con el Registro Social de Hogares.<br \/>\n\u201cLa mayor\u00eda de los beneficios para 2017 requerir\u00e1n de este instrumento y nuestra meta es alcanzar el 95 por ciento de cobertura\u201d, explic\u00f3 Silva.<br \/>\nPor lo mismo, formul\u00f3 un llamado a acercarse a las oficinas ubicadas en Toro Mazote 1172, entre Arturo Prat y Santo Domingo.<\/p>\n","protected":false},"excerpt":{"rendered":"<p>Hasta la fecha un 72% de las familias ha actualizado su informaci\u00f3n o bien, ha solicitado la aplicaci\u00f3n de este instrumento. La meta del municipio es alcanzar el 95% de cobertura. Un&#8230;<\/p>\n","protected":false},"author":1,"featured_media":74615,"comment_status":"open","ping_status":"open","sticky":false,"template":"","format":"standard","meta":{"advanced_seo_description":"","jetpack_seo_html_title":"","jetpack_seo_noindex":false,"_jetpack_memberships_contains_paid_content":false,"footnotes":""},"categories":[1],"tags":[],"class_list":["post-74614","post","type-post","status-publish","format-standard","has-post-thumbnail","hentry","category-cronica"],"jetpack_featured_media_url":"https:\/\/i0.wp.com\/eltrabajo.cl\/portal\/wp-content\/uploads\/2016\/10\/Pablo-Silva-1.jpg?fit=530%2C348&ssl=1","jetpack_sharing_enabled":true,"jetpack_likes_enabled":true,"jetpack-related-posts":[],"_links":{"self":[{"href":"https:\/\/eltrabajo.cl\/portal\/wp-json\/wp\/v2\/posts\/74614","targetHints":{"allow":["GET"]}}],"collection":[{"href":"https:\/\/eltrabajo.cl\/portal\/wp-json\/wp\/v2\/posts"}],"about":[{"href":"https:\/\/eltrabajo.cl\/portal\/wp-json\/wp\/v2\/types\/post"}],"author":[{"embeddable":true,"href":"https:\/\/eltrabajo.cl\/portal\/wp-json\/wp\/v2\/users\/1"}],"replies":[{"embeddable":true,"href":"https:\/\/eltrabajo.cl\/portal\/wp-json\/wp\/v2\/comments?post=74614"}],"version-history":[{"count":0,"href":"https:\/\/eltrabajo.cl\/portal\/wp-json\/wp\/v2\/posts\/74614\/revisions"}],"wp:featuredmedia":[{"embeddable":true,"href":"https:\/\/eltrabajo.cl\/portal\/wp-json\/wp\/v2\/media\/74615"}],"wp:attachment":[{"href":"https:\/\/eltrabajo.cl\/portal\/wp-json\/wp\/v2\/media?parent=74614"}],"wp:term":[{"taxonomy":"category","embeddable":true,"href":"https:\/\/eltrabajo.cl\/portal\/wp-json\/wp\/v2\/categories?post=74614"},{"taxonomy":"post_tag","embeddable":true,"href":"https:\/\/eltrabajo.cl\/portal\/wp-json\/wp\/v2\/tags?post=74614"}],"curies":[{"name":"wp","href":"https:\/\/api.w.org\/{rel}","templated":true}]}}