{"id":74618,"date":"2016-10-19T08:40:34","date_gmt":"2016-10-19T11:40:34","guid":{"rendered":"http:\/\/www.eltrabajo.cl\/portal\/?p=74618"},"modified":"2016-10-19T08:40:34","modified_gmt":"2016-10-19T11:40:34","slug":"putaendo-inaugura-farmacia-municipal-para-todos-sus-habitantes","status":"publish","type":"post","link":"https:\/\/eltrabajo.cl\/portal\/putaendo-inaugura-farmacia-municipal-para-todos-sus-habitantes\/","title":{"rendered":"Putaendo inaugura Farmacia Municipal para todos sus habitantes"},"content":{"rendered":"<ul>\n<li><strong><span style=\"color: #ff0000;\">Funcionamiento ser\u00e1 los d\u00edas lunes, mi\u00e9rcoles y viernes:<\/span>\u00a0Ser habitante de Putaendo es el \u00fanico requisito para acceder al recinto, que ser\u00e1 administrado por el Cesfam Valle de Los Libertadores.<\/strong><\/li>\n<\/ul>\n<p><strong>PUTAENDO.-<\/strong> La ma\u00f1ana de ayer martes, la comunidad putaendina se volc\u00f3 a celebrar la inauguraci\u00f3n de la anhelada Farmacia Municipal, que est\u00e1 ubicada en pleno coraz\u00f3n de la ciudad para mejorar las condiciones de salud y econ\u00f3micas de sus habitantes.<br \/>\nSe trata de un gran compromiso cumplido por la actual administraci\u00f3n comunal, que durante los \u00faltimos a\u00f1os, ha evidenciado una preocupaci\u00f3n por la salud en Putaendo y de entregar ayuda a quienes m\u00e1s lo necesitan.<br \/>\nAs\u00ed lo expres\u00f3 el alcalde(s) Fabi\u00e1n Mu\u00f1oz, enfatizando que dicha iniciativa est\u00e1 enmarcada en una serie de otros proyectos que dignifican la Salud en la comuna.<br \/>\n\u201cEstamos muy contentos de entregar la Farmacia Municipal a la comuna de Putaendo. No es un esfuerzo aislado, el municipio en estos \u00faltimos se ha enfocado en la Salud aumentando la dotaci\u00f3n m\u00e9dica del Cesfam, impulsando la construcci\u00f3n del Cecosf de Las Coimas, mejorando las cuatro postas rurales, adquiriendo m\u00e1s ambulancias para la comuna. \u00c9ste es el broche de oro, recordemos que Putaendo es una comuna que tiene muchos adultos mayores con bajas pensiones y esto viene a paliar con los costos de sus medicamentos\u201d, sostuvo el alcalde (s), Fabi\u00e1n Mu\u00f1oz.<br \/>\nEl funcionamiento de la farmacia, depende del Cesfam Valle de Los Libertadores. Seg\u00fan explic\u00f3 la directora del recinto asistencial, Mireya Ponce, la farmacia funcionar\u00e1 lunes (De 9 a 13 horas), mi\u00e9rcoles (De 14 a 17 horas) y viernes (Desde 9 a 13 horas).<br \/>\nEl servicio est\u00e1 destinado a todos los habitantes de Putaendo. Existe una base de datos de aquellos que est\u00e1n inscritos en los registros del Cesfam (14 mil 780 personas). Quienes no pertenezcan a los antecedentes del centro de Salud, deben llegar hasta la misma farmacia con su c\u00e9dula de identidad y un certificado de residencia, otorgado por la Junta de Vecinos del sector donde la persona vive.<br \/>\nCabe destacar, que se vender\u00e1n los medicamentos m\u00e1s consumidos en el pa\u00eds a precio de costo. En el caso de que aparezcan usuarios con recetas desde el sector secundario (hospitales) o consulta particular, la farmacia cotizar\u00e1 los medicamentos ante sus proveedores y se contactar\u00e1 al usuario para darle a conocer el monto, que ser\u00e1 m\u00e1s bajo que en el mercado. De esta forma, se avanzar\u00e1 en una salud m\u00e1s digna y equitativa para todo Putaendo.<br \/>\n\u201cHacemos la invitaci\u00f3n para todos los putaendinos a acercarse a la Farmacia desde este viernes. Quienes no est\u00e9n en los registros de nuestro Cesfam, deber\u00e1n presentar la documentaci\u00f3n antes mencionada, a contar de este viernes, cuando la farmacia abra sus puertas al p\u00fablico\u201d, explic\u00f3 la directora Mireya Ponce.<\/p>\n<figure id=\"attachment_74619\" aria-describedby=\"caption-attachment-74619\" style=\"width: 530px\" class=\"wp-caption alignleft\"><a href=\"http:\/\/www.eltrabajo.cl\/portal\/putaendo-inaugura-farmacia-municipal-para-todos-sus-habitantes\/inauguriacion-farmacia-pdo\/\" rel=\"attachment wp-att-74619\"><img data-recalc-dims=\"1\" loading=\"lazy\" decoding=\"async\" class=\"size-full wp-image-74619\" src=\"https:\/\/i0.wp.com\/www.eltrabajo.cl\/portal\/wp-content\/uploads\/2016\/10\/inauguriacion-farmacia-pdo.jpg?resize=530%2C350\" alt=\"La ma\u00f1ana de ayer martes, la comunidad putaendina se volc\u00f3 a celebrar la inauguraci\u00f3n de la anhelada Farmacia Municipal, que est\u00e1 ubicada en pleno coraz\u00f3n de la ciudad para mejorar las condiciones de salud y econ\u00f3micas de sus habitantes.\" width=\"530\" height=\"350\" srcset=\"https:\/\/i0.wp.com\/eltrabajo.cl\/portal\/wp-content\/uploads\/2016\/10\/inauguriacion-farmacia-pdo.jpg?w=530&amp;ssl=1 530w, https:\/\/i0.wp.com\/eltrabajo.cl\/portal\/wp-content\/uploads\/2016\/10\/inauguriacion-farmacia-pdo.jpg?resize=200%2C132&amp;ssl=1 200w, https:\/\/i0.wp.com\/eltrabajo.cl\/portal\/wp-content\/uploads\/2016\/10\/inauguriacion-farmacia-pdo.jpg?resize=300%2C198&amp;ssl=1 300w, https:\/\/i0.wp.com\/eltrabajo.cl\/portal\/wp-content\/uploads\/2016\/10\/inauguriacion-farmacia-pdo.jpg?resize=227%2C150&amp;ssl=1 227w, https:\/\/i0.wp.com\/eltrabajo.cl\/portal\/wp-content\/uploads\/2016\/10\/inauguriacion-farmacia-pdo.jpg?resize=400%2C264&amp;ssl=1 400w\" sizes=\"auto, (max-width: 530px) 100vw, 530px\" \/><\/a><figcaption id=\"caption-attachment-74619\" class=\"wp-caption-text\">La ma\u00f1ana de ayer martes, la comunidad putaendina se volc\u00f3 a celebrar la inauguraci\u00f3n de la anhelada Farmacia Municipal, que est\u00e1 ubicada en pleno coraz\u00f3n de la ciudad para mejorar las condiciones de salud y econ\u00f3micas de sus habitantes.<\/figcaption><\/figure>\n","protected":false},"excerpt":{"rendered":"<p>Funcionamiento ser\u00e1 los d\u00edas lunes, mi\u00e9rcoles y viernes:\u00a0Ser habitante de Putaendo es el \u00fanico requisito para acceder al recinto, que ser\u00e1 administrado por el Cesfam Valle de Los Libertadores. PUTAENDO.- La ma\u00f1ana&#8230;<\/p>\n","protected":false},"author":1,"featured_media":74619,"comment_status":"open","ping_status":"open","sticky":false,"template":"","format":"standard","meta":{"advanced_seo_description":"","jetpack_seo_html_title":"","jetpack_seo_noindex":false,"_jetpack_memberships_contains_paid_content":false,"footnotes":""},"categories":[1],"tags":[],"class_list":["post-74618","post","type-post","status-publish","format-standard","has-post-thumbnail","hentry","category-cronica"],"jetpack_featured_media_url":"https:\/\/i0.wp.com\/eltrabajo.cl\/portal\/wp-content\/uploads\/2016\/10\/inauguriacion-farmacia-pdo.jpg?fit=530%2C350&ssl=1","jetpack_sharing_enabled":true,"jetpack_likes_enabled":true,"jetpack-related-posts":[],"_links":{"self":[{"href":"https:\/\/eltrabajo.cl\/portal\/wp-json\/wp\/v2\/posts\/74618","targetHints":{"allow":["GET"]}}],"collection":[{"href":"https:\/\/eltrabajo.cl\/portal\/wp-json\/wp\/v2\/posts"}],"about":[{"href":"https:\/\/eltrabajo.cl\/portal\/wp-json\/wp\/v2\/types\/post"}],"author":[{"embeddable":true,"href":"https:\/\/eltrabajo.cl\/portal\/wp-json\/wp\/v2\/users\/1"}],"replies":[{"embeddable":true,"href":"https:\/\/eltrabajo.cl\/portal\/wp-json\/wp\/v2\/comments?post=74618"}],"version-history":[{"count":0,"href":"https:\/\/eltrabajo.cl\/portal\/wp-json\/wp\/v2\/posts\/74618\/revisions"}],"wp:featuredmedia":[{"embeddable":true,"href":"https:\/\/eltrabajo.cl\/portal\/wp-json\/wp\/v2\/media\/74619"}],"wp:attachment":[{"href":"https:\/\/eltrabajo.cl\/portal\/wp-json\/wp\/v2\/media?parent=74618"}],"wp:term":[{"taxonomy":"category","embeddable":true,"href":"https:\/\/eltrabajo.cl\/portal\/wp-json\/wp\/v2\/categories?post=74618"},{"taxonomy":"post_tag","embeddable":true,"href":"https:\/\/eltrabajo.cl\/portal\/wp-json\/wp\/v2\/tags?post=74618"}],"curies":[{"name":"wp","href":"https:\/\/api.w.org\/{rel}","templated":true}]}}