{"id":74626,"date":"2016-10-19T08:45:51","date_gmt":"2016-10-19T11:45:51","guid":{"rendered":"http:\/\/www.eltrabajo.cl\/portal\/?p=74626"},"modified":"2016-10-19T08:45:52","modified_gmt":"2016-10-19T11:45:52","slug":"cientos-de-sanfelipenos-disfrutaron-con-la-exposicion-del-uni-uni","status":"publish","type":"post","link":"https:\/\/eltrabajo.cl\/portal\/cientos-de-sanfelipenos-disfrutaron-con-la-exposicion-del-uni-uni\/","title":{"rendered":"Cientos de sanfelipe\u00f1os disfrutaron con la exposici\u00f3n del Un\u00ed Un\u00ed"},"content":{"rendered":"<p>Una nutrida concurrencia de p\u00fablico tuvo la exposici\u00f3n montada el lunes en la plaza de armas de la ciudad, con motivo del aniversario n\u00famero sesenta de Uni\u00f3n San Felipe.<br \/>\nLa muestra, que fue organizada por un grupo de fan\u00e1ticos del Un\u00ed Un\u00ed, consisti\u00f3 en la exhibici\u00f3n de camisetas de distintas temporadas, accesorios y una gran cantidad de fotograf\u00edas que fue el elemento que atrajo la atenci\u00f3n mayoritaria del p\u00fablico que, por medio de esas im\u00e1genes hist\u00f3ricas, pudo conocer y revivir formaciones y hechos de importancia que han marcado al Un\u00ed durante estas seis d\u00e9cadas de vida.<br \/>\nEl Trabajo Deportivo, estuvo presente en la actividad, donde convers\u00f3 con el reconocido seguidor unionista V\u00edctor \u2018Vitoko\u2019 Urbina, quien declar\u00f3 lo siguiente: \u201cEstamos muy contentos, fue mucha la gente que se acerc\u00f3 al stand, adem\u00e1s que tambi\u00e9n llegaron jugadores antiguos que en alg\u00fan momento defendieron a Uni\u00f3n San Felipe\u201d.<br \/>\nPor su parte el popular \u2018Longoni\u2019, dijo. \u201cEs importante mostrarle a la gente la historia del club, porque hay personas que no conocen la historia de Uni\u00f3n San Felipe, por eso estamos satisfechos porque podemos aportar con algo en esta fecha tan especial, donde el club de nuestros amores cumple sesenta a\u00f1os\u201d.<\/p>\n<figure id=\"attachment_74627\" aria-describedby=\"caption-attachment-74627\" style=\"width: 530px\" class=\"wp-caption alignleft\"><a href=\"http:\/\/www.eltrabajo.cl\/portal\/cientos-de-sanfelipenos-disfrutaron-con-la-exposicion-del-uni-uni\/exposicion-union-san-felipe\/\" rel=\"attachment wp-att-74627\"><img data-recalc-dims=\"1\" loading=\"lazy\" decoding=\"async\" class=\"size-full wp-image-74627\" src=\"https:\/\/i0.wp.com\/www.eltrabajo.cl\/portal\/wp-content\/uploads\/2016\/10\/exposicion-union-san-felipe.jpg?resize=530%2C350\" alt=\"Durante toda la jornada del lunes los sanfelipe\u00f1os pudieron disfrutar de la muestra hist\u00f3rica de Uni\u00f3n San Felipe. \" width=\"530\" height=\"350\" srcset=\"https:\/\/i0.wp.com\/eltrabajo.cl\/portal\/wp-content\/uploads\/2016\/10\/exposicion-union-san-felipe.jpg?w=530&amp;ssl=1 530w, https:\/\/i0.wp.com\/eltrabajo.cl\/portal\/wp-content\/uploads\/2016\/10\/exposicion-union-san-felipe.jpg?resize=200%2C132&amp;ssl=1 200w, https:\/\/i0.wp.com\/eltrabajo.cl\/portal\/wp-content\/uploads\/2016\/10\/exposicion-union-san-felipe.jpg?resize=300%2C198&amp;ssl=1 300w, https:\/\/i0.wp.com\/eltrabajo.cl\/portal\/wp-content\/uploads\/2016\/10\/exposicion-union-san-felipe.jpg?resize=227%2C150&amp;ssl=1 227w, https:\/\/i0.wp.com\/eltrabajo.cl\/portal\/wp-content\/uploads\/2016\/10\/exposicion-union-san-felipe.jpg?resize=400%2C264&amp;ssl=1 400w\" sizes=\"auto, (max-width: 530px) 100vw, 530px\" \/><\/a><figcaption id=\"caption-attachment-74627\" class=\"wp-caption-text\">Durante toda la jornada del lunes los sanfelipe\u00f1os pudieron disfrutar de la muestra hist\u00f3rica de Uni\u00f3n San Felipe.<\/figcaption><\/figure>\n","protected":false},"excerpt":{"rendered":"<p>Una nutrida concurrencia de p\u00fablico tuvo la exposici\u00f3n montada el lunes en la plaza de armas de la ciudad, con motivo del aniversario n\u00famero sesenta de Uni\u00f3n San Felipe. La muestra, que&#8230;<\/p>\n","protected":false},"author":1,"featured_media":74627,"comment_status":"open","ping_status":"open","sticky":false,"template":"","format":"standard","meta":{"advanced_seo_description":"","jetpack_seo_html_title":"","jetpack_seo_noindex":false,"_jetpack_memberships_contains_paid_content":false,"footnotes":""},"categories":[15],"tags":[],"class_list":["post-74626","post","type-post","status-publish","format-standard","has-post-thumbnail","hentry","category-comunidad"],"jetpack_featured_media_url":"https:\/\/i0.wp.com\/eltrabajo.cl\/portal\/wp-content\/uploads\/2016\/10\/exposicion-union-san-felipe.jpg?fit=530%2C350&ssl=1","jetpack_sharing_enabled":true,"jetpack_likes_enabled":true,"jetpack-related-posts":[],"_links":{"self":[{"href":"https:\/\/eltrabajo.cl\/portal\/wp-json\/wp\/v2\/posts\/74626","targetHints":{"allow":["GET"]}}],"collection":[{"href":"https:\/\/eltrabajo.cl\/portal\/wp-json\/wp\/v2\/posts"}],"about":[{"href":"https:\/\/eltrabajo.cl\/portal\/wp-json\/wp\/v2\/types\/post"}],"author":[{"embeddable":true,"href":"https:\/\/eltrabajo.cl\/portal\/wp-json\/wp\/v2\/users\/1"}],"replies":[{"embeddable":true,"href":"https:\/\/eltrabajo.cl\/portal\/wp-json\/wp\/v2\/comments?post=74626"}],"version-history":[{"count":0,"href":"https:\/\/eltrabajo.cl\/portal\/wp-json\/wp\/v2\/posts\/74626\/revisions"}],"wp:featuredmedia":[{"embeddable":true,"href":"https:\/\/eltrabajo.cl\/portal\/wp-json\/wp\/v2\/media\/74627"}],"wp:attachment":[{"href":"https:\/\/eltrabajo.cl\/portal\/wp-json\/wp\/v2\/media?parent=74626"}],"wp:term":[{"taxonomy":"category","embeddable":true,"href":"https:\/\/eltrabajo.cl\/portal\/wp-json\/wp\/v2\/categories?post=74626"},{"taxonomy":"post_tag","embeddable":true,"href":"https:\/\/eltrabajo.cl\/portal\/wp-json\/wp\/v2\/tags?post=74626"}],"curies":[{"name":"wp","href":"https:\/\/api.w.org\/{rel}","templated":true}]}}