{"id":74630,"date":"2016-10-19T08:50:12","date_gmt":"2016-10-19T11:50:12","guid":{"rendered":"http:\/\/www.eltrabajo.cl\/portal\/?p=74630"},"modified":"2016-10-19T08:50:12","modified_gmt":"2016-10-19T11:50:12","slug":"en-plaza-civica-de-san-felipe-inauguran-6a-version-de-la-expo-empleo-aiep","status":"publish","type":"post","link":"https:\/\/eltrabajo.cl\/portal\/en-plaza-civica-de-san-felipe-inauguran-6a-version-de-la-expo-empleo-aiep\/","title":{"rendered":"En Plaza C\u00edvica de San Felipe inauguran 6\u00aa versi\u00f3n de la Expo Empleo Aiep"},"content":{"rendered":"<ul>\n<li><strong><span style=\"color: #ff0000;\">Iniciativa pone en vitrina a 30 empresas con una oferta de 2 mil 200 puestos de trabajo:<\/span>\u00a0Jornada cont\u00f3 con masiva concurrencia de estudiantes de Educaci\u00f3n Superior, que durante sus tiempos libres buscan desarrollar trabajos de media jornada.<\/strong><\/li>\n<\/ul>\n<p>Alrededor de 30 empresas se dieron cita en la Plaza C\u00edvica de San Felipe, para inaugurar la Expo Empleos AIEP 2016, feria laboral que se realiza por sexto a\u00f1o consecutivo y que en esta oportunidad, presenta una oferta de 2 mil 200 puestos de trabajo para estudiantes, t\u00e9cnicos, profesionales y la comunidad del Valle de Aconcagua.<br \/>\nLa jornada tuvo una excelente concurrencia, particularmente de estudiantes de educaci\u00f3n superior, que se acercaron al lugar a dejar su curr\u00edculum vitae en busca de un trabajo que les permita ocupar el tiempo libre que les dejan sus respectivas carreras.<br \/>\nEs el caso de Esteban P\u00e9rez, estudiante de la carrera de T\u00e9cnico en Construcci\u00f3n del mismo Instituto Aiep, quien destac\u00f3 que \u201cal ser estudiantes necesitamos un trabajo part time y uno de los que m\u00e1s nos ha interesado es el Enjoy (Casino), que nos ofrece un trabajo de m\u00ednimo 20 horas y ese ser\u00eda uno de los que m\u00e1s nos conviene porque estamos estudiando en la ma\u00f1ana, queremos un trabajo para las tardes o los fines de semana\u201d, asever\u00f3 el joven<br \/>\nA su vez, la prorrectora de Aiep, Patricia Cabello, detall\u00f3 que uno de los objetivos de la realizaci\u00f3n de esta \u2018feria labora\u2019, es fortalecer el v\u00ednculo los sectores p\u00fablico y privado con la comunidad, argumentando que \u201cesto no es s\u00f3lo para nuestros estudiantes, es para San Felipe y las comunas cercanas que tambi\u00e9n puedan tener oportunidades de trabajo, de tal manera a quienes ponen a disposici\u00f3n ciertos puestos laborales, con quienes est\u00e1n buscando alguna oportunidad de trabajo o buscando alguna otra posici\u00f3n que los acomode mejor\u201d, puntualiz\u00f3.<br \/>\nEn cuanto a la evaluaci\u00f3n que ha realizado el Instituto, respecto del impacto que han tenido las anteriores versiones de esta Expo Empleos, en la empleabilidad de la zona, Cabello apunt\u00f3 que \u201cen el tiempo hemos ido aumentando la oferta, el a\u00f1o pasado ofrecimos cerca de 1.600 puestos, lo que nosotros hacemos despu\u00e9s es mirar cu\u00e1ntas han sido cubiertas, pero siempre depende del tipo de personas que nos visitan, sus necesidades laborales y las ofertas laborales que hagan las empresas\u201d, explic\u00f3 la prorrectora.<br \/>\nVer\u00f3nica Povea, vecina del sector de Bucalemu, se enter\u00f3 de forma fortuita de la Expo Empleo 2016 y valor\u00f3 la iniciativa, contando que luego de recorrer cada uno de los stands, se inclin\u00f3 por postular a una actividad que le conviene por distintos motivos. \u201cEstoy hace tiempo sin trabajo, pero quiero algo de medio tiempo porque tambi\u00e9n trabajo en mi casa, qued\u00e9 inscrita en los cursos del Sence (Servicio Nacional de Capacitaci\u00f3n y Empleo)\u201d, declar\u00f3.<br \/>\nRespecto del aporte que realiza esta iniciativa al territorio de la Provincia de San Felipe, el director Regional de Sence, Esteban Vega, coment\u00f3 que \u201cyo estoy convencido de que empleo existe y la mejor muestra de eso es como el desempleo se ha mantenido controlado y con una cierta tendencia a la baja en los \u00faltimos meses, por lo tanto, la feria es reflejo de c\u00f3mo logramos conectar a quienes demandan trabajadores, con quienes requieren empleo y c\u00f3mo logramos generar condiciones para generar trabajos de calidad y que las personas que se integran al mundo laboral, lo hagan con mayores posibilidades de \u00e9xito, generar estabilidad y una mejor remuneraci\u00f3n\u201d, concluy\u00f3 el personero.<\/p>\n<figure id=\"attachment_74632\" aria-describedby=\"caption-attachment-74632\" style=\"width: 530px\" class=\"wp-caption alignleft\"><a href=\"http:\/\/www.eltrabajo.cl\/portal\/en-plaza-civica-de-san-felipe-inauguran-6a-version-de-la-expo-empleo-aiep\/foto-5-jovenes\/\" rel=\"attachment wp-att-74632\"><img data-recalc-dims=\"1\" loading=\"lazy\" decoding=\"async\" class=\"size-full wp-image-74632\" src=\"https:\/\/i0.wp.com\/www.eltrabajo.cl\/portal\/wp-content\/uploads\/2016\/10\/FOTO-5-JOVENES.jpg?resize=530%2C350\" alt=\"Gran cantidad de j\u00f3venes, en su mayor\u00eda estudiantes de Educaci\u00f3n Superior, llegaron a presentar sus curr\u00edculum a la Expo Empleo y as\u00ed conseguir uno de los 2200 puestos de trabajo que se ofrecen este a\u00f1o.\" width=\"530\" height=\"350\" srcset=\"https:\/\/i0.wp.com\/eltrabajo.cl\/portal\/wp-content\/uploads\/2016\/10\/FOTO-5-JOVENES.jpg?w=530&amp;ssl=1 530w, https:\/\/i0.wp.com\/eltrabajo.cl\/portal\/wp-content\/uploads\/2016\/10\/FOTO-5-JOVENES.jpg?resize=200%2C132&amp;ssl=1 200w, https:\/\/i0.wp.com\/eltrabajo.cl\/portal\/wp-content\/uploads\/2016\/10\/FOTO-5-JOVENES.jpg?resize=300%2C198&amp;ssl=1 300w, https:\/\/i0.wp.com\/eltrabajo.cl\/portal\/wp-content\/uploads\/2016\/10\/FOTO-5-JOVENES.jpg?resize=227%2C150&amp;ssl=1 227w, https:\/\/i0.wp.com\/eltrabajo.cl\/portal\/wp-content\/uploads\/2016\/10\/FOTO-5-JOVENES.jpg?resize=400%2C264&amp;ssl=1 400w\" sizes=\"auto, (max-width: 530px) 100vw, 530px\" \/><\/a><figcaption id=\"caption-attachment-74632\" class=\"wp-caption-text\">Gran cantidad de j\u00f3venes, en su mayor\u00eda estudiantes de Educaci\u00f3n Superior, llegaron a presentar sus curr\u00edculum a la Expo Empleo y as\u00ed conseguir uno de los 2200 puestos de trabajo que se ofrecen este a\u00f1o.<\/figcaption><\/figure>\n","protected":false},"excerpt":{"rendered":"<p>Iniciativa pone en vitrina a 30 empresas con una oferta de 2 mil 200 puestos de trabajo:\u00a0Jornada cont\u00f3 con masiva concurrencia de estudiantes de Educaci\u00f3n Superior, que durante sus tiempos libres buscan&#8230;<\/p>\n","protected":false},"author":1,"featured_media":74631,"comment_status":"open","ping_status":"open","sticky":false,"template":"","format":"standard","meta":{"advanced_seo_description":"","jetpack_seo_html_title":"","jetpack_seo_noindex":false,"_jetpack_memberships_contains_paid_content":false,"footnotes":""},"categories":[1],"tags":[],"class_list":["post-74630","post","type-post","status-publish","format-standard","has-post-thumbnail","hentry","category-cronica"],"jetpack_featured_media_url":"https:\/\/i0.wp.com\/eltrabajo.cl\/portal\/wp-content\/uploads\/2016\/10\/expoempleos-aiep.jpg?fit=530%2C350&ssl=1","jetpack_sharing_enabled":true,"jetpack_likes_enabled":true,"jetpack-related-posts":[],"_links":{"self":[{"href":"https:\/\/eltrabajo.cl\/portal\/wp-json\/wp\/v2\/posts\/74630","targetHints":{"allow":["GET"]}}],"collection":[{"href":"https:\/\/eltrabajo.cl\/portal\/wp-json\/wp\/v2\/posts"}],"about":[{"href":"https:\/\/eltrabajo.cl\/portal\/wp-json\/wp\/v2\/types\/post"}],"author":[{"embeddable":true,"href":"https:\/\/eltrabajo.cl\/portal\/wp-json\/wp\/v2\/users\/1"}],"replies":[{"embeddable":true,"href":"https:\/\/eltrabajo.cl\/portal\/wp-json\/wp\/v2\/comments?post=74630"}],"version-history":[{"count":0,"href":"https:\/\/eltrabajo.cl\/portal\/wp-json\/wp\/v2\/posts\/74630\/revisions"}],"wp:featuredmedia":[{"embeddable":true,"href":"https:\/\/eltrabajo.cl\/portal\/wp-json\/wp\/v2\/media\/74631"}],"wp:attachment":[{"href":"https:\/\/eltrabajo.cl\/portal\/wp-json\/wp\/v2\/media?parent=74630"}],"wp:term":[{"taxonomy":"category","embeddable":true,"href":"https:\/\/eltrabajo.cl\/portal\/wp-json\/wp\/v2\/categories?post=74630"},{"taxonomy":"post_tag","embeddable":true,"href":"https:\/\/eltrabajo.cl\/portal\/wp-json\/wp\/v2\/tags?post=74630"}],"curies":[{"name":"wp","href":"https:\/\/api.w.org\/{rel}","templated":true}]}}