{"id":74635,"date":"2016-10-19T08:53:41","date_gmt":"2016-10-19T11:53:41","guid":{"rendered":"http:\/\/www.eltrabajo.cl\/portal\/?p=74635"},"modified":"2016-10-19T08:53:41","modified_gmt":"2016-10-19T11:53:41","slug":"hijo-ilustre-ismael-herrera-comparte-su-pasado-con-nuestros-lectores","status":"publish","type":"post","link":"https:\/\/eltrabajo.cl\/portal\/hijo-ilustre-ismael-herrera-comparte-su-pasado-con-nuestros-lectores\/","title":{"rendered":"Hijo Ilustre Ismael Herrera comparte su pasado con nuestros lectores"},"content":{"rendered":"<ul>\n<li><strong>Conocido vecino con 73 a\u00f1os como Bombero:<\/strong><\/li>\n<\/ul>\n<p>Hace pocos d\u00edas y dentro del marco del 121\u00ba aniversario de la 2\u00aa Compa\u00f1\u00eda de Bomberos de San Felipe, nos enteramos que a don Ismael \u2018Tata\u2019 Herrera lo premiaron por sus 73 a\u00f1os de servicio en esa instituci\u00f3n, es por ello que quisimos conocer m\u00e1s acerca de este conocido sanfelipe\u00f1o.<br \/>\nEl d\u00eda de ayer Diario El Trabajo habl\u00f3 con este \u2018Caballero del Fuego\u2019, encontr\u00e1ndonos con la grata sorpresa de que \u00e9l es Hijo Ilustre de San Felipe desde el a\u00f1o 2001.<\/p>\n<p><strong>SIEMPRE SERVICIAL<\/strong><br \/>\n\u00abNac\u00ed aqu\u00ed, en San Felipe. Tengo 94 a\u00f1os de edad, y desde mis 21 a\u00f1os soy bombero, desde lo m\u00e1s profundo de mi coraz\u00f3n siempre he sentido placer en ayudar al pr\u00f3jimo, por esa raz\u00f3n es que me hice bombero, siempre fiel a una sola compa\u00f1\u00eda, mi amada 2\u00aa Compa\u00f1\u00eda\u00bb, dijo emocionado don Ismael.<br \/>\nEste ilustre sanfelipe\u00f1o, tambi\u00e9n dedic\u00f3 muchos a\u00f1os de su vida gremial; don Ismael figura en las memorias de la historia deportiva chilena como uno de ellos fundadores del Un\u00ed Un\u00ed, adem\u00e1s de haber sido desde 1944 a 1948 el presidente de la Asociaci\u00f3n de F\u00fatbol de nuestro valle.<br \/>\n\u00abTuve la dicha de ser tambi\u00e9n socio de la Sociedad de Artesanos de San Felipe por muchos a\u00f1os, en 2010 recib\u00ed la medalla a los 50 a\u00f1os de filiaci\u00f3n. Creo que s\u00ed cumpl\u00ed mis sue\u00f1os en esta vida, porque yo so\u00f1aba en servir a los dem\u00e1s, y pude hacerlo, agradezco a Dios por regalarme tantos a\u00f1os de vida\u00bb, indic\u00f3 el entrevistado. Don Ismael tambi\u00e9n estuvo relacionado con los gremios de taxistas sanfelipe\u00f1os, adem\u00e1s de haber sido inspector en el Liceo de Hombres, hoy Liceo Roberto Humeres. Gracias Don Ismael, por tantos a\u00f1os ofrecidos a tu amada ciudad.<br \/>\n<strong>Roberto Gonz\u00e1lez Short<\/strong><\/p>\n<figure id=\"attachment_74636\" aria-describedby=\"caption-attachment-74636\" style=\"width: 530px\" class=\"wp-caption alignleft\"><a href=\"http:\/\/www.eltrabajo.cl\/portal\/hijo-ilustre-ismael-herrera-comparte-su-pasado-con-nuestros-lectores\/liceo58\/\" rel=\"attachment wp-att-74636\"><img data-recalc-dims=\"1\" loading=\"lazy\" decoding=\"async\" class=\"size-full wp-image-74636\" src=\"https:\/\/i0.wp.com\/www.eltrabajo.cl\/portal\/wp-content\/uploads\/2016\/10\/Liceo58.jpg?resize=530%2C349\" alt=\"A\u00d1OS DORADOS.- En el Liceo de Hombres, al centro del grupo, vemos al entonces joven Ismael en calidad de inspector escolar.\" width=\"530\" height=\"349\" srcset=\"https:\/\/i0.wp.com\/eltrabajo.cl\/portal\/wp-content\/uploads\/2016\/10\/Liceo58.jpg?w=530&amp;ssl=1 530w, https:\/\/i0.wp.com\/eltrabajo.cl\/portal\/wp-content\/uploads\/2016\/10\/Liceo58.jpg?resize=200%2C132&amp;ssl=1 200w, https:\/\/i0.wp.com\/eltrabajo.cl\/portal\/wp-content\/uploads\/2016\/10\/Liceo58.jpg?resize=300%2C198&amp;ssl=1 300w, https:\/\/i0.wp.com\/eltrabajo.cl\/portal\/wp-content\/uploads\/2016\/10\/Liceo58.jpg?resize=228%2C150&amp;ssl=1 228w, https:\/\/i0.wp.com\/eltrabajo.cl\/portal\/wp-content\/uploads\/2016\/10\/Liceo58.jpg?resize=400%2C263&amp;ssl=1 400w\" sizes=\"auto, (max-width: 530px) 100vw, 530px\" \/><\/a><figcaption id=\"caption-attachment-74636\" class=\"wp-caption-text\">A\u00d1OS DORADOS.- En el Liceo de Hombres, al centro del grupo, vemos al entonces joven Ismael en calidad de inspector escolar.<\/figcaption><\/figure>\n<figure id=\"attachment_74637\" aria-describedby=\"caption-attachment-74637\" style=\"width: 530px\" class=\"wp-caption alignleft\"><a href=\"http:\/\/www.eltrabajo.cl\/portal\/hijo-ilustre-ismael-herrera-comparte-su-pasado-con-nuestros-lectores\/premiado33\/\" rel=\"attachment wp-att-74637\"><img data-recalc-dims=\"1\" loading=\"lazy\" decoding=\"async\" class=\"size-full wp-image-74637\" src=\"https:\/\/i0.wp.com\/www.eltrabajo.cl\/portal\/wp-content\/uploads\/2016\/10\/Premiado33.jpg?resize=530%2C349\" alt=\"CON HONORES.- Este fin de semana don Ismael Herrera fue premiado por su casa bomberil, en honor a sus 73 a\u00f1os de fidelidad y voluntariado.\" width=\"530\" height=\"349\" srcset=\"https:\/\/i0.wp.com\/eltrabajo.cl\/portal\/wp-content\/uploads\/2016\/10\/Premiado33.jpg?w=530&amp;ssl=1 530w, https:\/\/i0.wp.com\/eltrabajo.cl\/portal\/wp-content\/uploads\/2016\/10\/Premiado33.jpg?resize=200%2C132&amp;ssl=1 200w, https:\/\/i0.wp.com\/eltrabajo.cl\/portal\/wp-content\/uploads\/2016\/10\/Premiado33.jpg?resize=300%2C198&amp;ssl=1 300w, https:\/\/i0.wp.com\/eltrabajo.cl\/portal\/wp-content\/uploads\/2016\/10\/Premiado33.jpg?resize=228%2C150&amp;ssl=1 228w, https:\/\/i0.wp.com\/eltrabajo.cl\/portal\/wp-content\/uploads\/2016\/10\/Premiado33.jpg?resize=400%2C263&amp;ssl=1 400w\" sizes=\"auto, (max-width: 530px) 100vw, 530px\" \/><\/a><figcaption id=\"caption-attachment-74637\" class=\"wp-caption-text\">CON HONORES.- Este fin de semana don Ismael Herrera fue premiado por su casa bomberil, en honor a sus 73 a\u00f1os de fidelidad y voluntariado.<\/figcaption><\/figure>\n<figure id=\"attachment_74638\" aria-describedby=\"caption-attachment-74638\" style=\"width: 530px\" class=\"wp-caption alignleft\"><a href=\"http:\/\/www.eltrabajo.cl\/portal\/hijo-ilustre-ismael-herrera-comparte-su-pasado-con-nuestros-lectores\/taxis33\/\" rel=\"attachment wp-att-74638\"><img data-recalc-dims=\"1\" loading=\"lazy\" decoding=\"async\" class=\"size-full wp-image-74638\" src=\"https:\/\/i0.wp.com\/www.eltrabajo.cl\/portal\/wp-content\/uploads\/2016\/10\/Taxis33.jpg?resize=530%2C350\" alt=\"SIEMPRE AL FRENTE.- Al centro de esta foto del recuerdo, vemos a don Ismael en sus a\u00f1os de juventud, al frente de esta asociaci\u00f3n de taxistas locales.\" width=\"530\" height=\"350\" srcset=\"https:\/\/i0.wp.com\/eltrabajo.cl\/portal\/wp-content\/uploads\/2016\/10\/Taxis33.jpg?w=530&amp;ssl=1 530w, https:\/\/i0.wp.com\/eltrabajo.cl\/portal\/wp-content\/uploads\/2016\/10\/Taxis33.jpg?resize=200%2C132&amp;ssl=1 200w, https:\/\/i0.wp.com\/eltrabajo.cl\/portal\/wp-content\/uploads\/2016\/10\/Taxis33.jpg?resize=300%2C198&amp;ssl=1 300w, https:\/\/i0.wp.com\/eltrabajo.cl\/portal\/wp-content\/uploads\/2016\/10\/Taxis33.jpg?resize=227%2C150&amp;ssl=1 227w, https:\/\/i0.wp.com\/eltrabajo.cl\/portal\/wp-content\/uploads\/2016\/10\/Taxis33.jpg?resize=400%2C264&amp;ssl=1 400w\" sizes=\"auto, (max-width: 530px) 100vw, 530px\" \/><\/a><figcaption id=\"caption-attachment-74638\" class=\"wp-caption-text\">SIEMPRE AL FRENTE.- Al centro de esta foto del recuerdo, vemos a don Ismael en sus a\u00f1os de juventud, al frente de esta asociaci\u00f3n de taxistas locales.<\/figcaption><\/figure>\n","protected":false},"excerpt":{"rendered":"<p>Conocido vecino con 73 a\u00f1os como Bombero: Hace pocos d\u00edas y dentro del marco del 121\u00ba aniversario de la 2\u00aa Compa\u00f1\u00eda de Bomberos de San Felipe, nos enteramos que a don Ismael&#8230;<\/p>\n","protected":false},"author":1,"featured_media":74638,"comment_status":"open","ping_status":"open","sticky":false,"template":"","format":"standard","meta":{"advanced_seo_description":"","jetpack_seo_html_title":"","jetpack_seo_noindex":false,"_jetpack_memberships_contains_paid_content":false,"footnotes":""},"categories":[15],"tags":[],"class_list":["post-74635","post","type-post","status-publish","format-standard","has-post-thumbnail","hentry","category-comunidad"],"jetpack_featured_media_url":"https:\/\/i0.wp.com\/eltrabajo.cl\/portal\/wp-content\/uploads\/2016\/10\/Taxis33.jpg?fit=530%2C350&ssl=1","jetpack_sharing_enabled":true,"jetpack_likes_enabled":true,"jetpack-related-posts":[],"_links":{"self":[{"href":"https:\/\/eltrabajo.cl\/portal\/wp-json\/wp\/v2\/posts\/74635","targetHints":{"allow":["GET"]}}],"collection":[{"href":"https:\/\/eltrabajo.cl\/portal\/wp-json\/wp\/v2\/posts"}],"about":[{"href":"https:\/\/eltrabajo.cl\/portal\/wp-json\/wp\/v2\/types\/post"}],"author":[{"embeddable":true,"href":"https:\/\/eltrabajo.cl\/portal\/wp-json\/wp\/v2\/users\/1"}],"replies":[{"embeddable":true,"href":"https:\/\/eltrabajo.cl\/portal\/wp-json\/wp\/v2\/comments?post=74635"}],"version-history":[{"count":0,"href":"https:\/\/eltrabajo.cl\/portal\/wp-json\/wp\/v2\/posts\/74635\/revisions"}],"wp:featuredmedia":[{"embeddable":true,"href":"https:\/\/eltrabajo.cl\/portal\/wp-json\/wp\/v2\/media\/74638"}],"wp:attachment":[{"href":"https:\/\/eltrabajo.cl\/portal\/wp-json\/wp\/v2\/media?parent=74635"}],"wp:term":[{"taxonomy":"category","embeddable":true,"href":"https:\/\/eltrabajo.cl\/portal\/wp-json\/wp\/v2\/categories?post=74635"},{"taxonomy":"post_tag","embeddable":true,"href":"https:\/\/eltrabajo.cl\/portal\/wp-json\/wp\/v2\/tags?post=74635"}],"curies":[{"name":"wp","href":"https:\/\/api.w.org\/{rel}","templated":true}]}}