{"id":74641,"date":"2016-10-19T08:57:33","date_gmt":"2016-10-19T11:57:33","guid":{"rendered":"http:\/\/www.eltrabajo.cl\/portal\/?p=74641"},"modified":"2016-10-19T08:57:34","modified_gmt":"2016-10-19T11:57:34","slug":"luis-correcaminos-valle-2o-lugar-en-the-north-face-endurance-challenge","status":"publish","type":"post","link":"https:\/\/eltrabajo.cl\/portal\/luis-correcaminos-valle-2o-lugar-en-the-north-face-endurance-challenge\/","title":{"rendered":"Luis \u2018Correcaminos\u2019 Valle 2\u00ba lugar en The North Face Endurance Challenge"},"content":{"rendered":"<p>Tal como lo venimos anunciando desde hace varias semanas, en Aconcagua tenemos a uno de los mejores running del pa\u00eds, Luis Valle, quien desde hace rato nos viene dando alegr\u00edas a todos los aconcag\u00fcinos, ganando m\u00faltiples competencias en el pa\u00eds, dicho esto, hoy a nuestros lectores les tenemos una grata noticia: \u2018Correcaminos\u2019 Valle compiti\u00f3 en la quinta edici\u00f3n The North Face Endurance Challenge de Santiago, y logr\u00f3 el segundo lugar a nivel nacional.<\/p>\n<p><strong>LAS CATEGOR\u00cdAS<\/strong><br \/>\nEsta jornada se llev\u00f3 a cabo por cinco comunas de Santiago durante los d\u00edas viernes 14 y s\u00e1bado 15 de octubre con total normalidad. M\u00e1s de 2.000 corredores inscritos participaron en las distintas distancias de 10K, 21K, 50K, 80K y 160K.<br \/>\nEsta carrera, es la m\u00e1s importante en esta disciplina, la mayor\u00eda de los corredores se prepararon todo el a\u00f1o para esta carrera. \u00abDespu\u00e9s de haber participado los a\u00f1os anteriores en las distancias de 10, 21 y 50 kil\u00f3metros, este a\u00f1o me toc\u00f3 participar en los 80K, obteniendo un muy buen resultado. Logr\u00e9 el 2\u00ba lugar general con 9 horas 48 minutos, a 6 minutos del ganador, Mois\u00e9s Jim\u00e9nez, atleta embajador de la marca The North Face. Es un muy buen corredor, quien pr\u00e1cticamente se bajo del avi\u00f3n directo a competir. Viene llegando de hacer una muy buena temporada en EE.UU.\u00bb, dijo el atleta.<\/p>\n<figure id=\"attachment_74643\" aria-describedby=\"caption-attachment-74643\" style=\"width: 530px\" class=\"wp-caption alignleft\"><a href=\"http:\/\/www.eltrabajo.cl\/portal\/luis-correcaminos-valle-2o-lugar-en-the-north-face-endurance-challenge\/corrida28\/\" rel=\"attachment wp-att-74643\"><img data-recalc-dims=\"1\" loading=\"lazy\" decoding=\"async\" class=\"size-full wp-image-74643\" src=\"https:\/\/i0.wp.com\/www.eltrabajo.cl\/portal\/wp-content\/uploads\/2016\/10\/Corrida28.jpg?resize=530%2C350\" alt=\"IMPARABLE.- Aqu\u00ed vemos al \u2018Correcaminos\u2019 Valle en plena competencia con los mejores del pa\u00eds.\" width=\"530\" height=\"350\" srcset=\"https:\/\/i0.wp.com\/eltrabajo.cl\/portal\/wp-content\/uploads\/2016\/10\/Corrida28.jpg?w=530&amp;ssl=1 530w, https:\/\/i0.wp.com\/eltrabajo.cl\/portal\/wp-content\/uploads\/2016\/10\/Corrida28.jpg?resize=200%2C132&amp;ssl=1 200w, https:\/\/i0.wp.com\/eltrabajo.cl\/portal\/wp-content\/uploads\/2016\/10\/Corrida28.jpg?resize=300%2C198&amp;ssl=1 300w, https:\/\/i0.wp.com\/eltrabajo.cl\/portal\/wp-content\/uploads\/2016\/10\/Corrida28.jpg?resize=227%2C150&amp;ssl=1 227w, https:\/\/i0.wp.com\/eltrabajo.cl\/portal\/wp-content\/uploads\/2016\/10\/Corrida28.jpg?resize=400%2C264&amp;ssl=1 400w\" sizes=\"auto, (max-width: 530px) 100vw, 530px\" \/><\/a><figcaption id=\"caption-attachment-74643\" class=\"wp-caption-text\">IMPARABLE.- Aqu\u00ed vemos al \u2018Correcaminos\u2019 Valle en plena competencia con los mejores del pa\u00eds.<\/figcaption><\/figure>\n<figure id=\"attachment_74644\" aria-describedby=\"caption-attachment-74644\" style=\"width: 530px\" class=\"wp-caption alignleft\"><a href=\"http:\/\/www.eltrabajo.cl\/portal\/luis-correcaminos-valle-2o-lugar-en-the-north-face-endurance-challenge\/meta33-2\/\" rel=\"attachment wp-att-74644\"><img data-recalc-dims=\"1\" loading=\"lazy\" decoding=\"async\" class=\"size-full wp-image-74644\" src=\"https:\/\/i0.wp.com\/www.eltrabajo.cl\/portal\/wp-content\/uploads\/2016\/10\/Meta33-1.jpg?resize=530%2C350\" alt=\"ELLA LO ADORA.- Como siempre, la peque\u00f1a hija de Luis le esperaba en la Meta, Camilita Valle, de cuatro a\u00f1os, es su primer admiradora.\" width=\"530\" height=\"350\" srcset=\"https:\/\/i0.wp.com\/eltrabajo.cl\/portal\/wp-content\/uploads\/2016\/10\/Meta33-1.jpg?w=530&amp;ssl=1 530w, https:\/\/i0.wp.com\/eltrabajo.cl\/portal\/wp-content\/uploads\/2016\/10\/Meta33-1.jpg?resize=200%2C132&amp;ssl=1 200w, https:\/\/i0.wp.com\/eltrabajo.cl\/portal\/wp-content\/uploads\/2016\/10\/Meta33-1.jpg?resize=300%2C198&amp;ssl=1 300w, https:\/\/i0.wp.com\/eltrabajo.cl\/portal\/wp-content\/uploads\/2016\/10\/Meta33-1.jpg?resize=227%2C150&amp;ssl=1 227w, https:\/\/i0.wp.com\/eltrabajo.cl\/portal\/wp-content\/uploads\/2016\/10\/Meta33-1.jpg?resize=400%2C264&amp;ssl=1 400w\" sizes=\"auto, (max-width: 530px) 100vw, 530px\" \/><\/a><figcaption id=\"caption-attachment-74644\" class=\"wp-caption-text\">ELLA LO ADORA.- Como siempre, la peque\u00f1a hija de Luis le esperaba en la Meta, Camilita Valle, de cuatro a\u00f1os, es su primer admiradora.<\/figcaption><\/figure>\n<p>Todos quienes laboramos en Diario El Trabajo hoy felicitamos p\u00fablicamente a Luis Valle, quien sigue cosechando \u00e9xitos deportivos a lo largo de todo Chile.<br \/>\n<strong>Roberto Gonz\u00e1lez Short<\/strong><\/p>\n<figure id=\"attachment_74644\" aria-describedby=\"caption-attachment-74644\" style=\"width: 530px\" class=\"wp-caption alignleft\"><a href=\"http:\/\/www.eltrabajo.cl\/portal\/luis-correcaminos-valle-2o-lugar-en-the-north-face-endurance-challenge\/meta33-2\/\" rel=\"attachment wp-att-74644\"><img data-recalc-dims=\"1\" loading=\"lazy\" decoding=\"async\" class=\"size-full wp-image-74644\" src=\"https:\/\/i0.wp.com\/www.eltrabajo.cl\/portal\/wp-content\/uploads\/2016\/10\/Meta33-1.jpg?resize=530%2C350\" alt=\"ELLA LO ADORA.- Como siempre, la peque\u00f1a hija de Luis le esperaba en la Meta, Camilita Valle, de cuatro a\u00f1os, es su primer admiradora.\" width=\"530\" height=\"350\" srcset=\"https:\/\/i0.wp.com\/eltrabajo.cl\/portal\/wp-content\/uploads\/2016\/10\/Meta33-1.jpg?w=530&amp;ssl=1 530w, https:\/\/i0.wp.com\/eltrabajo.cl\/portal\/wp-content\/uploads\/2016\/10\/Meta33-1.jpg?resize=200%2C132&amp;ssl=1 200w, https:\/\/i0.wp.com\/eltrabajo.cl\/portal\/wp-content\/uploads\/2016\/10\/Meta33-1.jpg?resize=300%2C198&amp;ssl=1 300w, https:\/\/i0.wp.com\/eltrabajo.cl\/portal\/wp-content\/uploads\/2016\/10\/Meta33-1.jpg?resize=227%2C150&amp;ssl=1 227w, https:\/\/i0.wp.com\/eltrabajo.cl\/portal\/wp-content\/uploads\/2016\/10\/Meta33-1.jpg?resize=400%2C264&amp;ssl=1 400w\" sizes=\"auto, (max-width: 530px) 100vw, 530px\" \/><\/a><figcaption id=\"caption-attachment-74644\" class=\"wp-caption-text\">ELLA LO ADORA.- Como siempre, la peque\u00f1a hija de Luis le esperaba en la Meta, Camilita Valle, de cuatro a\u00f1os, es su primer admiradora.<\/figcaption><\/figure>\n<figure id=\"attachment_74643\" aria-describedby=\"caption-attachment-74643\" style=\"width: 530px\" class=\"wp-caption alignleft\"><a href=\"http:\/\/www.eltrabajo.cl\/portal\/luis-correcaminos-valle-2o-lugar-en-the-north-face-endurance-challenge\/corrida28\/\" rel=\"attachment wp-att-74643\"><img data-recalc-dims=\"1\" loading=\"lazy\" decoding=\"async\" class=\"size-full wp-image-74643\" src=\"https:\/\/i0.wp.com\/www.eltrabajo.cl\/portal\/wp-content\/uploads\/2016\/10\/Corrida28.jpg?resize=530%2C350\" alt=\"IMPARABLE.- Aqu\u00ed vemos al \u2018Correcaminos\u2019 Valle en plena competencia con los mejores del pa\u00eds.\" width=\"530\" height=\"350\" srcset=\"https:\/\/i0.wp.com\/eltrabajo.cl\/portal\/wp-content\/uploads\/2016\/10\/Corrida28.jpg?w=530&amp;ssl=1 530w, https:\/\/i0.wp.com\/eltrabajo.cl\/portal\/wp-content\/uploads\/2016\/10\/Corrida28.jpg?resize=200%2C132&amp;ssl=1 200w, https:\/\/i0.wp.com\/eltrabajo.cl\/portal\/wp-content\/uploads\/2016\/10\/Corrida28.jpg?resize=300%2C198&amp;ssl=1 300w, https:\/\/i0.wp.com\/eltrabajo.cl\/portal\/wp-content\/uploads\/2016\/10\/Corrida28.jpg?resize=227%2C150&amp;ssl=1 227w, https:\/\/i0.wp.com\/eltrabajo.cl\/portal\/wp-content\/uploads\/2016\/10\/Corrida28.jpg?resize=400%2C264&amp;ssl=1 400w\" sizes=\"auto, (max-width: 530px) 100vw, 530px\" \/><\/a><figcaption id=\"caption-attachment-74643\" class=\"wp-caption-text\">IMPARABLE.- Aqu\u00ed vemos al \u2018Correcaminos\u2019 Valle en plena competencia con los mejores del pa\u00eds.<\/figcaption><\/figure>\n","protected":false},"excerpt":{"rendered":"<p>Tal como lo venimos anunciando desde hace varias semanas, en Aconcagua tenemos a uno de los mejores running del pa\u00eds, Luis Valle, quien desde hace rato nos viene dando alegr\u00edas a todos&#8230;<\/p>\n","protected":false},"author":1,"featured_media":74644,"comment_status":"open","ping_status":"open","sticky":false,"template":"","format":"standard","meta":{"advanced_seo_description":"","jetpack_seo_html_title":"","jetpack_seo_noindex":false,"_jetpack_memberships_contains_paid_content":false,"footnotes":""},"categories":[15],"tags":[],"class_list":["post-74641","post","type-post","status-publish","format-standard","has-post-thumbnail","hentry","category-comunidad"],"jetpack_featured_media_url":"https:\/\/i0.wp.com\/eltrabajo.cl\/portal\/wp-content\/uploads\/2016\/10\/Meta33-1.jpg?fit=530%2C350&ssl=1","jetpack_sharing_enabled":true,"jetpack_likes_enabled":true,"jetpack-related-posts":[],"_links":{"self":[{"href":"https:\/\/eltrabajo.cl\/portal\/wp-json\/wp\/v2\/posts\/74641","targetHints":{"allow":["GET"]}}],"collection":[{"href":"https:\/\/eltrabajo.cl\/portal\/wp-json\/wp\/v2\/posts"}],"about":[{"href":"https:\/\/eltrabajo.cl\/portal\/wp-json\/wp\/v2\/types\/post"}],"author":[{"embeddable":true,"href":"https:\/\/eltrabajo.cl\/portal\/wp-json\/wp\/v2\/users\/1"}],"replies":[{"embeddable":true,"href":"https:\/\/eltrabajo.cl\/portal\/wp-json\/wp\/v2\/comments?post=74641"}],"version-history":[{"count":0,"href":"https:\/\/eltrabajo.cl\/portal\/wp-json\/wp\/v2\/posts\/74641\/revisions"}],"wp:featuredmedia":[{"embeddable":true,"href":"https:\/\/eltrabajo.cl\/portal\/wp-json\/wp\/v2\/media\/74644"}],"wp:attachment":[{"href":"https:\/\/eltrabajo.cl\/portal\/wp-json\/wp\/v2\/media?parent=74641"}],"wp:term":[{"taxonomy":"category","embeddable":true,"href":"https:\/\/eltrabajo.cl\/portal\/wp-json\/wp\/v2\/categories?post=74641"},{"taxonomy":"post_tag","embeddable":true,"href":"https:\/\/eltrabajo.cl\/portal\/wp-json\/wp\/v2\/tags?post=74641"}],"curies":[{"name":"wp","href":"https:\/\/api.w.org\/{rel}","templated":true}]}}