{"id":74653,"date":"2016-10-20T08:47:12","date_gmt":"2016-10-20T11:47:12","guid":{"rendered":"http:\/\/www.eltrabajo.cl\/portal\/?p=74653"},"modified":"2016-10-20T08:47:12","modified_gmt":"2016-10-20T11:47:12","slug":"municipalidad-proporcionara-transporte-a-votantes-de-sectores-rurales","status":"publish","type":"post","link":"https:\/\/eltrabajo.cl\/portal\/municipalidad-proporcionara-transporte-a-votantes-de-sectores-rurales\/","title":{"rendered":"Municipalidad proporcionar\u00e1 transporte a votantes de sectores rurales"},"content":{"rendered":"<ul>\n<li><strong><span style=\"color: #ff0000;\">Recorridos se realizar\u00e1n a las 9 y 13 horas pasando por 5 rutas:<\/span>\u00a0Secretar\u00eda Regional Ministerial de Transportes de Valpara\u00edso, no entreg\u00f3 los recursos necesarios para cumplir con la ley 18.700 y facilitar el traslado de votantes hacia los distintos locales de votaci\u00f3n, por lo que, el municipio resolvi\u00f3 asumir ese \u00edtem.<\/strong><\/li>\n<\/ul>\n<p>El alcalde administrativo de San Felipe, Jorge Jara, lament\u00f3 que el estado no haya proporcionado los recursos que exige la ley 18.700 para poner a disposici\u00f3n del electorado rural de la comuna, la movilizaci\u00f3n necesaria para facilitar la concurrencia de los vecinos a cada uno de los locales de votaci\u00f3n.<\/p>\n<figure id=\"attachment_74654\" aria-describedby=\"caption-attachment-74654\" style=\"width: 300px\" class=\"wp-caption alignleft\"><a href=\"http:\/\/www.eltrabajo.cl\/portal\/municipalidad-proporcionara-transporte-a-votantes-de-sectores-rurales\/jorge-jara-catalan-2\/\" rel=\"attachment wp-att-74654\"><img data-recalc-dims=\"1\" loading=\"lazy\" decoding=\"async\" class=\"wp-image-74654 size-medium\" src=\"https:\/\/i0.wp.com\/www.eltrabajo.cl\/portal\/wp-content\/uploads\/2016\/10\/JORGE-JARA-CATALAN-300x197.jpg?resize=300%2C197\" alt=\"Jorge Jara Catal\u00e1n, alcalde subrogante de San Felipe.\" width=\"300\" height=\"197\" srcset=\"https:\/\/i0.wp.com\/eltrabajo.cl\/portal\/wp-content\/uploads\/2016\/10\/JORGE-JARA-CATALAN.jpg?resize=300%2C197&amp;ssl=1 300w, https:\/\/i0.wp.com\/eltrabajo.cl\/portal\/wp-content\/uploads\/2016\/10\/JORGE-JARA-CATALAN.jpg?resize=200%2C131&amp;ssl=1 200w, https:\/\/i0.wp.com\/eltrabajo.cl\/portal\/wp-content\/uploads\/2016\/10\/JORGE-JARA-CATALAN.jpg?resize=228%2C150&amp;ssl=1 228w, https:\/\/i0.wp.com\/eltrabajo.cl\/portal\/wp-content\/uploads\/2016\/10\/JORGE-JARA-CATALAN.jpg?resize=400%2C263&amp;ssl=1 400w, https:\/\/i0.wp.com\/eltrabajo.cl\/portal\/wp-content\/uploads\/2016\/10\/JORGE-JARA-CATALAN.jpg?w=530&amp;ssl=1 530w\" sizes=\"auto, (max-width: 300px) 100vw, 300px\" \/><\/a><figcaption id=\"caption-attachment-74654\" class=\"wp-caption-text\">Jorge Jara Catal\u00e1n, alcalde subrogante de San Felipe.<\/figcaption><\/figure>\n<p>\u00abLamentablemente la cobertura de recursos que la Serem\u00eda de Transportes, le habr\u00eda otorgado a la Gobernaci\u00f3n Provincial es insuficiente para cubrir recorridos en la comuna de San Felipe (\u2026) yo lamento que el funcionario que elabor\u00f3 la resoluci\u00f3n no haya mapeado la Regi\u00f3n, porque el hecho de que seamos capital de Provincia, no significa que no tengamos lugares apartados (\u2026)es por eso que, con el af\u00e1n de contribuir con cumplir la norma legal y con aquellos vecinos de localidades apartadas que quieran venir a votar, porque no olvidemos que el voto es voluntario, puedan venir a votar sin contratiempos, asegur\u00e1ndoles movilizaci\u00f3n\u00bb, afirm\u00f3 el edil.<br \/>\nAnte esta situaci\u00f3n y con el objetivo de que la elecci\u00f3n municipal se desarrolle con la mayor cantidad de votantes posible, el municipio sanfelipe\u00f1o, contrat\u00f3 un servicio de Transporte que contar\u00e1 con 5 recorridos: el primero de ellos destinado para el sector de El Asiento, pasando por las calles Ortiz, Vergara y 21 de Mayo; el segundo considera a los vecinos de Bellavista, Barrancas, Calle N\u00fa\u00f1ez, Orilla de R\u00edo y 21 de Mayo; el tercero es para Algarrobal, Hacienda de Quilpu\u00e9, Casas Chicas de Quilpu\u00e9 y La Troya; el cuarto para Tierras Blancas y Bucalemu, y el quinto, para los vecinos y vecinas de San Rafael y Curim\u00f3n.<br \/>\nLa movilizaci\u00f3n estar\u00e1 distribuida en 2 horarios: a las 9 de la ma\u00f1ana (con regreso a sus localidades a las 12 del d\u00eda) y un segundo recorrido se realizar\u00e1 a las 13 horas. Para efectos de que la comunidad pueda reconocer el transporte, \u00e9ste contar\u00e1 con una se\u00f1al\u00e9tica particular y adem\u00e1s, personal municipal se comunic\u00f3 con los respectivos dirigentes vecinales para puntualizar los horarios y lugares donde se dispondr\u00e1n los microbuses.<br \/>\nRespecto de que esta situaci\u00f3n pueda ser considerada como intervencionismo electoral, Jara fue enf\u00e1tico en manifestar que \u00aben ning\u00fan caso esto puede ser interpretado sino como el cumplimiento de una obligaci\u00f3n que est\u00e1 en la ley 18.700 y una contribuci\u00f3n que la municipalidad realiza a los vecinos. Esperamos que no haya ning\u00fan contratiempo, vamos a coordinar con Carabineros y personal de seguridad respectivo, para evitar que alg\u00fan candidato quiera aprovecharse de esta circunstancia y acompa\u00f1ar a los electores (\u2026) eso est\u00e1 prohibido y puede provocar la detenci\u00f3n de la persona que incurre en este tipo de conducta\u00bb, sentenci\u00f3<\/p>\n<p><strong>PARO DE MUNICIPALES<\/strong><br \/>\nEn el mismo contexto electoral, las distintas municipalidades del Valle de Aconcagua deben entregar hoy sus respectivos locales de votaci\u00f3n a personal del Ej\u00e9rcito de Chile, coincidiendo con el eventual paro de trabajadores municipales, quienes en San Felipe, se estar\u00edan plegando a la paralizaci\u00f3n de 48 horas convocada a nivel nacional por la Asemuch (Confederaci\u00f3n de Funcionarios Municipales de Chile).<br \/>\nEs por esto que, en el caso del municipio sanfelipe\u00f1o, se tomaron todos los resguardos necesarios para dejar listos cada uno de los 5 colegios que funcionar\u00e1n como centro de escrutinios, para que -en caso de concretarse el paro de Asemuch-se pueda cumplir con la ley<br \/>\nAs\u00ed lo explic\u00f3 el edil administrativo Jorge Jara, quien detall\u00f3 que \u00abnosotros estamos trabajando desde el martes en la habilitaci\u00f3n de los recintos, hay 3 de ellos que ya est\u00e1n listos y faltan solamente los dos menores (esto al medio d\u00eda de ayer)\u00bb, apunt\u00f3, agregando que \u00abel llamado a la comunidad es que est\u00e9 tranquila, porque a pesar de que para ma\u00f1ana (hoy) hay anunciado un paro, de los funcionarios del sector p\u00fablico, incluida la Asemuch, igual vamos a cumplir con el compromiso de entregar los recintos correctamente habilitados, para que el proceso electoral se desarrolle sin ning\u00fan contratiempo\u00bb, enfatiz\u00f3 Jara.<br \/>\nDe acuerdo a lo manifestado por el abogado, en caso de que el gremio concrete su movilizaci\u00f3n, el municipio se ha dispuesto de un plan B para enfrentar la contingencia, planificando un turno de emergencia con trabajadores dependientes de la Municipalidad de San Felipe, pero que no son funcionarios de planta, ni de contrata, quienes van a realizar el apoyo log\u00edstico y administrativo.<br \/>\nCabe mencionar que los lugares de votaci\u00f3n en San Felipe son: El Liceo Polit\u00e9cnico Roberto Humeres, el Liceo de Ni\u00f1as Corina Urbina y las Escuelas Jos\u00e9 de San Mart\u00edn, Manuel Rodr\u00edguez y Bernardo O\u2019Higgins. Estos establecimientos tienen suspendidas sus clases hasta el pr\u00f3ximo d\u00eda martes, con excepci\u00f3n del Corina Urbina y Roberto Humeres, los cuales, al ser locales ocupados por el Colegio Escrutador, ser\u00e1n fumigados el martes, retomando las clases el mi\u00e9rcoles 26 de octubre.<\/p>\n","protected":false},"excerpt":{"rendered":"<p>Recorridos se realizar\u00e1n a las 9 y 13 horas pasando por 5 rutas:\u00a0Secretar\u00eda Regional Ministerial de Transportes de Valpara\u00edso, no entreg\u00f3 los recursos necesarios para cumplir con la ley 18.700 y facilitar&#8230;<\/p>\n","protected":false},"author":1,"featured_media":74654,"comment_status":"open","ping_status":"open","sticky":false,"template":"","format":"standard","meta":{"advanced_seo_description":"","jetpack_seo_html_title":"","jetpack_seo_noindex":false,"_jetpack_memberships_contains_paid_content":false,"footnotes":""},"categories":[1],"tags":[],"class_list":["post-74653","post","type-post","status-publish","format-standard","has-post-thumbnail","hentry","category-cronica"],"jetpack_featured_media_url":"https:\/\/i0.wp.com\/eltrabajo.cl\/portal\/wp-content\/uploads\/2016\/10\/JORGE-JARA-CATALAN.jpg?fit=530%2C348&ssl=1","jetpack_sharing_enabled":true,"jetpack_likes_enabled":true,"jetpack-related-posts":[],"_links":{"self":[{"href":"https:\/\/eltrabajo.cl\/portal\/wp-json\/wp\/v2\/posts\/74653","targetHints":{"allow":["GET"]}}],"collection":[{"href":"https:\/\/eltrabajo.cl\/portal\/wp-json\/wp\/v2\/posts"}],"about":[{"href":"https:\/\/eltrabajo.cl\/portal\/wp-json\/wp\/v2\/types\/post"}],"author":[{"embeddable":true,"href":"https:\/\/eltrabajo.cl\/portal\/wp-json\/wp\/v2\/users\/1"}],"replies":[{"embeddable":true,"href":"https:\/\/eltrabajo.cl\/portal\/wp-json\/wp\/v2\/comments?post=74653"}],"version-history":[{"count":0,"href":"https:\/\/eltrabajo.cl\/portal\/wp-json\/wp\/v2\/posts\/74653\/revisions"}],"wp:featuredmedia":[{"embeddable":true,"href":"https:\/\/eltrabajo.cl\/portal\/wp-json\/wp\/v2\/media\/74654"}],"wp:attachment":[{"href":"https:\/\/eltrabajo.cl\/portal\/wp-json\/wp\/v2\/media?parent=74653"}],"wp:term":[{"taxonomy":"category","embeddable":true,"href":"https:\/\/eltrabajo.cl\/portal\/wp-json\/wp\/v2\/categories?post=74653"},{"taxonomy":"post_tag","embeddable":true,"href":"https:\/\/eltrabajo.cl\/portal\/wp-json\/wp\/v2\/tags?post=74653"}],"curies":[{"name":"wp","href":"https:\/\/api.w.org\/{rel}","templated":true}]}}