{"id":74666,"date":"2016-10-20T08:53:25","date_gmt":"2016-10-20T11:53:25","guid":{"rendered":"http:\/\/www.eltrabajo.cl\/portal\/?p=74666"},"modified":"2016-10-20T08:53:25","modified_gmt":"2016-10-20T11:53:25","slug":"ajedrecistas-sanfelipenos-en-torneo-irt-club-la-florida","status":"publish","type":"post","link":"https:\/\/eltrabajo.cl\/portal\/ajedrecistas-sanfelipenos-en-torneo-irt-club-la-florida\/","title":{"rendered":"Ajedrecistas sanfelipe\u00f1os en Torneo IRT Club La Florida"},"content":{"rendered":"<p>Este fin de semana, del 15 al 16 de octubre, una delegaci\u00f3n de la Escuela Jos\u00e9 de San Mart\u00edn y del Liceo Particular Mixto, concurri\u00f3 al Torneo IRT 1\u00aa categor\u00eda organizado por el Club La Florida, en Santiago. En dicha actividad participaron 22 competidores de Santiago, Concepci\u00f3n y de San Felipe.<br \/>\nEn el torneo, los cuatro alumnos de nuestra comuna participaron en seis rondas tendientes a cumplir con los requisitos para acceder al Torneo Sudamericano de la Juventud 2016, que ser\u00e1 realizado entre el 1 y 6 de diciembre de este a\u00f1o, en Santiago.<br \/>\nNuestros ajedrecistas Arturo Avenda\u00f1o Herrera, de la Escuela Jos\u00e9 de San Mart\u00edn, obtuvo la distinci\u00f3n como mejor U14 y Poulette Pinch\u00f3n Silva, del Liceo Particular Mixto de San Felipe, obtuvo la distinci\u00f3n como mejor U16 de la jornada. Sin duda es un gran logro y premio a su perseverancia, adem\u00e1s del compromiso y esfuerzo que realizan sus padres en acompa\u00f1ar a cada hijo en todas sus actividades deportivas.<\/p>\n<figure id=\"attachment_74667\" aria-describedby=\"caption-attachment-74667\" style=\"width: 530px\" class=\"wp-caption alignleft\"><a href=\"http:\/\/www.eltrabajo.cl\/portal\/ajedrecistas-sanfelipenos-en-torneo-irt-club-la-florida\/poulette\/\" rel=\"attachment wp-att-74667\"><img data-recalc-dims=\"1\" loading=\"lazy\" decoding=\"async\" class=\"size-full wp-image-74667\" src=\"https:\/\/i0.wp.com\/www.eltrabajo.cl\/portal\/wp-content\/uploads\/2016\/10\/Poulette.jpg?resize=530%2C348\" alt=\"LA MEJOR U16.- Poulette Pinch\u00f3n Silva, del Liceo Particular Mixto de San Felipe, obtuvo la distinci\u00f3n como mejor U16 de la jornada.\" width=\"530\" height=\"348\" srcset=\"https:\/\/i0.wp.com\/eltrabajo.cl\/portal\/wp-content\/uploads\/2016\/10\/Poulette.jpg?w=530&amp;ssl=1 530w, https:\/\/i0.wp.com\/eltrabajo.cl\/portal\/wp-content\/uploads\/2016\/10\/Poulette.jpg?resize=200%2C131&amp;ssl=1 200w, https:\/\/i0.wp.com\/eltrabajo.cl\/portal\/wp-content\/uploads\/2016\/10\/Poulette.jpg?resize=300%2C197&amp;ssl=1 300w, https:\/\/i0.wp.com\/eltrabajo.cl\/portal\/wp-content\/uploads\/2016\/10\/Poulette.jpg?resize=228%2C150&amp;ssl=1 228w, https:\/\/i0.wp.com\/eltrabajo.cl\/portal\/wp-content\/uploads\/2016\/10\/Poulette.jpg?resize=400%2C263&amp;ssl=1 400w\" sizes=\"auto, (max-width: 530px) 100vw, 530px\" \/><\/a><figcaption id=\"caption-attachment-74667\" class=\"wp-caption-text\">LA MEJOR U16.- Poulette Pinch\u00f3n Silva, del Liceo Particular Mixto de San Felipe, obtuvo la distinci\u00f3n como mejor U16 de la jornada.<\/figcaption><\/figure>\n","protected":false},"excerpt":{"rendered":"<p>Este fin de semana, del 15 al 16 de octubre, una delegaci\u00f3n de la Escuela Jos\u00e9 de San Mart\u00edn y del Liceo Particular Mixto, concurri\u00f3 al Torneo IRT 1\u00aa categor\u00eda organizado por&#8230;<\/p>\n","protected":false},"author":1,"featured_media":74667,"comment_status":"open","ping_status":"open","sticky":false,"template":"","format":"standard","meta":{"advanced_seo_description":"","jetpack_seo_html_title":"","jetpack_seo_noindex":false,"_jetpack_memberships_contains_paid_content":false,"footnotes":""},"categories":[1],"tags":[],"class_list":["post-74666","post","type-post","status-publish","format-standard","has-post-thumbnail","hentry","category-cronica"],"jetpack_featured_media_url":"https:\/\/i0.wp.com\/eltrabajo.cl\/portal\/wp-content\/uploads\/2016\/10\/Poulette.jpg?fit=530%2C348&ssl=1","jetpack_sharing_enabled":true,"jetpack_likes_enabled":true,"jetpack-related-posts":[],"_links":{"self":[{"href":"https:\/\/eltrabajo.cl\/portal\/wp-json\/wp\/v2\/posts\/74666","targetHints":{"allow":["GET"]}}],"collection":[{"href":"https:\/\/eltrabajo.cl\/portal\/wp-json\/wp\/v2\/posts"}],"about":[{"href":"https:\/\/eltrabajo.cl\/portal\/wp-json\/wp\/v2\/types\/post"}],"author":[{"embeddable":true,"href":"https:\/\/eltrabajo.cl\/portal\/wp-json\/wp\/v2\/users\/1"}],"replies":[{"embeddable":true,"href":"https:\/\/eltrabajo.cl\/portal\/wp-json\/wp\/v2\/comments?post=74666"}],"version-history":[{"count":0,"href":"https:\/\/eltrabajo.cl\/portal\/wp-json\/wp\/v2\/posts\/74666\/revisions"}],"wp:featuredmedia":[{"embeddable":true,"href":"https:\/\/eltrabajo.cl\/portal\/wp-json\/wp\/v2\/media\/74667"}],"wp:attachment":[{"href":"https:\/\/eltrabajo.cl\/portal\/wp-json\/wp\/v2\/media?parent=74666"}],"wp:term":[{"taxonomy":"category","embeddable":true,"href":"https:\/\/eltrabajo.cl\/portal\/wp-json\/wp\/v2\/categories?post=74666"},{"taxonomy":"post_tag","embeddable":true,"href":"https:\/\/eltrabajo.cl\/portal\/wp-json\/wp\/v2\/tags?post=74666"}],"curies":[{"name":"wp","href":"https:\/\/api.w.org\/{rel}","templated":true}]}}