{"id":74670,"date":"2016-10-20T08:55:24","date_gmt":"2016-10-20T11:55:24","guid":{"rendered":"http:\/\/www.eltrabajo.cl\/portal\/?p=74670"},"modified":"2016-10-20T08:55:25","modified_gmt":"2016-10-20T11:55:25","slug":"denuncian-incumplimiento-grave-del-reglamento-de-seguridad-minera-de-parte-de-andina","status":"publish","type":"post","link":"https:\/\/eltrabajo.cl\/portal\/denuncian-incumplimiento-grave-del-reglamento-de-seguridad-minera-de-parte-de-andina\/","title":{"rendered":"Denuncian incumplimiento grave del reglamento de seguridad minera de parte de Andina"},"content":{"rendered":"<ul>\n<li><strong><span style=\"color: #ff0000;\">Sindicato de Supervisores de la Divisi\u00f3n:<\/span>\u00a0La organizaci\u00f3n sindical, considera que el nombramiento del Gerente de Plantas, no cumple con los est\u00e1ndares establecidos, raz\u00f3n por lo cual se hizo la denuncia al sernageomin regional, quien a\u00fan no se pronuncia con respecto al tema.<\/strong><\/li>\n<\/ul>\n<p><strong>LOS ANDES.-<\/strong> Una grave situaci\u00f3n est\u00e1 denunciando el Sindicato de Supervisores de la Divisi\u00f3n Andina Sisan, debido al incumplimiento grave del reglamento de seguridad minera que se est\u00e1 dando hace alg\u00fan tiempo en esta divisi\u00f3n por parte de Codelco, al nombrar al Gerente de Plantas, de quien se considera no cumple con los est\u00e1ndares establecidos en dicho reglamento.<br \/>\nLa situaci\u00f3n, se viene generando desde comienzos del mes de agosto de este a\u00f1o, cuando se denunci\u00f3 ante el director sernageomin -Quinta Regi\u00f3n- el incumplimiento del DS 132 de Seguridad Minera por parte de la alta administraci\u00f3n de Codelco Chile ante el nombramiento de Gerente Plantas, quien no cumple con la especialidad ni la formaci\u00f3n definida para el cargo que exige el Reglamento Seguridad Minera, seg\u00fan el art\u00edculo 34 del Decreto Supremo mencionado \u201cEl jefe Mina o de Procesos de minerales deber\u00e1 ser Ingeniero Civil o de ejecuci\u00f3n en la Especialidad de Minas o Metalurgia, con experiencia acorde con las faenas\u201d.<br \/>\nPara la organizaci\u00f3n sindical, esto es considerado un incumplimiento grave de parte de las mismas exigencias que hace Codelco a sus trabajadores y que va en desmedro de las correctas operaciones de la Divisi\u00f3n Andina.<br \/>\nEl Directorio del Sisan sostiene que \u201cestamos convencidos que en el desempe\u00f1o de nuestro rol, \u00e9ticamente no podemos omitir este grave hecho, porque la Seguridad y el apego a las normativas en nuestra Divisi\u00f3n es un compromiso y un valor intransable, declarados por todos los trabajadores, supervisores y ejecutivos\u201d.<br \/>\nDesde la organizaci\u00f3n se espera una pronta respuesta a la denuncia hecha al sernageomin para que se tomen cartas en el asunto y no se vulneren aspectos tan relevantes como el Reglamento de Seguridad Minera y no se tenga que esperar alguna consecuencia mayor para que la empresa reaccione ante esta situaci\u00f3n.<\/p>\n<figure id=\"attachment_74671\" aria-describedby=\"caption-attachment-74671\" style=\"width: 530px\" class=\"wp-caption alignleft\"><a href=\"http:\/\/www.eltrabajo.cl\/portal\/denuncian-incumplimiento-grave-del-reglamento-de-seguridad-minera-de-parte-de-andina\/sony-dsc-39\/\" rel=\"attachment wp-att-74671\"><img data-recalc-dims=\"1\" loading=\"lazy\" decoding=\"async\" class=\"size-full wp-image-74671\" src=\"https:\/\/i0.wp.com\/www.eltrabajo.cl\/portal\/wp-content\/uploads\/2016\/10\/MINERA.jpg?resize=530%2C349\" alt=\"La organizaci\u00f3n sindical, manifiesta que existe un incumplimiento grave en el art\u00edculo 34 del Decreto Supremo de Seguridad Minera,  de parte de las mismas exigencias que hace Codelco a sus trabajadores y que va en desmedro de las correctas operaciones de la Divisi\u00f3n Andina.\" width=\"530\" height=\"349\" srcset=\"https:\/\/i0.wp.com\/eltrabajo.cl\/portal\/wp-content\/uploads\/2016\/10\/MINERA.jpg?w=530&amp;ssl=1 530w, https:\/\/i0.wp.com\/eltrabajo.cl\/portal\/wp-content\/uploads\/2016\/10\/MINERA.jpg?resize=200%2C132&amp;ssl=1 200w, https:\/\/i0.wp.com\/eltrabajo.cl\/portal\/wp-content\/uploads\/2016\/10\/MINERA.jpg?resize=300%2C198&amp;ssl=1 300w, https:\/\/i0.wp.com\/eltrabajo.cl\/portal\/wp-content\/uploads\/2016\/10\/MINERA.jpg?resize=228%2C150&amp;ssl=1 228w, https:\/\/i0.wp.com\/eltrabajo.cl\/portal\/wp-content\/uploads\/2016\/10\/MINERA.jpg?resize=400%2C263&amp;ssl=1 400w\" sizes=\"auto, (max-width: 530px) 100vw, 530px\" \/><\/a><figcaption id=\"caption-attachment-74671\" class=\"wp-caption-text\">La organizaci\u00f3n sindical, manifiesta que existe un incumplimiento grave en el art\u00edculo 34 del Decreto Supremo de Seguridad Minera, de parte de las mismas exigencias que hace Codelco a sus trabajadores y que va en desmedro de las correctas operaciones de la Divisi\u00f3n Andina.<\/figcaption><\/figure>\n","protected":false},"excerpt":{"rendered":"<p>Sindicato de Supervisores de la Divisi\u00f3n:\u00a0La organizaci\u00f3n sindical, considera que el nombramiento del Gerente de Plantas, no cumple con los est\u00e1ndares establecidos, raz\u00f3n por lo cual se hizo la denuncia al sernageomin&#8230;<\/p>\n","protected":false},"author":1,"featured_media":74671,"comment_status":"open","ping_status":"open","sticky":false,"template":"","format":"standard","meta":{"advanced_seo_description":"","jetpack_seo_html_title":"","jetpack_seo_noindex":false,"_jetpack_memberships_contains_paid_content":false,"footnotes":""},"categories":[1],"tags":[],"class_list":["post-74670","post","type-post","status-publish","format-standard","has-post-thumbnail","hentry","category-cronica"],"jetpack_featured_media_url":"https:\/\/i0.wp.com\/eltrabajo.cl\/portal\/wp-content\/uploads\/2016\/10\/MINERA.jpg?fit=530%2C349&ssl=1","jetpack_sharing_enabled":true,"jetpack_likes_enabled":true,"jetpack-related-posts":[],"_links":{"self":[{"href":"https:\/\/eltrabajo.cl\/portal\/wp-json\/wp\/v2\/posts\/74670","targetHints":{"allow":["GET"]}}],"collection":[{"href":"https:\/\/eltrabajo.cl\/portal\/wp-json\/wp\/v2\/posts"}],"about":[{"href":"https:\/\/eltrabajo.cl\/portal\/wp-json\/wp\/v2\/types\/post"}],"author":[{"embeddable":true,"href":"https:\/\/eltrabajo.cl\/portal\/wp-json\/wp\/v2\/users\/1"}],"replies":[{"embeddable":true,"href":"https:\/\/eltrabajo.cl\/portal\/wp-json\/wp\/v2\/comments?post=74670"}],"version-history":[{"count":0,"href":"https:\/\/eltrabajo.cl\/portal\/wp-json\/wp\/v2\/posts\/74670\/revisions"}],"wp:featuredmedia":[{"embeddable":true,"href":"https:\/\/eltrabajo.cl\/portal\/wp-json\/wp\/v2\/media\/74671"}],"wp:attachment":[{"href":"https:\/\/eltrabajo.cl\/portal\/wp-json\/wp\/v2\/media?parent=74670"}],"wp:term":[{"taxonomy":"category","embeddable":true,"href":"https:\/\/eltrabajo.cl\/portal\/wp-json\/wp\/v2\/categories?post=74670"},{"taxonomy":"post_tag","embeddable":true,"href":"https:\/\/eltrabajo.cl\/portal\/wp-json\/wp\/v2\/tags?post=74670"}],"curies":[{"name":"wp","href":"https:\/\/api.w.org\/{rel}","templated":true}]}}