{"id":74682,"date":"2016-10-20T09:01:11","date_gmt":"2016-10-20T12:01:11","guid":{"rendered":"http:\/\/www.eltrabajo.cl\/portal\/?p=74682"},"modified":"2016-10-20T09:01:11","modified_gmt":"2016-10-20T12:01:11","slug":"manana-viernes-regresa-la-reina-del-rock-al-teatro-municipal","status":"publish","type":"post","link":"https:\/\/eltrabajo.cl\/portal\/manana-viernes-regresa-la-reina-del-rock-al-teatro-municipal\/","title":{"rendered":"Ma\u00f1ana viernes regresa \u2018La Reina del Rock\u2019 al teatro municipal"},"content":{"rendered":"<ul>\n<li><strong>Mar\u00eda Ximena Ugarte a las 19:30 horas con su mejor repertorio:<\/strong><\/li>\n<\/ul>\n<p>Corr\u00edan los a\u00f1os sesenta y una juvenil estrella musical aconcag\u00fcinas era bautizada por el periodista Miguel Ricardo Juri en las p\u00e1ginas de Diario El Trabajo. Hablamos de \u2018La Reina del Rock\u2019, una preciosa chiquilla sanfelipe\u00f1a que pon\u00eda sus primeros pasos en aquella \u00e9poca de La Nueva Ola chilena.<\/p>\n<p><strong>ELLA REGRES\u00d3<\/strong><br \/>\nHablamos de la artista local Mar\u00eda Ximena Ugarte Cifuentes, quien ma\u00f1ana viernes a las 19:30 horas en el teatro municipal, estar\u00e1 ofreciendo la gala La Noche del Recuerdo, jornada musical en la que ella ofrecer\u00e1 a los presentes un amplio repertorio de todos los tiempos.<br \/>\n<strong>&#8211; \u00bfD\u00f3nde estabas, qu\u00e9 te hiciste todos estos a\u00f1os?<\/strong><br \/>\n&#8211; \u201cDej\u00e9 de cantar p\u00fablicamente en 1965, luego que viviera yo varios a\u00f1os de popularidad y \u00e9xitos en el valle. Cantaba yo en muchos eventos, me ten\u00eda que adaptar a las bandas locales que exist\u00edan esos a\u00f1os, como es el caso de Los Rochels Agricolan y Los Reales\u201d.<br \/>\n<strong>&#8211; \u00bfA qu\u00e9 te dedicaste todos estos a\u00f1os?<\/strong><br \/>\n&#8211; \u201cMe fui a estudiar a Vi\u00f1a, me titul\u00e9 como profesora normalista, impart\u00ed educaci\u00f3n b\u00e1sica por 41 a\u00f1os, tengo cinco hijos\u201d.<br \/>\n<strong>&#8211; \u00bfC\u00f3mo es eso que eres \u2018la Reina del Rock\u2019?<\/strong><br \/>\n&#8211; \u201cAs\u00ed nom\u00e1s po (sic), don Ricardo Juri public\u00f3 as\u00ed de reportaje, en donde me bautiz\u00f3 con ese t\u00edtulo y as\u00ed me llamaba la gente y me anunciaban en la radio\u201d.<br \/>\n<strong>Roberto Gonz\u00e1lez Short<\/strong><\/p>\n<figure id=\"attachment_74683\" aria-describedby=\"caption-attachment-74683\" style=\"width: 530px\" class=\"wp-caption alignleft\"><a href=\"http:\/\/www.eltrabajo.cl\/portal\/manana-viernes-regresa-la-reina-del-rock-al-teatro-municipal\/agricolan-rockles\/\" rel=\"attachment wp-att-74683\"><img data-recalc-dims=\"1\" loading=\"lazy\" decoding=\"async\" class=\"size-full wp-image-74683\" src=\"https:\/\/i0.wp.com\/www.eltrabajo.cl\/portal\/wp-content\/uploads\/2016\/10\/Agricolan-Rockles.jpg?resize=530%2C348\" alt=\"Aqu\u00ed tenemos a esta desequilibrante chiquilla con Los Agricolan Rockles, banda de los a\u00f1os sesentas.\" width=\"530\" height=\"348\" srcset=\"https:\/\/i0.wp.com\/eltrabajo.cl\/portal\/wp-content\/uploads\/2016\/10\/Agricolan-Rockles.jpg?w=530&amp;ssl=1 530w, https:\/\/i0.wp.com\/eltrabajo.cl\/portal\/wp-content\/uploads\/2016\/10\/Agricolan-Rockles.jpg?resize=200%2C131&amp;ssl=1 200w, https:\/\/i0.wp.com\/eltrabajo.cl\/portal\/wp-content\/uploads\/2016\/10\/Agricolan-Rockles.jpg?resize=300%2C197&amp;ssl=1 300w, https:\/\/i0.wp.com\/eltrabajo.cl\/portal\/wp-content\/uploads\/2016\/10\/Agricolan-Rockles.jpg?resize=228%2C150&amp;ssl=1 228w, https:\/\/i0.wp.com\/eltrabajo.cl\/portal\/wp-content\/uploads\/2016\/10\/Agricolan-Rockles.jpg?resize=400%2C263&amp;ssl=1 400w\" sizes=\"auto, (max-width: 530px) 100vw, 530px\" \/><\/a><figcaption id=\"caption-attachment-74683\" class=\"wp-caption-text\">Aqu\u00ed tenemos a esta desequilibrante chiquilla con Los Agricolan Rockles, banda de los a\u00f1os sesentas.<\/figcaption><\/figure>\n<figure id=\"attachment_74684\" aria-describedby=\"caption-attachment-74684\" style=\"width: 530px\" class=\"wp-caption alignleft\"><a href=\"http:\/\/www.eltrabajo.cl\/portal\/manana-viernes-regresa-la-reina-del-rock-al-teatro-municipal\/amigonchos33\/\" rel=\"attachment wp-att-74684\"><img data-recalc-dims=\"1\" loading=\"lazy\" decoding=\"async\" class=\"size-full wp-image-74684\" src=\"https:\/\/i0.wp.com\/www.eltrabajo.cl\/portal\/wp-content\/uploads\/2016\/10\/Amigonchos33.jpg?resize=530%2C348\" alt=\"EL TIEMPO LOS UNI\u00d3.- El actual gerente general de Diario El Trabajo (entonces reportero), Miguel Ricardo Juri, se reencontr\u00f3 ayer con la artista Ximena Ugarte en nuestra Sala de Redacci\u00f3n.\" width=\"530\" height=\"348\" srcset=\"https:\/\/i0.wp.com\/eltrabajo.cl\/portal\/wp-content\/uploads\/2016\/10\/Amigonchos33.jpg?w=530&amp;ssl=1 530w, https:\/\/i0.wp.com\/eltrabajo.cl\/portal\/wp-content\/uploads\/2016\/10\/Amigonchos33.jpg?resize=200%2C131&amp;ssl=1 200w, https:\/\/i0.wp.com\/eltrabajo.cl\/portal\/wp-content\/uploads\/2016\/10\/Amigonchos33.jpg?resize=300%2C197&amp;ssl=1 300w, https:\/\/i0.wp.com\/eltrabajo.cl\/portal\/wp-content\/uploads\/2016\/10\/Amigonchos33.jpg?resize=228%2C150&amp;ssl=1 228w, https:\/\/i0.wp.com\/eltrabajo.cl\/portal\/wp-content\/uploads\/2016\/10\/Amigonchos33.jpg?resize=400%2C263&amp;ssl=1 400w\" sizes=\"auto, (max-width: 530px) 100vw, 530px\" \/><\/a><figcaption id=\"caption-attachment-74684\" class=\"wp-caption-text\">EL TIEMPO LOS UNI\u00d3.- El actual gerente general de Diario El Trabajo (entonces reportero), Miguel Ricardo Juri, se reencontr\u00f3 ayer con la artista Ximena Ugarte en nuestra Sala de Redacci\u00f3n.<\/figcaption><\/figure>\n<figure id=\"attachment_74685\" aria-describedby=\"caption-attachment-74685\" style=\"width: 530px\" class=\"wp-caption alignleft\"><a href=\"http:\/\/www.eltrabajo.cl\/portal\/manana-viernes-regresa-la-reina-del-rock-al-teatro-municipal\/ximenita33\/\" rel=\"attachment wp-att-74685\"><img data-recalc-dims=\"1\" loading=\"lazy\" decoding=\"async\" class=\"size-full wp-image-74685\" src=\"https:\/\/i0.wp.com\/www.eltrabajo.cl\/portal\/wp-content\/uploads\/2016\/10\/Ximenita33.jpg?resize=530%2C347\" alt=\"AQUELLOS A\u00d1OS.- As\u00ed luc\u00eda La Reina del Rock en sus mejores a\u00f1os, bella, joven, con talento y mucha popularidad. Este viernes nos ofrecer\u00e1 Tango, Folklore y Rock.\" width=\"530\" height=\"347\" srcset=\"https:\/\/i0.wp.com\/eltrabajo.cl\/portal\/wp-content\/uploads\/2016\/10\/Ximenita33.jpg?w=530&amp;ssl=1 530w, https:\/\/i0.wp.com\/eltrabajo.cl\/portal\/wp-content\/uploads\/2016\/10\/Ximenita33.jpg?resize=200%2C131&amp;ssl=1 200w, https:\/\/i0.wp.com\/eltrabajo.cl\/portal\/wp-content\/uploads\/2016\/10\/Ximenita33.jpg?resize=300%2C196&amp;ssl=1 300w, https:\/\/i0.wp.com\/eltrabajo.cl\/portal\/wp-content\/uploads\/2016\/10\/Ximenita33.jpg?resize=229%2C150&amp;ssl=1 229w, https:\/\/i0.wp.com\/eltrabajo.cl\/portal\/wp-content\/uploads\/2016\/10\/Ximenita33.jpg?resize=400%2C262&amp;ssl=1 400w\" sizes=\"auto, (max-width: 530px) 100vw, 530px\" \/><\/a><figcaption id=\"caption-attachment-74685\" class=\"wp-caption-text\">AQUELLOS A\u00d1OS.- As\u00ed luc\u00eda La Reina del Rock en sus mejores a\u00f1os, bella, joven, con talento y mucha popularidad. Este viernes nos ofrecer\u00e1 Tango, Folklore y Rock.<\/figcaption><\/figure>\n","protected":false},"excerpt":{"rendered":"<p>Mar\u00eda Ximena Ugarte a las 19:30 horas con su mejor repertorio: Corr\u00edan los a\u00f1os sesenta y una juvenil estrella musical aconcag\u00fcinas era bautizada por el periodista Miguel Ricardo Juri en las p\u00e1ginas&#8230;<\/p>\n","protected":false},"author":1,"featured_media":74683,"comment_status":"open","ping_status":"open","sticky":false,"template":"","format":"standard","meta":{"advanced_seo_description":"","jetpack_seo_html_title":"","jetpack_seo_noindex":false,"_jetpack_memberships_contains_paid_content":false,"footnotes":""},"categories":[15],"tags":[],"class_list":["post-74682","post","type-post","status-publish","format-standard","has-post-thumbnail","hentry","category-comunidad"],"jetpack_featured_media_url":"https:\/\/i0.wp.com\/eltrabajo.cl\/portal\/wp-content\/uploads\/2016\/10\/Agricolan-Rockles.jpg?fit=530%2C348&ssl=1","jetpack_sharing_enabled":true,"jetpack_likes_enabled":true,"jetpack-related-posts":[],"_links":{"self":[{"href":"https:\/\/eltrabajo.cl\/portal\/wp-json\/wp\/v2\/posts\/74682","targetHints":{"allow":["GET"]}}],"collection":[{"href":"https:\/\/eltrabajo.cl\/portal\/wp-json\/wp\/v2\/posts"}],"about":[{"href":"https:\/\/eltrabajo.cl\/portal\/wp-json\/wp\/v2\/types\/post"}],"author":[{"embeddable":true,"href":"https:\/\/eltrabajo.cl\/portal\/wp-json\/wp\/v2\/users\/1"}],"replies":[{"embeddable":true,"href":"https:\/\/eltrabajo.cl\/portal\/wp-json\/wp\/v2\/comments?post=74682"}],"version-history":[{"count":0,"href":"https:\/\/eltrabajo.cl\/portal\/wp-json\/wp\/v2\/posts\/74682\/revisions"}],"wp:featuredmedia":[{"embeddable":true,"href":"https:\/\/eltrabajo.cl\/portal\/wp-json\/wp\/v2\/media\/74683"}],"wp:attachment":[{"href":"https:\/\/eltrabajo.cl\/portal\/wp-json\/wp\/v2\/media?parent=74682"}],"wp:term":[{"taxonomy":"category","embeddable":true,"href":"https:\/\/eltrabajo.cl\/portal\/wp-json\/wp\/v2\/categories?post=74682"},{"taxonomy":"post_tag","embeddable":true,"href":"https:\/\/eltrabajo.cl\/portal\/wp-json\/wp\/v2\/tags?post=74682"}],"curies":[{"name":"wp","href":"https:\/\/api.w.org\/{rel}","templated":true}]}}