{"id":74692,"date":"2016-10-21T08:31:12","date_gmt":"2016-10-21T11:31:12","guid":{"rendered":"http:\/\/www.eltrabajo.cl\/portal\/?p=74692"},"modified":"2016-10-21T08:31:12","modified_gmt":"2016-10-21T11:31:12","slug":"estudiantes-deben-inscribirse-en-registro-social-de-hogares-para-optar-a-becas","status":"publish","type":"post","link":"https:\/\/eltrabajo.cl\/portal\/estudiantes-deben-inscribirse-en-registro-social-de-hogares-para-optar-a-becas\/","title":{"rendered":"Estudiantes deben inscribirse en Registro Social de Hogares para optar a becas"},"content":{"rendered":"<ul>\n<li><strong><span style=\"color: #ff0000;\">Hasta el 31 de octubre:<\/span>\u00a0Modernizaci\u00f3n del sistema, le permitir\u00e1 a Junaeb ahorrarse un 87% de la documentaci\u00f3n solicitada a los j\u00f3venes al momento de optar a cada uno de los beneficios disponibles<\/strong><\/li>\n<\/ul>\n<figure id=\"attachment_74693\" aria-describedby=\"caption-attachment-74693\" style=\"width: 300px\" class=\"wp-caption alignleft\"><a href=\"http:\/\/www.eltrabajo.cl\/portal\/estudiantes-deben-inscribirse-en-registro-social-de-hogares-para-optar-a-becas\/marcelo-gongora\/\" rel=\"attachment wp-att-74693\"><img data-recalc-dims=\"1\" loading=\"lazy\" decoding=\"async\" class=\"size-medium wp-image-74693\" src=\"https:\/\/i0.wp.com\/www.eltrabajo.cl\/portal\/wp-content\/uploads\/2016\/10\/MARCELO-GONGORA-300x197.jpg?resize=300%2C197\" alt=\"Marcelo G\u00f3ngora director regional, Junaeb Valpara\u00edso.\" width=\"300\" height=\"197\" srcset=\"https:\/\/i0.wp.com\/eltrabajo.cl\/portal\/wp-content\/uploads\/2016\/10\/MARCELO-GONGORA.jpg?resize=300%2C197&amp;ssl=1 300w, https:\/\/i0.wp.com\/eltrabajo.cl\/portal\/wp-content\/uploads\/2016\/10\/MARCELO-GONGORA.jpg?resize=200%2C131&amp;ssl=1 200w, https:\/\/i0.wp.com\/eltrabajo.cl\/portal\/wp-content\/uploads\/2016\/10\/MARCELO-GONGORA.jpg?resize=228%2C150&amp;ssl=1 228w, https:\/\/i0.wp.com\/eltrabajo.cl\/portal\/wp-content\/uploads\/2016\/10\/MARCELO-GONGORA.jpg?resize=400%2C263&amp;ssl=1 400w, https:\/\/i0.wp.com\/eltrabajo.cl\/portal\/wp-content\/uploads\/2016\/10\/MARCELO-GONGORA.jpg?w=530&amp;ssl=1 530w\" sizes=\"auto, (max-width: 300px) 100vw, 300px\" \/><\/a><figcaption id=\"caption-attachment-74693\" class=\"wp-caption-text\">Marcelo G\u00f3ngora director regional, Junaeb Valpara\u00edso.<\/figcaption><\/figure>\n<p>En el marco de la celebraci\u00f3n del mes aniversario 52 de la Junta Nacional de Auxilio Escolar y Becas, Junaeb, el director Regional del organismo, Marcelo G\u00f3ngora, realiz\u00f3 un llamado a los estudiantes de la Provincia de San Felipe que postular\u00e1n a Becas de Educaci\u00f3n Superior, o que har\u00e1n repostulaci\u00f3n de \u00e9stas, a inscribirse en el Registro Social de Hogares, RSH, informe del grupo familiar que ser\u00e1 requisito sine qua non (condici\u00f3n sin la cual) para poder optar a cualquiera de estos beneficios.<br \/>\nDe acuerdo a lo informado por el personero, \u201cJunaeb ha comenzado un proceso de modernizaci\u00f3n que va a permitir que la entrega de las becas para el a\u00f1o 2017, se otorguen utilizando como informaci\u00f3n de base lo que aporta el RSH, por lo tanto, a aquellos estudiantes que quieran postular a becas tan importantes como la Presidente de la Rep\u00fablica, Ind\u00edgena, o de Apoyo a la Retenci\u00f3n Escolar, necesariamente deben estar inscritos en el RSH y aquellos alumnos que tienen estas becas, tambi\u00e9n deben estar inscritos para poder renovarlas\u201d, asever\u00f3 G\u00f3ngora.<br \/>\nSeg\u00fan aport\u00f3 el director de Junaeb Valpara\u00edso, a trav\u00e9s de esta modalidad, se podr\u00e1n ahorrar cerca de un 87% de los documentos que hasta el a\u00f1o pasado se necesitaban para optar a este tipo de beneficios, anunciando que \u201cpara nosotros, pedir entre 10 o 14 antecedentes, hoy nos va a permitir reducirlo a 2 o 3\u201d, detall\u00f3.<br \/>\nG\u00f3ngora, se refiri\u00f3 adem\u00e1s a la posibilidad de que el gremio de transporte, se haga cargo de la administraci\u00f3n de la Tarjeta Nacional Estudiantil y descart\u00f3 de plano aquella opci\u00f3n, argumentando que \u201cla posici\u00f3n nuestra es que el estado debe cautelar y garantizar el derecho a la tarifa rebajada de los estudiantes, lo que nosotros hemos hecho, es concentrarnos en aquellos aspectos que debemos mejorar, para poder optimizar la entrega de este producto, ya sea en t\u00e9rminos de calidad, como de oportunidad\u201d, enfatiz\u00f3 el profesional, anunciando a la vez, la creaci\u00f3n de una oficina virtual que le permitir\u00e1 a los estudiantes conocer en qu\u00e9 proceso se encuentra su TNE.<\/p>\n","protected":false},"excerpt":{"rendered":"<p>Hasta el 31 de octubre:\u00a0Modernizaci\u00f3n del sistema, le permitir\u00e1 a Junaeb ahorrarse un 87% de la documentaci\u00f3n solicitada a los j\u00f3venes al momento de optar a cada uno de los beneficios disponibles&#8230;<\/p>\n","protected":false},"author":1,"featured_media":74693,"comment_status":"open","ping_status":"open","sticky":false,"template":"","format":"standard","meta":{"advanced_seo_description":"","jetpack_seo_html_title":"","jetpack_seo_noindex":false,"_jetpack_memberships_contains_paid_content":false,"footnotes":""},"categories":[1],"tags":[],"class_list":["post-74692","post","type-post","status-publish","format-standard","has-post-thumbnail","hentry","category-cronica"],"jetpack_featured_media_url":"https:\/\/i0.wp.com\/eltrabajo.cl\/portal\/wp-content\/uploads\/2016\/10\/MARCELO-GONGORA.jpg?fit=530%2C348&ssl=1","jetpack_sharing_enabled":true,"jetpack_likes_enabled":true,"jetpack-related-posts":[],"_links":{"self":[{"href":"https:\/\/eltrabajo.cl\/portal\/wp-json\/wp\/v2\/posts\/74692","targetHints":{"allow":["GET"]}}],"collection":[{"href":"https:\/\/eltrabajo.cl\/portal\/wp-json\/wp\/v2\/posts"}],"about":[{"href":"https:\/\/eltrabajo.cl\/portal\/wp-json\/wp\/v2\/types\/post"}],"author":[{"embeddable":true,"href":"https:\/\/eltrabajo.cl\/portal\/wp-json\/wp\/v2\/users\/1"}],"replies":[{"embeddable":true,"href":"https:\/\/eltrabajo.cl\/portal\/wp-json\/wp\/v2\/comments?post=74692"}],"version-history":[{"count":0,"href":"https:\/\/eltrabajo.cl\/portal\/wp-json\/wp\/v2\/posts\/74692\/revisions"}],"wp:featuredmedia":[{"embeddable":true,"href":"https:\/\/eltrabajo.cl\/portal\/wp-json\/wp\/v2\/media\/74693"}],"wp:attachment":[{"href":"https:\/\/eltrabajo.cl\/portal\/wp-json\/wp\/v2\/media?parent=74692"}],"wp:term":[{"taxonomy":"category","embeddable":true,"href":"https:\/\/eltrabajo.cl\/portal\/wp-json\/wp\/v2\/categories?post=74692"},{"taxonomy":"post_tag","embeddable":true,"href":"https:\/\/eltrabajo.cl\/portal\/wp-json\/wp\/v2\/tags?post=74692"}],"curies":[{"name":"wp","href":"https:\/\/api.w.org\/{rel}","templated":true}]}}