{"id":74696,"date":"2016-10-21T08:38:40","date_gmt":"2016-10-21T11:38:40","guid":{"rendered":"http:\/\/www.eltrabajo.cl\/portal\/?p=74696"},"modified":"2016-10-21T08:38:40","modified_gmt":"2016-10-21T11:38:40","slug":"feria-cientifica-2016-en-liceo-parroquial-teresita-de-los-andes","status":"publish","type":"post","link":"https:\/\/eltrabajo.cl\/portal\/feria-cientifica-2016-en-liceo-parroquial-teresita-de-los-andes\/","title":{"rendered":"Feria Cient\u00edfica 2016 en Liceo Parroquial Teresita de Los Andes"},"content":{"rendered":"<p><strong>RINCONADA.-<\/strong> Gran efervescencia se vivi\u00f3 este jueves en el Liceo Parroquial Teresita de Los Andes, durante la Feria Cient\u00edfica 2016. Esta actividad, fue organizada por el profesor de Biolog\u00eda Arturo Gonz\u00e1lez, quien con su equipo docente conformado por sus colegas Ricardo Covarrubias, Vanessa Cisternas y Mar\u00eda Jos\u00e9 G\u00f3mez, quienes desarrollaron un encuentro cient\u00edfico escolar de gran envergadura.<br \/>\n\u00abEste a\u00f1o, es la primera vez que invitamos a otro colegio a participar con nuestros alumnos, estamos hablando de los chicos del Colegio Prefecto de la Fuente, tambi\u00e9n invitamos a los ni\u00f1os del Taller de Rob\u00f3tica de Calle Larga; los chicos de Ciencia Altiro; Rob\u00f3tica de la U. Valpara\u00edso (Falab), estoy fascinado con los resultados de esta feria, tambi\u00e9n agradezco a Diario El Trabajo, por la cobertura brindada este a\u00f1o\u00bb, dijo a nuestro medio Arturo Gonz\u00e1lez.<br \/>\nEsta es la tercera ocasi\u00f3n que realizan esta actividad, la feria busca permitir el intercambio y divulgaci\u00f3n de conocimientos cient\u00edficos entre las comunidades educativas que se involucran cada a\u00f1o.<br \/>\n\u00abTambi\u00e9n buscamos dinamizar la ense\u00f1anza de las ciencias, incorporando metodolog\u00edas activo participativas e investigativas en el aula\u00bb, dijo finalmente el profesor Gonz\u00e1lez.<br \/>\n<strong>Roberto Gonz\u00e1lez Short<\/strong><\/p>\n<figure id=\"attachment_74701\" aria-describedby=\"caption-attachment-74701\" style=\"width: 530px\" class=\"wp-caption alignleft\"><a href=\"http:\/\/www.eltrabajo.cl\/portal\/feria-cientifica-2016-en-liceo-parroquial-teresita-de-los-andes\/tornillo33\/\" rel=\"attachment wp-att-74701\"><img data-recalc-dims=\"1\" loading=\"lazy\" decoding=\"async\" class=\"size-full wp-image-74701\" src=\"https:\/\/i0.wp.com\/www.eltrabajo.cl\/portal\/wp-content\/uploads\/2016\/10\/Tornillo33.jpg?resize=530%2C349\" alt=\"GRAN EXPERIMENTO.- Estos ni\u00f1os crearon un Tornillo de Arqu\u00edmedes, dispositivo que se usa para subir a gran altura agua, harina y otros granos.\" width=\"530\" height=\"349\" srcset=\"https:\/\/i0.wp.com\/eltrabajo.cl\/portal\/wp-content\/uploads\/2016\/10\/Tornillo33.jpg?w=530&amp;ssl=1 530w, https:\/\/i0.wp.com\/eltrabajo.cl\/portal\/wp-content\/uploads\/2016\/10\/Tornillo33.jpg?resize=200%2C132&amp;ssl=1 200w, https:\/\/i0.wp.com\/eltrabajo.cl\/portal\/wp-content\/uploads\/2016\/10\/Tornillo33.jpg?resize=300%2C198&amp;ssl=1 300w, https:\/\/i0.wp.com\/eltrabajo.cl\/portal\/wp-content\/uploads\/2016\/10\/Tornillo33.jpg?resize=228%2C150&amp;ssl=1 228w, https:\/\/i0.wp.com\/eltrabajo.cl\/portal\/wp-content\/uploads\/2016\/10\/Tornillo33.jpg?resize=400%2C263&amp;ssl=1 400w\" sizes=\"auto, (max-width: 530px) 100vw, 530px\" \/><\/a><figcaption id=\"caption-attachment-74701\" class=\"wp-caption-text\">GRAN EXPERIMENTO.- Estos ni\u00f1os crearon un Tornillo de Arqu\u00edmedes, dispositivo que se usa para subir a gran altura agua, harina y otros granos.<\/figcaption><\/figure>\n<figure id=\"attachment_74700\" aria-describedby=\"caption-attachment-74700\" style=\"width: 530px\" class=\"wp-caption alignleft\"><a href=\"http:\/\/www.eltrabajo.cl\/portal\/feria-cientifica-2016-en-liceo-parroquial-teresita-de-los-andes\/robotica33\/\" rel=\"attachment wp-att-74700\"><img data-recalc-dims=\"1\" loading=\"lazy\" decoding=\"async\" class=\"size-full wp-image-74700\" src=\"https:\/\/i0.wp.com\/www.eltrabajo.cl\/portal\/wp-content\/uploads\/2016\/10\/Robotica33.jpg?resize=530%2C349\" alt=\"ROB\u00d3TICA PRESENTE.- La rob\u00f3tica no estuvo ausente se\u00f1ores, como lo muestran estas gr\u00e1ficas.\" width=\"530\" height=\"349\" srcset=\"https:\/\/i0.wp.com\/eltrabajo.cl\/portal\/wp-content\/uploads\/2016\/10\/Robotica33.jpg?w=530&amp;ssl=1 530w, https:\/\/i0.wp.com\/eltrabajo.cl\/portal\/wp-content\/uploads\/2016\/10\/Robotica33.jpg?resize=200%2C132&amp;ssl=1 200w, https:\/\/i0.wp.com\/eltrabajo.cl\/portal\/wp-content\/uploads\/2016\/10\/Robotica33.jpg?resize=300%2C198&amp;ssl=1 300w, https:\/\/i0.wp.com\/eltrabajo.cl\/portal\/wp-content\/uploads\/2016\/10\/Robotica33.jpg?resize=228%2C150&amp;ssl=1 228w, https:\/\/i0.wp.com\/eltrabajo.cl\/portal\/wp-content\/uploads\/2016\/10\/Robotica33.jpg?resize=400%2C263&amp;ssl=1 400w\" sizes=\"auto, (max-width: 530px) 100vw, 530px\" \/><\/a><figcaption id=\"caption-attachment-74700\" class=\"wp-caption-text\">ROB\u00d3TICA PRESENTE.- La rob\u00f3tica no estuvo ausente se\u00f1ores, como lo muestran estas gr\u00e1ficas.<\/figcaption><\/figure>\n<figure id=\"attachment_74699\" aria-describedby=\"caption-attachment-74699\" style=\"width: 530px\" class=\"wp-caption alignleft\"><a href=\"http:\/\/www.eltrabajo.cl\/portal\/feria-cientifica-2016-en-liceo-parroquial-teresita-de-los-andes\/ciudades33\/\" rel=\"attachment wp-att-74699\"><img data-recalc-dims=\"1\" loading=\"lazy\" decoding=\"async\" class=\"size-full wp-image-74699\" src=\"https:\/\/i0.wp.com\/www.eltrabajo.cl\/portal\/wp-content\/uploads\/2016\/10\/Ciudades33.jpg?resize=530%2C349\" alt=\"ESTOS GENIOS.- Otros genios escolares, desarrollaron proyectos nucleares en miniatura y hasta ciudades a escala tambi\u00e9n.\" width=\"530\" height=\"349\" srcset=\"https:\/\/i0.wp.com\/eltrabajo.cl\/portal\/wp-content\/uploads\/2016\/10\/Ciudades33.jpg?w=530&amp;ssl=1 530w, https:\/\/i0.wp.com\/eltrabajo.cl\/portal\/wp-content\/uploads\/2016\/10\/Ciudades33.jpg?resize=200%2C132&amp;ssl=1 200w, https:\/\/i0.wp.com\/eltrabajo.cl\/portal\/wp-content\/uploads\/2016\/10\/Ciudades33.jpg?resize=300%2C198&amp;ssl=1 300w, https:\/\/i0.wp.com\/eltrabajo.cl\/portal\/wp-content\/uploads\/2016\/10\/Ciudades33.jpg?resize=228%2C150&amp;ssl=1 228w, https:\/\/i0.wp.com\/eltrabajo.cl\/portal\/wp-content\/uploads\/2016\/10\/Ciudades33.jpg?resize=400%2C263&amp;ssl=1 400w\" sizes=\"auto, (max-width: 530px) 100vw, 530px\" \/><\/a><figcaption id=\"caption-attachment-74699\" class=\"wp-caption-text\">ESTOS GENIOS.- Otros genios escolares, desarrollaron proyectos nucleares en miniatura y hasta ciudades a escala tambi\u00e9n.<\/figcaption><\/figure>\n<figure id=\"attachment_74698\" aria-describedby=\"caption-attachment-74698\" style=\"width: 530px\" class=\"wp-caption alignleft\"><a href=\"http:\/\/www.eltrabajo.cl\/portal\/feria-cientifica-2016-en-liceo-parroquial-teresita-de-los-andes\/ciencia33\/\" rel=\"attachment wp-att-74698\"><img data-recalc-dims=\"1\" loading=\"lazy\" decoding=\"async\" class=\"size-full wp-image-74698\" src=\"https:\/\/i0.wp.com\/www.eltrabajo.cl\/portal\/wp-content\/uploads\/2016\/10\/Ciencia33.jpg?resize=530%2C350\" alt=\"APRENDIENDO.- Estos peque\u00f1itos aprendieron mucho durante esta feria, cada curso expuso sus mejores experimentos.\" width=\"530\" height=\"350\" srcset=\"https:\/\/i0.wp.com\/eltrabajo.cl\/portal\/wp-content\/uploads\/2016\/10\/Ciencia33.jpg?w=530&amp;ssl=1 530w, https:\/\/i0.wp.com\/eltrabajo.cl\/portal\/wp-content\/uploads\/2016\/10\/Ciencia33.jpg?resize=200%2C132&amp;ssl=1 200w, https:\/\/i0.wp.com\/eltrabajo.cl\/portal\/wp-content\/uploads\/2016\/10\/Ciencia33.jpg?resize=300%2C198&amp;ssl=1 300w, https:\/\/i0.wp.com\/eltrabajo.cl\/portal\/wp-content\/uploads\/2016\/10\/Ciencia33.jpg?resize=227%2C150&amp;ssl=1 227w, https:\/\/i0.wp.com\/eltrabajo.cl\/portal\/wp-content\/uploads\/2016\/10\/Ciencia33.jpg?resize=400%2C264&amp;ssl=1 400w\" sizes=\"auto, (max-width: 530px) 100vw, 530px\" \/><\/a><figcaption id=\"caption-attachment-74698\" class=\"wp-caption-text\">APRENDIENDO.- Estos peque\u00f1itos aprendieron mucho durante esta feria, cada curso expuso sus mejores experimentos.<\/figcaption><\/figure>\n<figure id=\"attachment_74697\" aria-describedby=\"caption-attachment-74697\" style=\"width: 530px\" class=\"wp-caption alignleft\"><a href=\"http:\/\/www.eltrabajo.cl\/portal\/feria-cientifica-2016-en-liceo-parroquial-teresita-de-los-andes\/anatomia33\/\" rel=\"attachment wp-att-74697\"><img data-recalc-dims=\"1\" loading=\"lazy\" decoding=\"async\" class=\"size-full wp-image-74697\" src=\"https:\/\/i0.wp.com\/www.eltrabajo.cl\/portal\/wp-content\/uploads\/2016\/10\/Anatomia33.jpg?resize=530%2C350\" alt=\"NUESTRO CUERPO.- La anatom\u00eda humana, tambi\u00e9n fue objeto de investigaci\u00f3n cient\u00edfica en esta feria escolar de la ciencia.\" width=\"530\" height=\"350\" srcset=\"https:\/\/i0.wp.com\/eltrabajo.cl\/portal\/wp-content\/uploads\/2016\/10\/Anatomia33.jpg?w=530&amp;ssl=1 530w, https:\/\/i0.wp.com\/eltrabajo.cl\/portal\/wp-content\/uploads\/2016\/10\/Anatomia33.jpg?resize=200%2C132&amp;ssl=1 200w, https:\/\/i0.wp.com\/eltrabajo.cl\/portal\/wp-content\/uploads\/2016\/10\/Anatomia33.jpg?resize=300%2C198&amp;ssl=1 300w, https:\/\/i0.wp.com\/eltrabajo.cl\/portal\/wp-content\/uploads\/2016\/10\/Anatomia33.jpg?resize=227%2C150&amp;ssl=1 227w, https:\/\/i0.wp.com\/eltrabajo.cl\/portal\/wp-content\/uploads\/2016\/10\/Anatomia33.jpg?resize=400%2C264&amp;ssl=1 400w\" sizes=\"auto, (max-width: 530px) 100vw, 530px\" \/><\/a><figcaption id=\"caption-attachment-74697\" class=\"wp-caption-text\">NUESTRO CUERPO.- La anatom\u00eda humana, tambi\u00e9n fue objeto de investigaci\u00f3n cient\u00edfica en esta feria escolar de la ciencia.<\/figcaption><\/figure>\n","protected":false},"excerpt":{"rendered":"<p>RINCONADA.- Gran efervescencia se vivi\u00f3 este jueves en el Liceo Parroquial Teresita de Los Andes, durante la Feria Cient\u00edfica 2016. Esta actividad, fue organizada por el profesor de Biolog\u00eda Arturo Gonz\u00e1lez, quien&#8230;<\/p>\n","protected":false},"author":1,"featured_media":74697,"comment_status":"open","ping_status":"open","sticky":false,"template":"","format":"standard","meta":{"advanced_seo_description":"","jetpack_seo_html_title":"","jetpack_seo_noindex":false,"_jetpack_memberships_contains_paid_content":false,"footnotes":""},"categories":[15],"tags":[],"class_list":["post-74696","post","type-post","status-publish","format-standard","has-post-thumbnail","hentry","category-comunidad"],"jetpack_featured_media_url":"https:\/\/i0.wp.com\/eltrabajo.cl\/portal\/wp-content\/uploads\/2016\/10\/Anatomia33.jpg?fit=530%2C350&ssl=1","jetpack_sharing_enabled":true,"jetpack_likes_enabled":true,"jetpack-related-posts":[],"_links":{"self":[{"href":"https:\/\/eltrabajo.cl\/portal\/wp-json\/wp\/v2\/posts\/74696","targetHints":{"allow":["GET"]}}],"collection":[{"href":"https:\/\/eltrabajo.cl\/portal\/wp-json\/wp\/v2\/posts"}],"about":[{"href":"https:\/\/eltrabajo.cl\/portal\/wp-json\/wp\/v2\/types\/post"}],"author":[{"embeddable":true,"href":"https:\/\/eltrabajo.cl\/portal\/wp-json\/wp\/v2\/users\/1"}],"replies":[{"embeddable":true,"href":"https:\/\/eltrabajo.cl\/portal\/wp-json\/wp\/v2\/comments?post=74696"}],"version-history":[{"count":0,"href":"https:\/\/eltrabajo.cl\/portal\/wp-json\/wp\/v2\/posts\/74696\/revisions"}],"wp:featuredmedia":[{"embeddable":true,"href":"https:\/\/eltrabajo.cl\/portal\/wp-json\/wp\/v2\/media\/74697"}],"wp:attachment":[{"href":"https:\/\/eltrabajo.cl\/portal\/wp-json\/wp\/v2\/media?parent=74696"}],"wp:term":[{"taxonomy":"category","embeddable":true,"href":"https:\/\/eltrabajo.cl\/portal\/wp-json\/wp\/v2\/categories?post=74696"},{"taxonomy":"post_tag","embeddable":true,"href":"https:\/\/eltrabajo.cl\/portal\/wp-json\/wp\/v2\/tags?post=74696"}],"curies":[{"name":"wp","href":"https:\/\/api.w.org\/{rel}","templated":true}]}}