{"id":74709,"date":"2016-10-21T08:44:49","date_gmt":"2016-10-21T11:44:49","guid":{"rendered":"http:\/\/www.eltrabajo.cl\/portal\/?p=74709"},"modified":"2016-10-21T08:44:49","modified_gmt":"2016-10-21T11:44:49","slug":"musica-tecnologia-y-arte-de-gran-calidad-en-el-mutarte-2016-del-iac","status":"publish","type":"post","link":"https:\/\/eltrabajo.cl\/portal\/musica-tecnologia-y-arte-de-gran-calidad-en-el-mutarte-2016-del-iac\/","title":{"rendered":"M\u00fasica, tecnolog\u00eda y arte de gran calidad en el Mutarte 2016 del IAC"},"content":{"rendered":"<p>Una alegre jornada estudiantil, es la que se ha vivido esta semana en el IAC de San Felipe, luego que esta casa de estudios realiz\u00f3 el evento Mutarte 2016, actividad en la que hubo m\u00fasica, tecnolog\u00eda y artes visuales y en donde la creatividad, belleza e ingenio de los j\u00f3venes estudiantes del colegio, expusieron durante tres d\u00edas sus trabajos en estas tres \u00e1reas disciplinarias del ser humano.<br \/>\nMutarte, estuvo enfocado en destacar la importancia de estas \u00e1reas en la educaci\u00f3n a trav\u00e9s de ponencias, charlas, conciertos p\u00fablicos, exposiciones permanentes y muestras del trabajo realizado con estudiantes desde prek\u00ednder a 4\u00ba medio.<\/p>\n<p><strong>M\u00daSICA DE COLORES<\/strong><br \/>\nLas c\u00e1maras de Diario El Trabajo visitaron esa casa estudiantil para tomar registro de la actividad. La parte inaugural estuvo a cargo de la Orquesta Latinoamericana IAC, a la que hizo su presentaci\u00f3n el lunes a las 11:45 horas en el gimnasio.<\/p>\n<figure id=\"attachment_74713\" aria-describedby=\"caption-attachment-74713\" style=\"width: 300px\" class=\"wp-caption alignleft\"><a href=\"http:\/\/www.eltrabajo.cl\/portal\/musica-tecnologia-y-arte-de-gran-calidad-en-el-mutarte-2016-del-iac\/jaime-sepulveda-3\/\" rel=\"attachment wp-att-74713\"><img data-recalc-dims=\"1\" loading=\"lazy\" decoding=\"async\" class=\"size-medium wp-image-74713\" src=\"https:\/\/i0.wp.com\/www.eltrabajo.cl\/portal\/wp-content\/uploads\/2016\/10\/Jaime-Sepulveda-300x197.jpg?resize=300%2C197\" alt=\"Jaime Sep\u00falveda, profesor del IAC.\" width=\"300\" height=\"197\" srcset=\"https:\/\/i0.wp.com\/eltrabajo.cl\/portal\/wp-content\/uploads\/2016\/10\/Jaime-Sepulveda.jpg?resize=300%2C197&amp;ssl=1 300w, https:\/\/i0.wp.com\/eltrabajo.cl\/portal\/wp-content\/uploads\/2016\/10\/Jaime-Sepulveda.jpg?resize=200%2C131&amp;ssl=1 200w, https:\/\/i0.wp.com\/eltrabajo.cl\/portal\/wp-content\/uploads\/2016\/10\/Jaime-Sepulveda.jpg?resize=228%2C150&amp;ssl=1 228w, https:\/\/i0.wp.com\/eltrabajo.cl\/portal\/wp-content\/uploads\/2016\/10\/Jaime-Sepulveda.jpg?resize=400%2C263&amp;ssl=1 400w, https:\/\/i0.wp.com\/eltrabajo.cl\/portal\/wp-content\/uploads\/2016\/10\/Jaime-Sepulveda.jpg?w=530&amp;ssl=1 530w\" sizes=\"auto, (max-width: 300px) 100vw, 300px\" \/><\/a><figcaption id=\"caption-attachment-74713\" class=\"wp-caption-text\">Jaime Sep\u00falveda, profesor del IAC.<\/figcaption><\/figure>\n<p>\u00abEsta agrupaci\u00f3n es un proyecto innovador que busca difundir el patrimonio musical latinoamericano en ni\u00f1os y j\u00f3venes a trav\u00e9s del estudio e interpretaci\u00f3n de m\u00fasica de ra\u00edz folcl\u00f3rica latinoamericana est\u00e1 compuesta por 23 j\u00f3venes de 6\u00b0 b\u00e1sico a 2\u00ba medio. Adem\u00e1s, tuvimos la charla de la destacada profesora Joan Zambrano, promoviendo el sistema de ense\u00f1anza de la m\u00fasica denominado \u2018M\u00fasica en colores\u2019, proyecto que se ejecuta actualmente en el IAC\u00bb, explic\u00f3 a Diario El Trabajo el profesor Jaime Sep\u00falveda.<br \/>\nEl martes se realiz\u00f3 una muestra permanente de las asignaturas de Artes Visuales y Tecnolog\u00eda, en las que se mostraron lo trabajos m\u00e1s destacados realizados por j\u00f3venes de prek\u00ednder a 4\u00b0 medio, culminando con un gran concierto de cierre realizado por el conjunto de flautas traversas, del Colegio Villa Aconcagua de Con-Con, dirigidos por la profesora Mariela Martel, el coordinador general de esta actividad fue Cristian Varas Guerrero.<br \/>\n<strong>Roberto Gonz\u00e1lez Short<\/strong><\/p>\n<figure id=\"attachment_74712\" aria-describedby=\"caption-attachment-74712\" style=\"width: 530px\" class=\"wp-caption alignleft\"><a href=\"http:\/\/www.eltrabajo.cl\/portal\/musica-tecnologia-y-arte-de-gran-calidad-en-el-mutarte-2016-del-iac\/mutarte3\/\" rel=\"attachment wp-att-74712\"><img data-recalc-dims=\"1\" loading=\"lazy\" decoding=\"async\" class=\"size-full wp-image-74712\" src=\"https:\/\/i0.wp.com\/www.eltrabajo.cl\/portal\/wp-content\/uploads\/2016\/10\/Mutarte3.jpg?resize=530%2C350\" alt=\"ACTIVIDAD FAMILIAR.- Apoderados del IAC estuvieron muy comprometidos con sus ni\u00f1os en esta actividad escolar.\" width=\"530\" height=\"350\" srcset=\"https:\/\/i0.wp.com\/eltrabajo.cl\/portal\/wp-content\/uploads\/2016\/10\/Mutarte3.jpg?w=530&amp;ssl=1 530w, https:\/\/i0.wp.com\/eltrabajo.cl\/portal\/wp-content\/uploads\/2016\/10\/Mutarte3.jpg?resize=200%2C132&amp;ssl=1 200w, https:\/\/i0.wp.com\/eltrabajo.cl\/portal\/wp-content\/uploads\/2016\/10\/Mutarte3.jpg?resize=300%2C198&amp;ssl=1 300w, https:\/\/i0.wp.com\/eltrabajo.cl\/portal\/wp-content\/uploads\/2016\/10\/Mutarte3.jpg?resize=227%2C150&amp;ssl=1 227w, https:\/\/i0.wp.com\/eltrabajo.cl\/portal\/wp-content\/uploads\/2016\/10\/Mutarte3.jpg?resize=400%2C264&amp;ssl=1 400w\" sizes=\"auto, (max-width: 530px) 100vw, 530px\" \/><\/a><figcaption id=\"caption-attachment-74712\" class=\"wp-caption-text\">ACTIVIDAD FAMILIAR.- Apoderados del IAC estuvieron muy comprometidos con sus ni\u00f1os en esta actividad escolar.<\/figcaption><\/figure>\n<figure id=\"attachment_74711\" aria-describedby=\"caption-attachment-74711\" style=\"width: 530px\" class=\"wp-caption alignleft\"><a href=\"http:\/\/www.eltrabajo.cl\/portal\/musica-tecnologia-y-arte-de-gran-calidad-en-el-mutarte-2016-del-iac\/mutarte2\/\" rel=\"attachment wp-att-74711\"><img data-recalc-dims=\"1\" loading=\"lazy\" decoding=\"async\" class=\"size-full wp-image-74711\" src=\"https:\/\/i0.wp.com\/www.eltrabajo.cl\/portal\/wp-content\/uploads\/2016\/10\/Mutarte2.jpg?resize=530%2C350\" alt=\"CIERRE DE LUJO.- El cierre del Mutarte se hizo con un gran concierto de cierre realizado por el conjunto de flautas traversas, del Colegio Villa Aconcagua de Con-Con, dirigidos por la profesora Mariela Martel.\" width=\"530\" height=\"350\" srcset=\"https:\/\/i0.wp.com\/eltrabajo.cl\/portal\/wp-content\/uploads\/2016\/10\/Mutarte2.jpg?w=530&amp;ssl=1 530w, https:\/\/i0.wp.com\/eltrabajo.cl\/portal\/wp-content\/uploads\/2016\/10\/Mutarte2.jpg?resize=200%2C132&amp;ssl=1 200w, https:\/\/i0.wp.com\/eltrabajo.cl\/portal\/wp-content\/uploads\/2016\/10\/Mutarte2.jpg?resize=300%2C198&amp;ssl=1 300w, https:\/\/i0.wp.com\/eltrabajo.cl\/portal\/wp-content\/uploads\/2016\/10\/Mutarte2.jpg?resize=227%2C150&amp;ssl=1 227w, https:\/\/i0.wp.com\/eltrabajo.cl\/portal\/wp-content\/uploads\/2016\/10\/Mutarte2.jpg?resize=400%2C264&amp;ssl=1 400w\" sizes=\"auto, (max-width: 530px) 100vw, 530px\" \/><\/a><figcaption id=\"caption-attachment-74711\" class=\"wp-caption-text\">CIERRE DE LUJO.- El cierre del Mutarte se hizo con un gran concierto de cierre realizado por el conjunto de flautas traversas, del Colegio Villa Aconcagua de Con-Con, dirigidos por la profesora Mariela Martel.<\/figcaption><\/figure>\n<figure id=\"attachment_74710\" aria-describedby=\"caption-attachment-74710\" style=\"width: 530px\" class=\"wp-caption alignleft\"><a href=\"http:\/\/www.eltrabajo.cl\/portal\/musica-tecnologia-y-arte-de-gran-calidad-en-el-mutarte-2016-del-iac\/mutarte1\/\" rel=\"attachment wp-att-74710\"><img data-recalc-dims=\"1\" loading=\"lazy\" decoding=\"async\" class=\"size-full wp-image-74710\" src=\"https:\/\/i0.wp.com\/www.eltrabajo.cl\/portal\/wp-content\/uploads\/2016\/10\/Mutarte1.jpg?resize=530%2C350\" alt=\"MUTARTE 2016.- Cientos de personas inundaron durante tres d\u00edas el gimnasio del IAC, para disfrutar del Mutarte 2016.\" width=\"530\" height=\"350\" srcset=\"https:\/\/i0.wp.com\/eltrabajo.cl\/portal\/wp-content\/uploads\/2016\/10\/Mutarte1.jpg?w=530&amp;ssl=1 530w, https:\/\/i0.wp.com\/eltrabajo.cl\/portal\/wp-content\/uploads\/2016\/10\/Mutarte1.jpg?resize=200%2C132&amp;ssl=1 200w, https:\/\/i0.wp.com\/eltrabajo.cl\/portal\/wp-content\/uploads\/2016\/10\/Mutarte1.jpg?resize=300%2C198&amp;ssl=1 300w, https:\/\/i0.wp.com\/eltrabajo.cl\/portal\/wp-content\/uploads\/2016\/10\/Mutarte1.jpg?resize=227%2C150&amp;ssl=1 227w, https:\/\/i0.wp.com\/eltrabajo.cl\/portal\/wp-content\/uploads\/2016\/10\/Mutarte1.jpg?resize=400%2C264&amp;ssl=1 400w\" sizes=\"auto, (max-width: 530px) 100vw, 530px\" \/><\/a><figcaption id=\"caption-attachment-74710\" class=\"wp-caption-text\">MUTARTE 2016.- Cientos de personas inundaron durante tres d\u00edas el gimnasio del IAC, para disfrutar del Mutarte 2016.<\/figcaption><\/figure>\n","protected":false},"excerpt":{"rendered":"<p>Una alegre jornada estudiantil, es la que se ha vivido esta semana en el IAC de San Felipe, luego que esta casa de estudios realiz\u00f3 el evento Mutarte 2016, actividad en la&#8230;<\/p>\n","protected":false},"author":1,"featured_media":74711,"comment_status":"open","ping_status":"open","sticky":false,"template":"","format":"standard","meta":{"advanced_seo_description":"","jetpack_seo_html_title":"","jetpack_seo_noindex":false,"_jetpack_memberships_contains_paid_content":false,"footnotes":""},"categories":[15],"tags":[],"class_list":["post-74709","post","type-post","status-publish","format-standard","has-post-thumbnail","hentry","category-comunidad"],"jetpack_featured_media_url":"https:\/\/i0.wp.com\/eltrabajo.cl\/portal\/wp-content\/uploads\/2016\/10\/Mutarte2.jpg?fit=530%2C350&ssl=1","jetpack_sharing_enabled":true,"jetpack_likes_enabled":true,"jetpack-related-posts":[],"_links":{"self":[{"href":"https:\/\/eltrabajo.cl\/portal\/wp-json\/wp\/v2\/posts\/74709","targetHints":{"allow":["GET"]}}],"collection":[{"href":"https:\/\/eltrabajo.cl\/portal\/wp-json\/wp\/v2\/posts"}],"about":[{"href":"https:\/\/eltrabajo.cl\/portal\/wp-json\/wp\/v2\/types\/post"}],"author":[{"embeddable":true,"href":"https:\/\/eltrabajo.cl\/portal\/wp-json\/wp\/v2\/users\/1"}],"replies":[{"embeddable":true,"href":"https:\/\/eltrabajo.cl\/portal\/wp-json\/wp\/v2\/comments?post=74709"}],"version-history":[{"count":0,"href":"https:\/\/eltrabajo.cl\/portal\/wp-json\/wp\/v2\/posts\/74709\/revisions"}],"wp:featuredmedia":[{"embeddable":true,"href":"https:\/\/eltrabajo.cl\/portal\/wp-json\/wp\/v2\/media\/74711"}],"wp:attachment":[{"href":"https:\/\/eltrabajo.cl\/portal\/wp-json\/wp\/v2\/media?parent=74709"}],"wp:term":[{"taxonomy":"category","embeddable":true,"href":"https:\/\/eltrabajo.cl\/portal\/wp-json\/wp\/v2\/categories?post=74709"},{"taxonomy":"post_tag","embeddable":true,"href":"https:\/\/eltrabajo.cl\/portal\/wp-json\/wp\/v2\/tags?post=74709"}],"curies":[{"name":"wp","href":"https:\/\/api.w.org\/{rel}","templated":true}]}}