{"id":74716,"date":"2016-10-21T08:47:41","date_gmt":"2016-10-21T11:47:41","guid":{"rendered":"http:\/\/www.eltrabajo.cl\/portal\/?p=74716"},"modified":"2016-10-21T08:47:41","modified_gmt":"2016-10-21T11:47:41","slug":"karatekas-de-san-felipe-regresan-de-coquimbo-cargados-con-premios","status":"publish","type":"post","link":"https:\/\/eltrabajo.cl\/portal\/karatekas-de-san-felipe-regresan-de-coquimbo-cargados-con-premios\/","title":{"rendered":"Karatekas de San Felipe regresan de Coquimbo cargados con premios"},"content":{"rendered":"<ul>\n<li><strong>Hillary Castillo sigue cosechando \u00e9xitos:<\/strong><\/li>\n<\/ul>\n<p>Nuevamente los pupilos del Sensei V\u00edctor Caballero Astudillo, quien dirige los talleres municipales de Artes Marciales, son noticia en Diario El Trabajo, pues este fin de semana los chicos participaron el campeonato de Artes Marciales de Coquimbo, organizado por la Academia de Boxeo Chino de Coquimbo, la que es dirigida por el maestro Luis Valenzuela Medina.<br \/>\n\u00abNuestra delegaci\u00f3n viaj\u00f3 el viernes 14 para poder participar en el campeonato el d\u00eda s\u00e1bado, dir\u00e9 que trajimos varios trofeos como copas y medallas, siendo un \u00e9xito nuestra participaci\u00f3n, s\u00f3lo pudimos llevar a diez alumnos competidores, los que estuvieron a su altura, ya que en su mayor\u00eda son ni\u00f1os de de cuatro a\u00f1os hasta doce a\u00f1os, destacando las peque\u00f1as como Florencia N\u00fa\u00f1ez Reyes, Catalina Reyes P\u00e9rez, Fernanda Tapia Gonz\u00e1lez e Hillary Castillo C\u00e9spedes, queremos destacar que fue el Taller de Karate del Departamento de Deportes de la Municipalidad de San Felipe, el que asisti\u00f3 en representaci\u00f3n de nuestra ciudad\u00bb, indic\u00f3 Caballero a nuestro medio.<br \/>\n<strong>Roberto Gonz\u00e1lez Short<\/strong><\/p>\n<figure id=\"attachment_74717\" aria-describedby=\"caption-attachment-74717\" style=\"width: 530px\" class=\"wp-caption alignleft\"><a href=\"http:\/\/www.eltrabajo.cl\/portal\/karatekas-de-san-felipe-regresan-de-coquimbo-cargados-con-premios\/karate1-4\/\" rel=\"attachment wp-att-74717\"><img data-recalc-dims=\"1\" loading=\"lazy\" decoding=\"async\" class=\"size-full wp-image-74717\" src=\"https:\/\/i0.wp.com\/www.eltrabajo.cl\/portal\/wp-content\/uploads\/2016\/10\/Karate1.jpg?resize=530%2C349\" alt=\"LOS CAMPEONES.- Peques y grandes regresaron con trofeos, copas y medallas, y tambi\u00e9n con la sensaci\u00f3n de haber participado.\" width=\"530\" height=\"349\" srcset=\"https:\/\/i0.wp.com\/eltrabajo.cl\/portal\/wp-content\/uploads\/2016\/10\/Karate1.jpg?w=530&amp;ssl=1 530w, https:\/\/i0.wp.com\/eltrabajo.cl\/portal\/wp-content\/uploads\/2016\/10\/Karate1.jpg?resize=200%2C132&amp;ssl=1 200w, https:\/\/i0.wp.com\/eltrabajo.cl\/portal\/wp-content\/uploads\/2016\/10\/Karate1.jpg?resize=300%2C198&amp;ssl=1 300w, https:\/\/i0.wp.com\/eltrabajo.cl\/portal\/wp-content\/uploads\/2016\/10\/Karate1.jpg?resize=228%2C150&amp;ssl=1 228w, https:\/\/i0.wp.com\/eltrabajo.cl\/portal\/wp-content\/uploads\/2016\/10\/Karate1.jpg?resize=400%2C263&amp;ssl=1 400w\" sizes=\"auto, (max-width: 530px) 100vw, 530px\" \/><\/a><figcaption id=\"caption-attachment-74717\" class=\"wp-caption-text\">LOS CAMPEONES.- Peques y grandes regresaron con trofeos, copas y medallas, y tambi\u00e9n con la sensaci\u00f3n de haber participado.<\/figcaption><\/figure>\n<figure id=\"attachment_74718\" aria-describedby=\"caption-attachment-74718\" style=\"width: 530px\" class=\"wp-caption alignleft\"><a href=\"http:\/\/www.eltrabajo.cl\/portal\/karatekas-de-san-felipe-regresan-de-coquimbo-cargados-con-premios\/karate2-2\/\" rel=\"attachment wp-att-74718\"><img data-recalc-dims=\"1\" loading=\"lazy\" decoding=\"async\" class=\"size-full wp-image-74718\" src=\"https:\/\/i0.wp.com\/www.eltrabajo.cl\/portal\/wp-content\/uploads\/2016\/10\/Karate2.jpg?resize=530%2C349\" alt=\"SIEMPRE HILLARY.- La joven Hillary Castillo no para de cosechar triunfos deportivos con la supervisi\u00f3n de su maestro don V\u00edctor Caballero.\" width=\"530\" height=\"349\" srcset=\"https:\/\/i0.wp.com\/eltrabajo.cl\/portal\/wp-content\/uploads\/2016\/10\/Karate2.jpg?w=530&amp;ssl=1 530w, https:\/\/i0.wp.com\/eltrabajo.cl\/portal\/wp-content\/uploads\/2016\/10\/Karate2.jpg?resize=200%2C132&amp;ssl=1 200w, https:\/\/i0.wp.com\/eltrabajo.cl\/portal\/wp-content\/uploads\/2016\/10\/Karate2.jpg?resize=300%2C198&amp;ssl=1 300w, https:\/\/i0.wp.com\/eltrabajo.cl\/portal\/wp-content\/uploads\/2016\/10\/Karate2.jpg?resize=228%2C150&amp;ssl=1 228w, https:\/\/i0.wp.com\/eltrabajo.cl\/portal\/wp-content\/uploads\/2016\/10\/Karate2.jpg?resize=400%2C263&amp;ssl=1 400w\" sizes=\"auto, (max-width: 530px) 100vw, 530px\" \/><\/a><figcaption id=\"caption-attachment-74718\" class=\"wp-caption-text\">SIEMPRE HILLARY.- La joven Hillary Castillo no para de cosechar triunfos deportivos con la supervisi\u00f3n de su maestro don V\u00edctor Caballero.<\/figcaption><\/figure>\n<figure id=\"attachment_74719\" aria-describedby=\"caption-attachment-74719\" style=\"width: 530px\" class=\"wp-caption alignleft\"><a href=\"http:\/\/www.eltrabajo.cl\/portal\/karatekas-de-san-felipe-regresan-de-coquimbo-cargados-con-premios\/karate3\/\" rel=\"attachment wp-att-74719\"><img data-recalc-dims=\"1\" loading=\"lazy\" decoding=\"async\" class=\"size-full wp-image-74719\" src=\"https:\/\/i0.wp.com\/www.eltrabajo.cl\/portal\/wp-content\/uploads\/2016\/10\/Karate3.jpg?resize=530%2C348\" alt=\"ORGULLO DE ACONCAGUA.- Este es el momento en que Castillo es presentada ante sus iguales como la mejor en su categor\u00eda.\" width=\"530\" height=\"348\" srcset=\"https:\/\/i0.wp.com\/eltrabajo.cl\/portal\/wp-content\/uploads\/2016\/10\/Karate3.jpg?w=530&amp;ssl=1 530w, https:\/\/i0.wp.com\/eltrabajo.cl\/portal\/wp-content\/uploads\/2016\/10\/Karate3.jpg?resize=200%2C131&amp;ssl=1 200w, https:\/\/i0.wp.com\/eltrabajo.cl\/portal\/wp-content\/uploads\/2016\/10\/Karate3.jpg?resize=300%2C197&amp;ssl=1 300w, https:\/\/i0.wp.com\/eltrabajo.cl\/portal\/wp-content\/uploads\/2016\/10\/Karate3.jpg?resize=228%2C150&amp;ssl=1 228w, https:\/\/i0.wp.com\/eltrabajo.cl\/portal\/wp-content\/uploads\/2016\/10\/Karate3.jpg?resize=400%2C263&amp;ssl=1 400w\" sizes=\"auto, (max-width: 530px) 100vw, 530px\" \/><\/a><figcaption id=\"caption-attachment-74719\" class=\"wp-caption-text\">ORGULLO DE ACONCAGUA.- Este es el momento en que Castillo es presentada ante sus iguales como la mejor en su categor\u00eda.<\/figcaption><\/figure>\n","protected":false},"excerpt":{"rendered":"<p>Hillary Castillo sigue cosechando \u00e9xitos: Nuevamente los pupilos del Sensei V\u00edctor Caballero Astudillo, quien dirige los talleres municipales de Artes Marciales, son noticia en Diario El Trabajo, pues este fin de semana&#8230;<\/p>\n","protected":false},"author":1,"featured_media":74717,"comment_status":"open","ping_status":"open","sticky":false,"template":"","format":"standard","meta":{"advanced_seo_description":"","jetpack_seo_html_title":"","jetpack_seo_noindex":false,"_jetpack_memberships_contains_paid_content":false,"footnotes":""},"categories":[15],"tags":[],"class_list":["post-74716","post","type-post","status-publish","format-standard","has-post-thumbnail","hentry","category-comunidad"],"jetpack_featured_media_url":"https:\/\/i0.wp.com\/eltrabajo.cl\/portal\/wp-content\/uploads\/2016\/10\/Karate1.jpg?fit=530%2C349&ssl=1","jetpack_sharing_enabled":true,"jetpack_likes_enabled":true,"jetpack-related-posts":[],"_links":{"self":[{"href":"https:\/\/eltrabajo.cl\/portal\/wp-json\/wp\/v2\/posts\/74716","targetHints":{"allow":["GET"]}}],"collection":[{"href":"https:\/\/eltrabajo.cl\/portal\/wp-json\/wp\/v2\/posts"}],"about":[{"href":"https:\/\/eltrabajo.cl\/portal\/wp-json\/wp\/v2\/types\/post"}],"author":[{"embeddable":true,"href":"https:\/\/eltrabajo.cl\/portal\/wp-json\/wp\/v2\/users\/1"}],"replies":[{"embeddable":true,"href":"https:\/\/eltrabajo.cl\/portal\/wp-json\/wp\/v2\/comments?post=74716"}],"version-history":[{"count":0,"href":"https:\/\/eltrabajo.cl\/portal\/wp-json\/wp\/v2\/posts\/74716\/revisions"}],"wp:featuredmedia":[{"embeddable":true,"href":"https:\/\/eltrabajo.cl\/portal\/wp-json\/wp\/v2\/media\/74717"}],"wp:attachment":[{"href":"https:\/\/eltrabajo.cl\/portal\/wp-json\/wp\/v2\/media?parent=74716"}],"wp:term":[{"taxonomy":"category","embeddable":true,"href":"https:\/\/eltrabajo.cl\/portal\/wp-json\/wp\/v2\/categories?post=74716"},{"taxonomy":"post_tag","embeddable":true,"href":"https:\/\/eltrabajo.cl\/portal\/wp-json\/wp\/v2\/tags?post=74716"}],"curies":[{"name":"wp","href":"https:\/\/api.w.org\/{rel}","templated":true}]}}