{"id":74722,"date":"2016-10-21T08:50:13","date_gmt":"2016-10-21T11:50:13","guid":{"rendered":"http:\/\/www.eltrabajo.cl\/portal\/?p=74722"},"modified":"2016-10-21T08:50:13","modified_gmt":"2016-10-21T11:50:13","slug":"categorizacion-en-urgencia-hospitalaria-fue-tema-de-monitores-ciudadanos-en-salud","status":"publish","type":"post","link":"https:\/\/eltrabajo.cl\/portal\/categorizacion-en-urgencia-hospitalaria-fue-tema-de-monitores-ciudadanos-en-salud\/","title":{"rendered":"\u2018Categorizaci\u00f3n en Urgencia Hospitalaria\u2019 fue tema de monitores ciudadanos en salud"},"content":{"rendered":"<ul>\n<li><strong>\u201cInformar correctamente a nuestros usuarios, cu\u00e1ndo concurrir y c\u00f3mo usar los servicios disponibles, es fundamental para optimizar el uso de la red y mejorar la atenci\u00f3n de urgencia\u201d, opin\u00f3 Jaime N\u00fa\u00f1ez, Presidente del Consejo Local de Salud.<\/strong><\/li>\n<\/ul>\n<p>Luego que la Oficina Provincial de la Seremi y el Servicio de Salud Aconcagua realizar\u00e1n las jornadas de Escuelas Comunitarias, las m\u00e1s de 35 personas que participaron en los diferentes cursos dictados durante el mes de agosto, iniciaron los ex\u00e1menes para graduarse como monitores-ciudadanos, concordando en que Categorizaci\u00f3n y Red de Urgencias fue uno de los temas que m\u00e1s les interes\u00f3 para mejorar el uso de la red y los servicios que all\u00ed se entregan a la comunidad.<br \/>\nJaime N\u00fa\u00f1ez, presidente Consejo Local de Salud, se\u00f1al\u00f3 que \u00abnuestro grupo est\u00e1 dando su examen para graduarse en la Escuela Comunitaria de Salud. Para ello, hemos dado prueba y realizado ejercicios en los Centros de Salud Familiar San Felipe El Real, Segismundo Iturra, Hospital San Camilo y en el Centro Comunitario de Salud Familiar de Quebrada Herrera. Hoy hemos tocado el tema de Categorizaci\u00f3n y Red de Urgencias, lo que consiste b\u00e1sicamente en informar a los usuarios acerca de ello, entre otras cosas, cuando concurrir y c\u00f3mo usar correctamente los servicios disponibles. Si aprobamos tendremos que replicarlo en la comunidad, algo que es fundamental porque la gente desconoce una informaci\u00f3n que a todos nos favorecer\u00e1\u00bb.<br \/>\nAl respecto, Michelle Letelier, representante de la Pastoral de la Misericordia de San Felipe afirm\u00f3 que \u00abpertenecemos a la Escuela Comunitaria de Salud la que re\u00fane distintas instancias, entre ellos, los Consejos de Desarrollo Local, codelos, de todos los establecimientos de la red de salud y a la sociedad organizada para trabajar en integraci\u00f3n social. Esta vez, nos toc\u00f3 conocer sobre la Categorizaci\u00f3n de Urgencias y estamos dando una prueba con la idea que despu\u00e9s podamos divulgarlo entre las personas. Que ellas aprendan a utilizar los sistemas de urgencias hospitalaria y su categorizaci\u00f3n para no colapsarlos, ya que muchas personas asisten a estos servicios sin necesidad o dejando de ir a otros dispositivos disponibles, tales como, los dolores de cabeza y de est\u00f3mago los que por ejemplo se tratan en los Servicios de Atenci\u00f3n Primaria de Urgencia, SAPU, o en los Servicios de Urgencia Rural, SUR, o m\u00e1s adelante en los Servicios de Alta Resolutividad, SAR\u201d.<br \/>\n\u201cEn fin, una vez aprobado este examen tendremos que tratar de explicar a los usuarios acerca de la categorizaci\u00f3n C1 y C2, las que son urgencias propiamente tal, a diferencia de las C3, C4 y C5 que perfectamente se pueden atender, asistir en estos otros servicios de urgencia primaria se\u00f1alados. Con esto tambi\u00e9n buscamos mejorar la atenci\u00f3n del usuario. Hemos tenido una muy buena recepci\u00f3n del p\u00fablico usuario y estamos seguros que la comunidad tiene el mismo inter\u00e9s de informarse a trav\u00e9s de la intervenci\u00f3n que estamos haciendo. Al mismo tiempo esto nos ayudar\u00e1 a disminuir muchos reclamo por el sistema de categorizaci\u00f3n y a optimizar los recursos profesionales que disponen estos servicios de urgencia hospitalaria\u201d, concluy\u00f3 el representante de la Pastoral de la Misericordia de San Felipe.<br \/>\nFinalmente, David Mally, profesional supervisor de Intervenciones Comunitarias recalc\u00f3 que \u00abla actividad tiene que ver con difundir y socializar en los usuarios de los Centros de Salud Familiar, Cesfam, los temas de categorizaci\u00f3n y el buen uso de la red de urgencia, en el contexto que los miembros l\u00edderes y participantes de la Escuela Comunitaria de Salud 2016 generen, al menos, una actividad y una intervenci\u00f3n comunitaria que divulgue estos y otros contenidos relacionados y de inter\u00e9s para la comunidad del Valle de Aconcagua.\u00bb<\/p>\n<figure id=\"attachment_74723\" aria-describedby=\"caption-attachment-74723\" style=\"width: 530px\" class=\"wp-caption alignleft\"><a href=\"http:\/\/www.eltrabajo.cl\/portal\/categorizacion-en-urgencia-hospitalaria-fue-tema-de-monitores-ciudadanos-en-salud\/difusion-10\/\" rel=\"attachment wp-att-74723\"><img data-recalc-dims=\"1\" loading=\"lazy\" decoding=\"async\" class=\"size-full wp-image-74723\" src=\"https:\/\/i0.wp.com\/www.eltrabajo.cl\/portal\/wp-content\/uploads\/2016\/10\/difusion-10.jpg?resize=530%2C350\" alt=\"La Oficina Provincial de la Seremi y el Servicio de Salud Aconcagua realizaron jornadas de Escuelas Comunitarias, a m\u00e1s de 35 personas participantes en los diferentes cursos dictados durante el mes de agosto, ya iniciaron los ex\u00e1menes para graduarse como monitores-ciudadanos.\" width=\"530\" height=\"350\" srcset=\"https:\/\/i0.wp.com\/eltrabajo.cl\/portal\/wp-content\/uploads\/2016\/10\/difusion-10.jpg?w=530&amp;ssl=1 530w, https:\/\/i0.wp.com\/eltrabajo.cl\/portal\/wp-content\/uploads\/2016\/10\/difusion-10.jpg?resize=200%2C132&amp;ssl=1 200w, https:\/\/i0.wp.com\/eltrabajo.cl\/portal\/wp-content\/uploads\/2016\/10\/difusion-10.jpg?resize=300%2C198&amp;ssl=1 300w, https:\/\/i0.wp.com\/eltrabajo.cl\/portal\/wp-content\/uploads\/2016\/10\/difusion-10.jpg?resize=227%2C150&amp;ssl=1 227w, https:\/\/i0.wp.com\/eltrabajo.cl\/portal\/wp-content\/uploads\/2016\/10\/difusion-10.jpg?resize=400%2C264&amp;ssl=1 400w\" sizes=\"auto, (max-width: 530px) 100vw, 530px\" \/><\/a><figcaption id=\"caption-attachment-74723\" class=\"wp-caption-text\">La Oficina Provincial de la Seremi y el Servicio de Salud Aconcagua realizaron jornadas de Escuelas Comunitarias, a m\u00e1s de 35 personas participantes en los diferentes cursos dictados durante el mes de agosto, ya iniciaron los ex\u00e1menes para graduarse como monitores-ciudadanos.<\/figcaption><\/figure>\n","protected":false},"excerpt":{"rendered":"<p>\u201cInformar correctamente a nuestros usuarios, cu\u00e1ndo concurrir y c\u00f3mo usar los servicios disponibles, es fundamental para optimizar el uso de la red y mejorar la atenci\u00f3n de urgencia\u201d, opin\u00f3 Jaime N\u00fa\u00f1ez, Presidente&#8230;<\/p>\n","protected":false},"author":1,"featured_media":74723,"comment_status":"open","ping_status":"open","sticky":false,"template":"","format":"standard","meta":{"advanced_seo_description":"","jetpack_seo_html_title":"","jetpack_seo_noindex":false,"_jetpack_memberships_contains_paid_content":false,"footnotes":""},"categories":[1],"tags":[],"class_list":["post-74722","post","type-post","status-publish","format-standard","has-post-thumbnail","hentry","category-cronica"],"jetpack_featured_media_url":"https:\/\/i0.wp.com\/eltrabajo.cl\/portal\/wp-content\/uploads\/2016\/10\/difusion-10.jpg?fit=530%2C350&ssl=1","jetpack_sharing_enabled":true,"jetpack_likes_enabled":true,"jetpack-related-posts":[],"_links":{"self":[{"href":"https:\/\/eltrabajo.cl\/portal\/wp-json\/wp\/v2\/posts\/74722","targetHints":{"allow":["GET"]}}],"collection":[{"href":"https:\/\/eltrabajo.cl\/portal\/wp-json\/wp\/v2\/posts"}],"about":[{"href":"https:\/\/eltrabajo.cl\/portal\/wp-json\/wp\/v2\/types\/post"}],"author":[{"embeddable":true,"href":"https:\/\/eltrabajo.cl\/portal\/wp-json\/wp\/v2\/users\/1"}],"replies":[{"embeddable":true,"href":"https:\/\/eltrabajo.cl\/portal\/wp-json\/wp\/v2\/comments?post=74722"}],"version-history":[{"count":0,"href":"https:\/\/eltrabajo.cl\/portal\/wp-json\/wp\/v2\/posts\/74722\/revisions"}],"wp:featuredmedia":[{"embeddable":true,"href":"https:\/\/eltrabajo.cl\/portal\/wp-json\/wp\/v2\/media\/74723"}],"wp:attachment":[{"href":"https:\/\/eltrabajo.cl\/portal\/wp-json\/wp\/v2\/media?parent=74722"}],"wp:term":[{"taxonomy":"category","embeddable":true,"href":"https:\/\/eltrabajo.cl\/portal\/wp-json\/wp\/v2\/categories?post=74722"},{"taxonomy":"post_tag","embeddable":true,"href":"https:\/\/eltrabajo.cl\/portal\/wp-json\/wp\/v2\/tags?post=74722"}],"curies":[{"name":"wp","href":"https:\/\/api.w.org\/{rel}","templated":true}]}}