{"id":74726,"date":"2016-10-21T08:53:50","date_gmt":"2016-10-21T11:53:50","guid":{"rendered":"http:\/\/www.eltrabajo.cl\/portal\/?p=74726"},"modified":"2016-10-21T08:53:50","modified_gmt":"2016-10-21T11:53:50","slug":"paro-de-funcionarios-municipales-llego-a-un-90-en-el-valle-de-aconcagua","status":"publish","type":"post","link":"https:\/\/eltrabajo.cl\/portal\/paro-de-funcionarios-municipales-llego-a-un-90-en-el-valle-de-aconcagua\/","title":{"rendered":"Paro de Funcionarios Municipales lleg\u00f3 a un 90% en el Valle de Aconcagua"},"content":{"rendered":"<ul>\n<li><strong><span style=\"color: #ff0000;\">De las 10 comunas, s\u00f3lo Catemu no se sum\u00f3 a la paralizaci\u00f3n de sus trabajadores:\u00a0<\/span>Propuesta gubernamental de un 3% de reajuste salarial para el a\u00f1o 2017 fue considerada insuficiente por el la mesa directiva del sector p\u00fablico En la Provincia de San Felipe, el paro de otros servicios habr\u00eda llegado s\u00f3lo al 40%<\/strong><\/li>\n<\/ul>\n<p>Finalmente la Confederaci\u00f3n Nacional de Trabajadores Municipales, Asemuch, acogi\u00f3 el llamado de la mesa directiva del sector p\u00fablico y los distintos servicios municipales del Valle de Aconcagua, paralizaron todo tipo de funciones durante 48 horas (ayer y hoy), logrando una adhesi\u00f3n del 90% en las Provincias de San Felipe y Los Andes.<\/p>\n<figure id=\"attachment_74728\" aria-describedby=\"caption-attachment-74728\" style=\"width: 300px\" class=\"wp-caption alignleft\"><a href=\"http:\/\/www.eltrabajo.cl\/portal\/paro-de-funcionarios-municipales-llego-a-un-90-en-el-valle-de-aconcagua\/wladimir-tapia\/\" rel=\"attachment wp-att-74728\"><img data-recalc-dims=\"1\" loading=\"lazy\" decoding=\"async\" class=\"wp-image-74728 size-medium\" src=\"https:\/\/i0.wp.com\/www.eltrabajo.cl\/portal\/wp-content\/uploads\/2016\/10\/WLADIMIR-TAPIA-300x197.jpg?resize=300%2C197\" alt=\"Wladimir Tapia, presidente de Asemuch San Felipe.\" width=\"300\" height=\"197\" srcset=\"https:\/\/i0.wp.com\/eltrabajo.cl\/portal\/wp-content\/uploads\/2016\/10\/WLADIMIR-TAPIA.jpg?resize=300%2C197&amp;ssl=1 300w, https:\/\/i0.wp.com\/eltrabajo.cl\/portal\/wp-content\/uploads\/2016\/10\/WLADIMIR-TAPIA.jpg?resize=200%2C131&amp;ssl=1 200w, https:\/\/i0.wp.com\/eltrabajo.cl\/portal\/wp-content\/uploads\/2016\/10\/WLADIMIR-TAPIA.jpg?resize=228%2C150&amp;ssl=1 228w, https:\/\/i0.wp.com\/eltrabajo.cl\/portal\/wp-content\/uploads\/2016\/10\/WLADIMIR-TAPIA.jpg?resize=400%2C263&amp;ssl=1 400w, https:\/\/i0.wp.com\/eltrabajo.cl\/portal\/wp-content\/uploads\/2016\/10\/WLADIMIR-TAPIA.jpg?w=530&amp;ssl=1 530w\" sizes=\"auto, (max-width: 300px) 100vw, 300px\" \/><\/a><figcaption id=\"caption-attachment-74728\" class=\"wp-caption-text\">Wladimir Tapia, presidente de Asemuch San Felipe.<\/figcaption><\/figure>\n<p>Seg\u00fan relat\u00f3 Wladimir Tapia, presidente de Asemuch San Felipe, la municipalidad de Catemu fue la \u00fanica que no adhiri\u00f3 a la paralizaci\u00f3n, pero s\u00ed se ha mantenido movilizada, entendiendo que a trav\u00e9s de esta medida de presi\u00f3n se busca que el Gobierno de la presidenta Bachelet, realice una propuesta seria al reajuste salarial de los funcionarios municipales para el a\u00f1o 2017.<br \/>\n\u201cNo habiendo llegado a buen t\u00e9rmino las conversaciones que tuvo el Gobierno con el gremio el d\u00eda martes reci\u00e9n pasado, es que se decidi\u00f3 hacer presi\u00f3n en t\u00e9rminos de una paralizaci\u00f3n y en ese contexto la asamblea local acord\u00f3 ayer acoger el paro y sumarse a esta movilizaci\u00f3n\u201d, detall\u00f3 Tapia.<br \/>\nDel mismo modo, el dirigente puso sobre la mesa las cifras en base a las cuales se est\u00e1 discutiendo el reajuste salarial y puntualiz\u00f3 que \u201cel Gobierno inicialmente propuso un 2.9% de reajuste, en circunstancia que el IPC proyectado est\u00e1 por sobre el 3.2% y en ese contexto es que, de acuerdo con nuestra solicitud de reajuste que es el 7% nominal, se rechaza la primera presentaci\u00f3n del Gobierno, a partir de la cual realizamos una paralizaci\u00f3n de 24 horas hace un par de semanas atr\u00e1s y en esta nueva negociaci\u00f3n se esperaba que el Gobierno subiese su propuesta\u201d, precis\u00f3 Tapia, contando que aqu\u00e9lla propuesta gubernamental, llegaba s\u00f3lo al 3%.<br \/>\nRespecto de cu\u00e1l es la oferta que espera la mesa directiva del sector p\u00fablico, Tapia a\u00f1adi\u00f3 que \u201chay que se\u00f1alar que se baj\u00f3 nuestra pretensi\u00f3n de un 7.5 al 7%, indicando con esto al Gobierno que existe voluntad de negociar, la propuesta que hizo no satisface a los funcionarios p\u00fablicos (\u2026) queremos que el Gobierno llegue con una propuesta definida, eso es lo que estamos esperando, por eso definimos este paro de 48 horas, esperemos qu\u00e9 lo que plantea la mesa de Gobierno(hoy) y en ese contexto analizaremos las acciones a seguir\u201d, defini\u00f3 el gremialista.<br \/>\nJunto con lo anterior, Tapia expuso que el tema salarial no es lo \u00fanico que les preocupa, y que en el exclusivo \u00e1mbito municipal, existen otras tem\u00e1ticas pendientes con el Gobierno y que son de gran inter\u00e9s para los trabajadores.<br \/>\n\u201cLa Ley de Incentivo al retiro pronta, somos el \u00fanico servicio en Chile que no cuenta con ella; un incremento previsional, elemento postergado en una ley anterior y que el Gobierno se comprometi\u00f3 a realizar un proyecto de ley que d\u00e9 soluci\u00f3n a ese tema; adem\u00e1s, la actual ley 20.092, recientemente aprobada en el Congreso, donde se prometi\u00f3 universalidad de beneficios para todos los funcionarios municipales, pero una vez promulgada la ley nos dimos cuenta que hab\u00eda una gran cantidad funcionarios quedaba afuera, se nos prometi\u00f3 resolver aquello a trav\u00e9s de una ley corta y no se ha hecho; finalmente, esta paralizaci\u00f3n se debe tambi\u00e9n a un car\u00e1cter de vulnerabilidad de algunos funcionarios, de acuerdo a una ley de los PMG en que tambi\u00e9n estar\u00edan siendo perjudicados\u201d, describi\u00f3 el representante sanfelipe\u00f1o en la directiva nacional de Asemuch<\/p>\n<p><strong>OTROS SERVICIOS P\u00daBLICOS EN PARO<\/strong><br \/>\nDe acuerdo a una proyecci\u00f3n estimativa realizada por el gobernador de la Provincia de San Felipe, Eduardo Le\u00f3n, la paralizaci\u00f3n del sector p\u00fablico a nivel local fue s\u00f3lo parcial y no super\u00f3 el 40% adhesi\u00f3n, tomando en cuenta que, el servicio de Registro Civil, Junaeb y Junji, atendieron con normalidad, mientras que otro tipo de oficinas se sumaron a la movilizaci\u00f3n disponiendo de turnos \u00e9ticos para responder con atenciones programadas con antelaci\u00f3n.<\/p>\n<figure id=\"attachment_74727\" aria-describedby=\"caption-attachment-74727\" style=\"width: 530px\" class=\"wp-caption alignleft\"><a href=\"http:\/\/www.eltrabajo.cl\/portal\/paro-de-funcionarios-municipales-llego-a-un-90-en-el-valle-de-aconcagua\/foto-1-trabajadores-de-la-municipalidad\/\" rel=\"attachment wp-att-74727\"><img data-recalc-dims=\"1\" loading=\"lazy\" decoding=\"async\" class=\"size-full wp-image-74727\" src=\"https:\/\/i0.wp.com\/www.eltrabajo.cl\/portal\/wp-content\/uploads\/2016\/10\/FOTO-1-Trabajadores-de-la-Municipalidad.jpg?resize=530%2C350\" alt=\"Trabajadores de la Municipalidad de San Felipe extender\u00e1n paralizaci\u00f3n durante toda la jornada de hoy viernes.\" width=\"530\" height=\"350\" srcset=\"https:\/\/i0.wp.com\/eltrabajo.cl\/portal\/wp-content\/uploads\/2016\/10\/FOTO-1-Trabajadores-de-la-Municipalidad.jpg?w=530&amp;ssl=1 530w, https:\/\/i0.wp.com\/eltrabajo.cl\/portal\/wp-content\/uploads\/2016\/10\/FOTO-1-Trabajadores-de-la-Municipalidad.jpg?resize=200%2C132&amp;ssl=1 200w, https:\/\/i0.wp.com\/eltrabajo.cl\/portal\/wp-content\/uploads\/2016\/10\/FOTO-1-Trabajadores-de-la-Municipalidad.jpg?resize=300%2C198&amp;ssl=1 300w, https:\/\/i0.wp.com\/eltrabajo.cl\/portal\/wp-content\/uploads\/2016\/10\/FOTO-1-Trabajadores-de-la-Municipalidad.jpg?resize=227%2C150&amp;ssl=1 227w, https:\/\/i0.wp.com\/eltrabajo.cl\/portal\/wp-content\/uploads\/2016\/10\/FOTO-1-Trabajadores-de-la-Municipalidad.jpg?resize=400%2C264&amp;ssl=1 400w\" sizes=\"auto, (max-width: 530px) 100vw, 530px\" \/><\/a><figcaption id=\"caption-attachment-74727\" class=\"wp-caption-text\">Trabajadores de la Municipalidad de San Felipe extender\u00e1n paralizaci\u00f3n durante toda la jornada de hoy viernes.<\/figcaption><\/figure>\n","protected":false},"excerpt":{"rendered":"<p>De las 10 comunas, s\u00f3lo Catemu no se sum\u00f3 a la paralizaci\u00f3n de sus trabajadores:\u00a0Propuesta gubernamental de un 3% de reajuste salarial para el a\u00f1o 2017 fue considerada insuficiente por el la&#8230;<\/p>\n","protected":false},"author":1,"featured_media":74727,"comment_status":"open","ping_status":"open","sticky":false,"template":"","format":"standard","meta":{"advanced_seo_description":"","jetpack_seo_html_title":"","jetpack_seo_noindex":false,"_jetpack_memberships_contains_paid_content":false,"footnotes":""},"categories":[1],"tags":[],"class_list":["post-74726","post","type-post","status-publish","format-standard","has-post-thumbnail","hentry","category-cronica"],"jetpack_featured_media_url":"https:\/\/i0.wp.com\/eltrabajo.cl\/portal\/wp-content\/uploads\/2016\/10\/FOTO-1-Trabajadores-de-la-Municipalidad.jpg?fit=530%2C350&ssl=1","jetpack_sharing_enabled":true,"jetpack_likes_enabled":true,"jetpack-related-posts":[],"_links":{"self":[{"href":"https:\/\/eltrabajo.cl\/portal\/wp-json\/wp\/v2\/posts\/74726","targetHints":{"allow":["GET"]}}],"collection":[{"href":"https:\/\/eltrabajo.cl\/portal\/wp-json\/wp\/v2\/posts"}],"about":[{"href":"https:\/\/eltrabajo.cl\/portal\/wp-json\/wp\/v2\/types\/post"}],"author":[{"embeddable":true,"href":"https:\/\/eltrabajo.cl\/portal\/wp-json\/wp\/v2\/users\/1"}],"replies":[{"embeddable":true,"href":"https:\/\/eltrabajo.cl\/portal\/wp-json\/wp\/v2\/comments?post=74726"}],"version-history":[{"count":0,"href":"https:\/\/eltrabajo.cl\/portal\/wp-json\/wp\/v2\/posts\/74726\/revisions"}],"wp:featuredmedia":[{"embeddable":true,"href":"https:\/\/eltrabajo.cl\/portal\/wp-json\/wp\/v2\/media\/74727"}],"wp:attachment":[{"href":"https:\/\/eltrabajo.cl\/portal\/wp-json\/wp\/v2\/media?parent=74726"}],"wp:term":[{"taxonomy":"category","embeddable":true,"href":"https:\/\/eltrabajo.cl\/portal\/wp-json\/wp\/v2\/categories?post=74726"},{"taxonomy":"post_tag","embeddable":true,"href":"https:\/\/eltrabajo.cl\/portal\/wp-json\/wp\/v2\/tags?post=74726"}],"curies":[{"name":"wp","href":"https:\/\/api.w.org\/{rel}","templated":true}]}}