{"id":74754,"date":"2016-10-24T08:34:45","date_gmt":"2016-10-24T11:34:45","guid":{"rendered":"http:\/\/www.eltrabajo.cl\/portal\/?p=74754"},"modified":"2016-10-24T08:34:45","modified_gmt":"2016-10-24T11:34:45","slug":"con-doce-cuentos-llego-la-magia-al-teatro-municipal-de-san-felipe","status":"publish","type":"post","link":"https:\/\/eltrabajo.cl\/portal\/con-doce-cuentos-llego-la-magia-al-teatro-municipal-de-san-felipe\/","title":{"rendered":"Con doce cuentos lleg\u00f3 la magia al teatro municipal de San Felipe"},"content":{"rendered":"<ul>\n<li><strong>Cuenta cuentos aprenden m\u00e1s con Fundaci\u00f3n Mustakis:<\/strong><\/li>\n<\/ul>\n<p>Una agradable jornada de la escuela de cuentacuentos, es la que se realiz\u00f3 recientemente en el teatro municipal de San Felipe. Se trata de vecinos del Valle Aconcagua, quienes reciben en esta escuela una ense\u00f1anza te\u00f3rico-pr\u00e1ctica en el arte de contar cuentos, la que incluye clases presenciales, adem\u00e1s de presentaciones a p\u00fablico y pr\u00e1cticas sociales, que benefician a la comunidad.<br \/>\nEste es un espacio de encuentro y aprendizaje, en torno al arte de la narraci\u00f3n oral, utilizando como soporte el mundo de la literatura y la creatividad. Las clases del primer semestre de este a\u00f1o 2016, cuentan con dos niveles: B\u00e1sico y Avanzado. Los cursos son gratuitos con cupos limitados, para mayores de 18 a\u00f1os.<br \/>\nFueron once cuentos cortos, los que fueron relatados por las estudiantes y profesores de la escuela, al teatro municipal asistieron 50 estudiantes de la Escuela Jos\u00e9 de San Mart\u00edn.<br \/>\nEl accionar de este proyecto dio inicio el martes 1\u00ba de marzo, con la fase de postulaciones, pero sus clases el 28 de marzo. El Consejo Nacional de la Cultura y las Artes de Regi\u00f3n Valpara\u00edso, la Corporaci\u00f3n Municipal de la Cultura y las Artes de San Antonio; Fundaci\u00f3n Gabriel &amp; Mary Mustakis y el Departamento de Cultura de la Municipalidad de San Felipe, vienen trabajando en este proyecto, el que terminar\u00e1 a finales de este a\u00f1o.<br \/>\n<strong>Roberto Gonz\u00e1lez Short<\/strong><\/p>\n<figure id=\"attachment_74755\" aria-describedby=\"caption-attachment-74755\" style=\"width: 530px\" class=\"wp-caption alignleft\"><a href=\"http:\/\/www.eltrabajo.cl\/portal\/con-doce-cuentos-llego-la-magia-al-teatro-municipal-de-san-felipe\/cuentacuentos33\/\" rel=\"attachment wp-att-74755\"><img data-recalc-dims=\"1\" loading=\"lazy\" decoding=\"async\" class=\"size-full wp-image-74755\" src=\"https:\/\/i0.wp.com\/www.eltrabajo.cl\/portal\/wp-content\/uploads\/2016\/10\/Cuentacuentos33.jpg?resize=530%2C350\" alt=\"NUESTROS CUENTACUENTOS.- Los profesores de Fundaci\u00f3n Mustakis, junto a los Cuentacuentos aconcag\u00fcinos, posan alegres para las c\u00e1maras de Diario El Trabajo.\" width=\"530\" height=\"350\" srcset=\"https:\/\/i0.wp.com\/eltrabajo.cl\/portal\/wp-content\/uploads\/2016\/10\/Cuentacuentos33.jpg?w=530&amp;ssl=1 530w, https:\/\/i0.wp.com\/eltrabajo.cl\/portal\/wp-content\/uploads\/2016\/10\/Cuentacuentos33.jpg?resize=200%2C132&amp;ssl=1 200w, https:\/\/i0.wp.com\/eltrabajo.cl\/portal\/wp-content\/uploads\/2016\/10\/Cuentacuentos33.jpg?resize=300%2C198&amp;ssl=1 300w, https:\/\/i0.wp.com\/eltrabajo.cl\/portal\/wp-content\/uploads\/2016\/10\/Cuentacuentos33.jpg?resize=227%2C150&amp;ssl=1 227w, https:\/\/i0.wp.com\/eltrabajo.cl\/portal\/wp-content\/uploads\/2016\/10\/Cuentacuentos33.jpg?resize=400%2C264&amp;ssl=1 400w\" sizes=\"auto, (max-width: 530px) 100vw, 530px\" \/><\/a><figcaption id=\"caption-attachment-74755\" class=\"wp-caption-text\">NUESTROS CUENTACUENTOS.- Los profesores de Fundaci\u00f3n Mustakis, junto a los Cuentacuentos aconcag\u00fcinos, posan alegres para las c\u00e1maras de Diario El Trabajo.<\/figcaption><\/figure>\n<figure id=\"attachment_74756\" aria-describedby=\"caption-attachment-74756\" style=\"width: 530px\" class=\"wp-caption alignleft\"><a href=\"http:\/\/www.eltrabajo.cl\/portal\/con-doce-cuentos-llego-la-magia-al-teatro-municipal-de-san-felipe\/escolares33\/\" rel=\"attachment wp-att-74756\"><img data-recalc-dims=\"1\" loading=\"lazy\" decoding=\"async\" class=\"size-full wp-image-74756\" src=\"https:\/\/i0.wp.com\/www.eltrabajo.cl\/portal\/wp-content\/uploads\/2016\/10\/Escolares33.jpg?resize=530%2C349\" alt=\"PEQUES ENCANTADOS.- Fueron once cuentos cortos los que fueron relatados por las estudiantes y profesores de la escuela, al teatro municipal asistieron 50 estudiantes de la Escuela Jos\u00e9 de San Mart\u00edn.\" width=\"530\" height=\"349\" srcset=\"https:\/\/i0.wp.com\/eltrabajo.cl\/portal\/wp-content\/uploads\/2016\/10\/Escolares33.jpg?w=530&amp;ssl=1 530w, https:\/\/i0.wp.com\/eltrabajo.cl\/portal\/wp-content\/uploads\/2016\/10\/Escolares33.jpg?resize=200%2C132&amp;ssl=1 200w, https:\/\/i0.wp.com\/eltrabajo.cl\/portal\/wp-content\/uploads\/2016\/10\/Escolares33.jpg?resize=300%2C198&amp;ssl=1 300w, https:\/\/i0.wp.com\/eltrabajo.cl\/portal\/wp-content\/uploads\/2016\/10\/Escolares33.jpg?resize=228%2C150&amp;ssl=1 228w, https:\/\/i0.wp.com\/eltrabajo.cl\/portal\/wp-content\/uploads\/2016\/10\/Escolares33.jpg?resize=400%2C263&amp;ssl=1 400w\" sizes=\"auto, (max-width: 530px) 100vw, 530px\" \/><\/a><figcaption id=\"caption-attachment-74756\" class=\"wp-caption-text\">PEQUES ENCANTADOS.- Fueron once cuentos cortos los que fueron relatados por las estudiantes y profesores de la escuela, al teatro municipal asistieron 50 estudiantes de la Escuela Jos\u00e9 de San Mart\u00edn.<\/figcaption><\/figure>\n","protected":false},"excerpt":{"rendered":"<p>Cuenta cuentos aprenden m\u00e1s con Fundaci\u00f3n Mustakis: Una agradable jornada de la escuela de cuentacuentos, es la que se realiz\u00f3 recientemente en el teatro municipal de San Felipe. Se trata de vecinos&#8230;<\/p>\n","protected":false},"author":1,"featured_media":74756,"comment_status":"open","ping_status":"open","sticky":false,"template":"","format":"standard","meta":{"advanced_seo_description":"","jetpack_seo_html_title":"","jetpack_seo_noindex":false,"_jetpack_memberships_contains_paid_content":false,"footnotes":""},"categories":[20],"tags":[],"class_list":["post-74754","post","type-post","status-publish","format-standard","has-post-thumbnail","hentry","category-arte-y-cultura"],"jetpack_featured_media_url":"https:\/\/i0.wp.com\/eltrabajo.cl\/portal\/wp-content\/uploads\/2016\/10\/Escolares33.jpg?fit=530%2C349&ssl=1","jetpack_sharing_enabled":true,"jetpack_likes_enabled":true,"jetpack-related-posts":[],"_links":{"self":[{"href":"https:\/\/eltrabajo.cl\/portal\/wp-json\/wp\/v2\/posts\/74754","targetHints":{"allow":["GET"]}}],"collection":[{"href":"https:\/\/eltrabajo.cl\/portal\/wp-json\/wp\/v2\/posts"}],"about":[{"href":"https:\/\/eltrabajo.cl\/portal\/wp-json\/wp\/v2\/types\/post"}],"author":[{"embeddable":true,"href":"https:\/\/eltrabajo.cl\/portal\/wp-json\/wp\/v2\/users\/1"}],"replies":[{"embeddable":true,"href":"https:\/\/eltrabajo.cl\/portal\/wp-json\/wp\/v2\/comments?post=74754"}],"version-history":[{"count":0,"href":"https:\/\/eltrabajo.cl\/portal\/wp-json\/wp\/v2\/posts\/74754\/revisions"}],"wp:featuredmedia":[{"embeddable":true,"href":"https:\/\/eltrabajo.cl\/portal\/wp-json\/wp\/v2\/media\/74756"}],"wp:attachment":[{"href":"https:\/\/eltrabajo.cl\/portal\/wp-json\/wp\/v2\/media?parent=74754"}],"wp:term":[{"taxonomy":"category","embeddable":true,"href":"https:\/\/eltrabajo.cl\/portal\/wp-json\/wp\/v2\/categories?post=74754"},{"taxonomy":"post_tag","embeddable":true,"href":"https:\/\/eltrabajo.cl\/portal\/wp-json\/wp\/v2\/tags?post=74754"}],"curies":[{"name":"wp","href":"https:\/\/api.w.org\/{rel}","templated":true}]}}