{"id":74785,"date":"2016-10-25T08:27:35","date_gmt":"2016-10-25T11:27:35","guid":{"rendered":"http:\/\/www.eltrabajo.cl\/portal\/?p=74785"},"modified":"2016-10-25T08:27:35","modified_gmt":"2016-10-25T11:27:35","slug":"farmacia-popular-de-los-andes-ya-recibio-resolucion-para-su-funcionamiento","status":"publish","type":"post","link":"https:\/\/eltrabajo.cl\/portal\/farmacia-popular-de-los-andes-ya-recibio-resolucion-para-su-funcionamiento\/","title":{"rendered":"Farmacia Popular de Los Andes ya recibi\u00f3 resoluci\u00f3n para su funcionamiento"},"content":{"rendered":"<ul>\n<li><strong>Se est\u00e1n habilitando las nuevas dependencias para que los vecinos puedan solicitar remedios.<\/strong><\/li>\n<\/ul>\n<p><strong>LOS ANDES.-<\/strong> La farmacia popular de la comuna de Los Andes, ya recibi\u00f3 la resoluci\u00f3n sanitaria que le permite comenzar a funcionar de manera normal para que los vecinos puedan solicitar sus remedios.<br \/>\nAs\u00ed lo dio a conocer el concejal Miguel Henr\u00edquez Celed\u00f3n, quien manifest\u00f3 que est\u00e1n terminando los trabajados de habilitaci\u00f3n de esta farmacia con mobiliario completamente nuevo, as\u00ed como tambi\u00e9n salas climatizadas.<br \/>\n\u00abLas exigencias del Ministerio de Salud han sido bastante altas, pero las hemos cumplido de manera satisfactoria y por eso como municipio nos demoramos un poco en su implementaci\u00f3n, pero quiero remarcar que si bien este tr\u00e1mite se demor\u00f3, lo que se ha ganado es contar con una farmacia con niveles de infraestructura nunca antes visto en otra farmacia de Los Andes, ya que tenemos comedor, sector de refrigeraci\u00f3n de los remedios y todo tendiente a que funcione de manera \u00f3ptima para que beneficie a todos los andinos que se necesitan estos medicamentos a precios bajos\u00bb, explic\u00f3 el concejal.<br \/>\nA\u00f1adi\u00f3 que la farmacia cuenta con los m\u00e1s altos est\u00e1ndares de seguridad para la conservaci\u00f3n de los medicamentos y eso como municipio los tiene muy orgullosos.<br \/>\nEl concejal Henr\u00edquez, dijo que con esto se da tambi\u00e9n el primer paso a lo que ser\u00e1 la \u00ab\u00f3ptica popular que funcionar\u00e1n tambi\u00e9n en otras dependencias municipales\u00bb.<br \/>\nPrecis\u00f3 que a mediados de la pr\u00f3xima semana, podr\u00eda estar siendo inaugurada esta farmacia con la entrega de los primeros medicamentos, \u00abpor lo que hago un llamado para que los vecinos se acerquen a un costado de la municipalidad a hacer sus pedidos de remedios y puedan recibirlos a un costo menor\u00bb.<br \/>\nAsimismo, coment\u00f3 que la Municipalidad de Los Andes forma parte de la asociaci\u00f3n de municipios que cuentan con farmacia popular y ello les permite salir a buscar a otros pa\u00edses los remedios que no se encuentran disponibles en Chile.<\/p>\n<figure id=\"attachment_74786\" aria-describedby=\"caption-attachment-74786\" style=\"width: 530px\" class=\"wp-caption alignleft\"><a href=\"http:\/\/www.eltrabajo.cl\/portal\/farmacia-popular-de-los-andes-ya-recibio-resolucion-para-su-funcionamiento\/farmacia-nuevolocal1\/\" rel=\"attachment wp-att-74786\"><img data-recalc-dims=\"1\" loading=\"lazy\" decoding=\"async\" class=\"size-full wp-image-74786\" src=\"https:\/\/i0.wp.com\/www.eltrabajo.cl\/portal\/wp-content\/uploads\/2016\/10\/farmacia-nuevolocal1.jpg?resize=530%2C349\" alt=\"La farmacia popular de la comuna de Los Andes, ya recibi\u00f3 la resoluci\u00f3n sanitaria que le permite comenzar a funcionar de manera normal para que los vecinos puedan solicitar sus remedios.\" width=\"530\" height=\"349\" srcset=\"https:\/\/i0.wp.com\/eltrabajo.cl\/portal\/wp-content\/uploads\/2016\/10\/farmacia-nuevolocal1.jpg?w=530&amp;ssl=1 530w, https:\/\/i0.wp.com\/eltrabajo.cl\/portal\/wp-content\/uploads\/2016\/10\/farmacia-nuevolocal1.jpg?resize=200%2C132&amp;ssl=1 200w, https:\/\/i0.wp.com\/eltrabajo.cl\/portal\/wp-content\/uploads\/2016\/10\/farmacia-nuevolocal1.jpg?resize=300%2C198&amp;ssl=1 300w, https:\/\/i0.wp.com\/eltrabajo.cl\/portal\/wp-content\/uploads\/2016\/10\/farmacia-nuevolocal1.jpg?resize=228%2C150&amp;ssl=1 228w, https:\/\/i0.wp.com\/eltrabajo.cl\/portal\/wp-content\/uploads\/2016\/10\/farmacia-nuevolocal1.jpg?resize=400%2C263&amp;ssl=1 400w\" sizes=\"auto, (max-width: 530px) 100vw, 530px\" \/><\/a><figcaption id=\"caption-attachment-74786\" class=\"wp-caption-text\">La farmacia popular de la comuna de Los Andes, ya recibi\u00f3 la resoluci\u00f3n sanitaria que le permite comenzar a funcionar de manera normal para que los vecinos puedan solicitar sus remedios.<\/figcaption><\/figure>\n","protected":false},"excerpt":{"rendered":"<p>Se est\u00e1n habilitando las nuevas dependencias para que los vecinos puedan solicitar remedios. LOS ANDES.- La farmacia popular de la comuna de Los Andes, ya recibi\u00f3 la resoluci\u00f3n sanitaria que le permite&#8230;<\/p>\n","protected":false},"author":1,"featured_media":74786,"comment_status":"open","ping_status":"open","sticky":false,"template":"","format":"standard","meta":{"advanced_seo_description":"","jetpack_seo_html_title":"","jetpack_seo_noindex":false,"_jetpack_memberships_contains_paid_content":false,"footnotes":""},"categories":[1],"tags":[],"class_list":["post-74785","post","type-post","status-publish","format-standard","has-post-thumbnail","hentry","category-cronica"],"jetpack_featured_media_url":"https:\/\/i0.wp.com\/eltrabajo.cl\/portal\/wp-content\/uploads\/2016\/10\/farmacia-nuevolocal1.jpg?fit=530%2C349&ssl=1","jetpack_sharing_enabled":true,"jetpack_likes_enabled":true,"jetpack-related-posts":[],"_links":{"self":[{"href":"https:\/\/eltrabajo.cl\/portal\/wp-json\/wp\/v2\/posts\/74785","targetHints":{"allow":["GET"]}}],"collection":[{"href":"https:\/\/eltrabajo.cl\/portal\/wp-json\/wp\/v2\/posts"}],"about":[{"href":"https:\/\/eltrabajo.cl\/portal\/wp-json\/wp\/v2\/types\/post"}],"author":[{"embeddable":true,"href":"https:\/\/eltrabajo.cl\/portal\/wp-json\/wp\/v2\/users\/1"}],"replies":[{"embeddable":true,"href":"https:\/\/eltrabajo.cl\/portal\/wp-json\/wp\/v2\/comments?post=74785"}],"version-history":[{"count":0,"href":"https:\/\/eltrabajo.cl\/portal\/wp-json\/wp\/v2\/posts\/74785\/revisions"}],"wp:featuredmedia":[{"embeddable":true,"href":"https:\/\/eltrabajo.cl\/portal\/wp-json\/wp\/v2\/media\/74786"}],"wp:attachment":[{"href":"https:\/\/eltrabajo.cl\/portal\/wp-json\/wp\/v2\/media?parent=74785"}],"wp:term":[{"taxonomy":"category","embeddable":true,"href":"https:\/\/eltrabajo.cl\/portal\/wp-json\/wp\/v2\/categories?post=74785"},{"taxonomy":"post_tag","embeddable":true,"href":"https:\/\/eltrabajo.cl\/portal\/wp-json\/wp\/v2\/tags?post=74785"}],"curies":[{"name":"wp","href":"https:\/\/api.w.org\/{rel}","templated":true}]}}