{"id":74790,"date":"2016-10-25T08:30:13","date_gmt":"2016-10-25T11:30:13","guid":{"rendered":"http:\/\/www.eltrabajo.cl\/portal\/?p=74790"},"modified":"2016-10-25T08:30:13","modified_gmt":"2016-10-25T11:30:13","slug":"capacitan-en-computacion-a-40-profesores-y-directores-escolares","status":"publish","type":"post","link":"https:\/\/eltrabajo.cl\/portal\/capacitan-en-computacion-a-40-profesores-y-directores-escolares\/","title":{"rendered":"Capacitan en computaci\u00f3n a 40 profesores y directores escolares"},"content":{"rendered":"<ul>\n<li><strong>Escuela Carmela Carvajal de Prat:<\/strong><\/li>\n<\/ul>\n<p>Las cinco escuelas municipales del sector de Curim\u00f3n: San Rafael, Bucalemito, Tierras Blancas, Juan G\u00f3mez Milla y la Carmela Carvajal de Prat, se dieron cita en las dependencias de esta \u00faltima, durante cuatro sesiones de intensa pero productiva capacitaci\u00f3n en el uso de un \u00fatil programa de computaci\u00f3n, asociado al manejo de los laboratorios m\u00f3viles, donados anteriormente a estas escuelas por Fundaci\u00f3n Juan Lepe Flores.<br \/>\nEl mes de octubre, fue el mes escogido para desarrollar estas actividades, al que concurrieron m\u00e1s de 40 personas conformadas por profesores, t\u00e9cnicos en inform\u00e1tica y directores de las escuelas. Instancia que les permiti\u00f3 recibir, aplicar y compartir conocimiento en el \u00e1rea de computaci\u00f3n, fortaleciendo de esta forma su manejo en las Tics, en coherencia con las orientaciones del Ministerio de Educaci\u00f3n.<br \/>\n\u00abAhora las escuelas se encuentran en una segunda etapa de capacitaci\u00f3n que tiene que ver con la pr\u00e1ctica en terreno, en donde concurre un t\u00e9cnico de la misma entidad capacitadora y entrega in situ, inducci\u00f3n a los docentes en el uso con los alumnos tanto de los laboratorios m\u00f3viles como de los programas\u00bb, explic\u00f3 a Diario El Trabajo la directora de la Escuela Carmela Carvajal, Ana Mar\u00eda Donoso.<br \/>\nEsta experiencia ha sido altamente valorada por los docentes, ya que les permite estar mejor preparados y facilitan el control de aula en sus distintas actividades escolares en las que incluyen el uso de las Tics.<\/p>\n<p><strong>FUNDACI\u00d3N FINANCIA<\/strong><br \/>\nDonoso agreg\u00f3, que esta actividad si bien es cierto es financiada en su totalidad por Fundaci\u00f3n Juan Lepe Flores, ha sido organizada en su conjunto con el Daem de San Felipe, el t\u00e9cnico en inform\u00e1tica comunal y la fundaci\u00f3n, quienes en una reuni\u00f3n t\u00e9cnica, acordaron definir las orientaciones de esta etapa de donaci\u00f3n, \u00abpara nosotros como escuela, es muy grato tener la posibilidad primero, de tener esta capacitaci\u00f3n que viene a complementar un ciclo respecto a los carros tecnol\u00f3gicos donados anteriormente, la cual adem\u00e1s se ve fortalecido con las orientaciones que constantemente recibimos desde el Departamento de Inform\u00e1tica del Daem, respecto a brindar un buen servicio a trav\u00e9s de la tecnolog\u00eda, servicio que se extiende no solo a nuestros docentes, sino que a trav\u00e9s de ellos se traduce en un mejor servicio a todos los alumnos. Pero tambi\u00e9n para nosotros es grato abrir nuestras puertas para que colegas directores, docentes y t\u00e9cnicos puedan capacitarse en un grato ambiente de colaboraci\u00f3n, lo que da muestra del trabajo en red que estamos realizando entre directores y docentes de la comuna de San Felipe, de acuerdo a las orientaciones de la Municipalidad de San Felipe\u00bb, dijo Donoso Leiva.<br \/>\nRoberto Gonz\u00e1lez Short<\/p>\n<figure id=\"attachment_74791\" aria-describedby=\"caption-attachment-74791\" style=\"width: 530px\" class=\"wp-caption alignleft\"><a href=\"http:\/\/www.eltrabajo.cl\/portal\/capacitan-en-computacion-a-40-profesores-y-directores-escolares\/profes1-12\/\" rel=\"attachment wp-att-74791\"><img data-recalc-dims=\"1\" loading=\"lazy\" decoding=\"async\" class=\"size-full wp-image-74791\" src=\"https:\/\/i0.wp.com\/www.eltrabajo.cl\/portal\/wp-content\/uploads\/2016\/10\/Profes1.jpg?resize=530%2C349\" alt=\"ELLOS MEJORAN.- El mes de octubre fue el mes escogido para desarrollar estas actividades, al que concurrieron m\u00e1s de 40 personas conformadas por profesores, t\u00e9cnicos en inform\u00e1tica y directores de las escuelas.\" width=\"530\" height=\"349\" srcset=\"https:\/\/i0.wp.com\/eltrabajo.cl\/portal\/wp-content\/uploads\/2016\/10\/Profes1.jpg?w=530&amp;ssl=1 530w, https:\/\/i0.wp.com\/eltrabajo.cl\/portal\/wp-content\/uploads\/2016\/10\/Profes1.jpg?resize=200%2C132&amp;ssl=1 200w, https:\/\/i0.wp.com\/eltrabajo.cl\/portal\/wp-content\/uploads\/2016\/10\/Profes1.jpg?resize=300%2C198&amp;ssl=1 300w, https:\/\/i0.wp.com\/eltrabajo.cl\/portal\/wp-content\/uploads\/2016\/10\/Profes1.jpg?resize=228%2C150&amp;ssl=1 228w, https:\/\/i0.wp.com\/eltrabajo.cl\/portal\/wp-content\/uploads\/2016\/10\/Profes1.jpg?resize=400%2C263&amp;ssl=1 400w\" sizes=\"auto, (max-width: 530px) 100vw, 530px\" \/><\/a><figcaption id=\"caption-attachment-74791\" class=\"wp-caption-text\">ELLOS MEJORAN.- El mes de octubre fue el mes escogido para desarrollar estas actividades, al que concurrieron m\u00e1s de 40 personas conformadas por profesores, t\u00e9cnicos en inform\u00e1tica y directores de las escuelas.<\/figcaption><\/figure>\n<figure id=\"attachment_74792\" aria-describedby=\"caption-attachment-74792\" style=\"width: 530px\" class=\"wp-caption alignleft\"><a href=\"http:\/\/www.eltrabajo.cl\/portal\/capacitan-en-computacion-a-40-profesores-y-directores-escolares\/profes2-4\/\" rel=\"attachment wp-att-74792\"><img data-recalc-dims=\"1\" loading=\"lazy\" decoding=\"async\" class=\"size-full wp-image-74792\" src=\"https:\/\/i0.wp.com\/www.eltrabajo.cl\/portal\/wp-content\/uploads\/2016\/10\/Profes2.jpg?resize=530%2C349\" alt=\"ACTUALIZADOS.- Esta experiencia ha sido altamente valorada por los docentes, ya que les permite estar mejor preparados y facilitan el control de aula en sus distintas actividades escolares en las que incluyen el uso de las Tics.\" width=\"530\" height=\"349\" srcset=\"https:\/\/i0.wp.com\/eltrabajo.cl\/portal\/wp-content\/uploads\/2016\/10\/Profes2.jpg?w=530&amp;ssl=1 530w, https:\/\/i0.wp.com\/eltrabajo.cl\/portal\/wp-content\/uploads\/2016\/10\/Profes2.jpg?resize=200%2C132&amp;ssl=1 200w, https:\/\/i0.wp.com\/eltrabajo.cl\/portal\/wp-content\/uploads\/2016\/10\/Profes2.jpg?resize=300%2C198&amp;ssl=1 300w, https:\/\/i0.wp.com\/eltrabajo.cl\/portal\/wp-content\/uploads\/2016\/10\/Profes2.jpg?resize=228%2C150&amp;ssl=1 228w, https:\/\/i0.wp.com\/eltrabajo.cl\/portal\/wp-content\/uploads\/2016\/10\/Profes2.jpg?resize=400%2C263&amp;ssl=1 400w\" sizes=\"auto, (max-width: 530px) 100vw, 530px\" \/><\/a><figcaption id=\"caption-attachment-74792\" class=\"wp-caption-text\">ACTUALIZADOS.- Esta experiencia ha sido altamente valorada por los docentes, ya que les permite estar mejor preparados y facilitan el control de aula en sus distintas actividades escolares en las que incluyen el uso de las Tics.<\/figcaption><\/figure>\n","protected":false},"excerpt":{"rendered":"<p>Escuela Carmela Carvajal de Prat: Las cinco escuelas municipales del sector de Curim\u00f3n: San Rafael, Bucalemito, Tierras Blancas, Juan G\u00f3mez Milla y la Carmela Carvajal de Prat, se dieron cita en las&#8230;<\/p>\n","protected":false},"author":1,"featured_media":74792,"comment_status":"open","ping_status":"open","sticky":false,"template":"","format":"standard","meta":{"advanced_seo_description":"","jetpack_seo_html_title":"","jetpack_seo_noindex":false,"_jetpack_memberships_contains_paid_content":false,"footnotes":""},"categories":[1],"tags":[],"class_list":["post-74790","post","type-post","status-publish","format-standard","has-post-thumbnail","hentry","category-cronica"],"jetpack_featured_media_url":"https:\/\/i0.wp.com\/eltrabajo.cl\/portal\/wp-content\/uploads\/2016\/10\/Profes2.jpg?fit=530%2C349&ssl=1","jetpack_sharing_enabled":true,"jetpack_likes_enabled":true,"jetpack-related-posts":[],"_links":{"self":[{"href":"https:\/\/eltrabajo.cl\/portal\/wp-json\/wp\/v2\/posts\/74790","targetHints":{"allow":["GET"]}}],"collection":[{"href":"https:\/\/eltrabajo.cl\/portal\/wp-json\/wp\/v2\/posts"}],"about":[{"href":"https:\/\/eltrabajo.cl\/portal\/wp-json\/wp\/v2\/types\/post"}],"author":[{"embeddable":true,"href":"https:\/\/eltrabajo.cl\/portal\/wp-json\/wp\/v2\/users\/1"}],"replies":[{"embeddable":true,"href":"https:\/\/eltrabajo.cl\/portal\/wp-json\/wp\/v2\/comments?post=74790"}],"version-history":[{"count":0,"href":"https:\/\/eltrabajo.cl\/portal\/wp-json\/wp\/v2\/posts\/74790\/revisions"}],"wp:featuredmedia":[{"embeddable":true,"href":"https:\/\/eltrabajo.cl\/portal\/wp-json\/wp\/v2\/media\/74792"}],"wp:attachment":[{"href":"https:\/\/eltrabajo.cl\/portal\/wp-json\/wp\/v2\/media?parent=74790"}],"wp:term":[{"taxonomy":"category","embeddable":true,"href":"https:\/\/eltrabajo.cl\/portal\/wp-json\/wp\/v2\/categories?post=74790"},{"taxonomy":"post_tag","embeddable":true,"href":"https:\/\/eltrabajo.cl\/portal\/wp-json\/wp\/v2\/tags?post=74790"}],"curies":[{"name":"wp","href":"https:\/\/api.w.org\/{rel}","templated":true}]}}