{"id":74795,"date":"2016-10-25T08:33:26","date_gmt":"2016-10-25T11:33:26","guid":{"rendered":"http:\/\/www.eltrabajo.cl\/portal\/?p=74795"},"modified":"2016-10-25T08:33:26","modified_gmt":"2016-10-25T11:33:26","slug":"dan-ultimo-adios-a-carmencita-fundadora-y-delegada-codelo-philippe-pinel","status":"publish","type":"post","link":"https:\/\/eltrabajo.cl\/portal\/dan-ultimo-adios-a-carmencita-fundadora-y-delegada-codelo-philippe-pinel\/","title":{"rendered":"Dan \u00faltimo adi\u00f3s a \u2018Carmencita\u2019, fundadora y delegada Codelo Philippe Pinel"},"content":{"rendered":"<ul>\n<li><strong>Emotivo homenaje de Hospital Psiqui\u00e1trico de Putaendo: Toda la comunidad hospitalaria, rindi\u00f3 un sentido homenaje a la \u2018Carmencita\u2019, como se le conoci\u00f3 por largos a\u00f1os en Putaendo.<\/strong><\/li>\n<\/ul>\n<p><strong>PUTAENDO.-<\/strong> Carmen Espinoza Mu\u00f1oz, fue una integrante de la comunidad Putaendina, muy querida por cada persona que la conoci\u00f3 y en especial por los funcionarios del Hospital Psiqui\u00e1trico Dr. Philippe Pinel, ya que desde que fuera designada como Notario P\u00fablico en la comuna de Putaendo, supo de la existencia del establecimiento de Salud Mental y comenz\u00f3 a desarrollar un entra\u00f1able y profundo afecto por los usuarios que se encontraban internados en el recinto.<br \/>\nCon el paso de los a\u00f1os, seg\u00fan ella misma relataba cada vez que ten\u00eda la oportunidad se daba un tiempo para pasar con los usuarios y conocer de sus historias de vida y as\u00ed crecer y aprender de ellos humanamente hablando.<br \/>\nEs digno de destacar que en su larga trayectoria, Carmen Espinoza, fue una activa participante de la comunidad en el mismo Hospital, formando parte de un grupo de personas, quienes junto a los directivos del Hospital a comienzos de la d\u00e9cada del 2000, dieron vida al Consejo de Desarrollo Local del establecimiento, instancia que tiene por finalidad \u00faltima, ser el nexo oficial entre el Hospital y los habitantes de Putaendo y el Valle de Aconcagua.<br \/>\nUn hecho muy destacable en su vasta trayectoria se manifest\u00f3 justamente cuando se vivieron tiempos dif\u00edciles en la comuna, producto de que a nivel ministerial se decidiera la creaci\u00f3n de la Unidad de Alta Complejidad Forense, siendo Carmencita una de las voces m\u00e1s decididas y fuertes para defender con visi\u00f3n de futuro el avance y desarrollo del mencionado servicio, que a la fecha ha permitido que el Hospital Psiqui\u00e1trico sea reconocido y validado como referente regional y nacional en materia forense propiamente tal, sumado a los servicios de psiquiatr\u00eda general.<br \/>\nOtro rol que desempa\u00f1o con particular inter\u00e9s, fue el de integrante del Comit\u00e9 de \u00c9tica Asistencial del Hospital, por medio del cual pudo desarrollar y aportar mucho desde el \u00e1mbito jur\u00eddico en donde ten\u00eda una gran experiencia.<br \/>\nDurante el pasado fin de semana, se realizaron los funerales de la querida Carmencita, hecho que representa un profundo pesar para la comunidad Hospitalaria del centro de salud mental, toda vez que en ella se ve\u00eda representado fielmente el m\u00e1s claro rol que un representante de la instituci\u00f3n debe desempa\u00f1ar para impulsar el progreso de la salud p\u00fablica del pa\u00eds.<br \/>\nLa Direcci\u00f3n del establecimiento, en nombre de la Direcci\u00f3n de Servicio de Salud, de la comunidad hospitalaria, de los jefes de servicio y unidad, de los representantes gremiales y de los usuarios del Philippe Pinel, entregaron las condolencias a la familia reafirmando que el recuerdo de Carmen Espinoza Mu\u00f1oz permanecer\u00e1 vivo por siempre en el coraz\u00f3n de la instituci\u00f3n.<\/p>\n<figure id=\"attachment_74796\" aria-describedby=\"caption-attachment-74796\" style=\"width: 530px\" class=\"wp-caption alignleft\"><a href=\"http:\/\/www.eltrabajo.cl\/portal\/dan-ultimo-adios-a-carmencita-fundadora-y-delegada-codelo-philippe-pinel\/psiquiatrico-3\/\" rel=\"attachment wp-att-74796\"><img data-recalc-dims=\"1\" loading=\"lazy\" decoding=\"async\" class=\"size-full wp-image-74796\" src=\"https:\/\/i0.wp.com\/www.eltrabajo.cl\/portal\/wp-content\/uploads\/2016\/10\/PSIQUIATRICO-1.jpg?resize=530%2C349\" alt=\"Espinoza Mu\u00f1oz, fue una integrante de la comunidad Putaendina, muy querida por cada persona que la conoci\u00f3 y en especial por los funcionarios del Hospital Psiqui\u00e1trico Dr. Philippe Pinel.\" width=\"530\" height=\"349\" srcset=\"https:\/\/i0.wp.com\/eltrabajo.cl\/portal\/wp-content\/uploads\/2016\/10\/PSIQUIATRICO-1.jpg?w=530&amp;ssl=1 530w, https:\/\/i0.wp.com\/eltrabajo.cl\/portal\/wp-content\/uploads\/2016\/10\/PSIQUIATRICO-1.jpg?resize=200%2C132&amp;ssl=1 200w, https:\/\/i0.wp.com\/eltrabajo.cl\/portal\/wp-content\/uploads\/2016\/10\/PSIQUIATRICO-1.jpg?resize=300%2C198&amp;ssl=1 300w, https:\/\/i0.wp.com\/eltrabajo.cl\/portal\/wp-content\/uploads\/2016\/10\/PSIQUIATRICO-1.jpg?resize=228%2C150&amp;ssl=1 228w, https:\/\/i0.wp.com\/eltrabajo.cl\/portal\/wp-content\/uploads\/2016\/10\/PSIQUIATRICO-1.jpg?resize=400%2C263&amp;ssl=1 400w\" sizes=\"auto, (max-width: 530px) 100vw, 530px\" \/><\/a><figcaption id=\"caption-attachment-74796\" class=\"wp-caption-text\">Espinoza Mu\u00f1oz, fue una integrante de la comunidad Putaendina, muy querida por cada persona que la conoci\u00f3 y en especial por los funcionarios del Hospital Psiqui\u00e1trico Dr. Philippe Pinel.<\/figcaption><\/figure>\n","protected":false},"excerpt":{"rendered":"<p>Emotivo homenaje de Hospital Psiqui\u00e1trico de Putaendo: Toda la comunidad hospitalaria, rindi\u00f3 un sentido homenaje a la \u2018Carmencita\u2019, como se le conoci\u00f3 por largos a\u00f1os en Putaendo. PUTAENDO.- Carmen Espinoza Mu\u00f1oz, fue&#8230;<\/p>\n","protected":false},"author":1,"featured_media":74796,"comment_status":"open","ping_status":"open","sticky":false,"template":"","format":"standard","meta":{"advanced_seo_description":"","jetpack_seo_html_title":"","jetpack_seo_noindex":false,"_jetpack_memberships_contains_paid_content":false,"footnotes":""},"categories":[15],"tags":[],"class_list":["post-74795","post","type-post","status-publish","format-standard","has-post-thumbnail","hentry","category-comunidad"],"jetpack_featured_media_url":"https:\/\/i0.wp.com\/eltrabajo.cl\/portal\/wp-content\/uploads\/2016\/10\/PSIQUIATRICO-1.jpg?fit=530%2C349&ssl=1","jetpack_sharing_enabled":true,"jetpack_likes_enabled":true,"jetpack-related-posts":[],"_links":{"self":[{"href":"https:\/\/eltrabajo.cl\/portal\/wp-json\/wp\/v2\/posts\/74795","targetHints":{"allow":["GET"]}}],"collection":[{"href":"https:\/\/eltrabajo.cl\/portal\/wp-json\/wp\/v2\/posts"}],"about":[{"href":"https:\/\/eltrabajo.cl\/portal\/wp-json\/wp\/v2\/types\/post"}],"author":[{"embeddable":true,"href":"https:\/\/eltrabajo.cl\/portal\/wp-json\/wp\/v2\/users\/1"}],"replies":[{"embeddable":true,"href":"https:\/\/eltrabajo.cl\/portal\/wp-json\/wp\/v2\/comments?post=74795"}],"version-history":[{"count":0,"href":"https:\/\/eltrabajo.cl\/portal\/wp-json\/wp\/v2\/posts\/74795\/revisions"}],"wp:featuredmedia":[{"embeddable":true,"href":"https:\/\/eltrabajo.cl\/portal\/wp-json\/wp\/v2\/media\/74796"}],"wp:attachment":[{"href":"https:\/\/eltrabajo.cl\/portal\/wp-json\/wp\/v2\/media?parent=74795"}],"wp:term":[{"taxonomy":"category","embeddable":true,"href":"https:\/\/eltrabajo.cl\/portal\/wp-json\/wp\/v2\/categories?post=74795"},{"taxonomy":"post_tag","embeddable":true,"href":"https:\/\/eltrabajo.cl\/portal\/wp-json\/wp\/v2\/tags?post=74795"}],"curies":[{"name":"wp","href":"https:\/\/api.w.org\/{rel}","templated":true}]}}