{"id":74821,"date":"2016-10-26T08:57:29","date_gmt":"2016-10-26T11:57:29","guid":{"rendered":"http:\/\/www.eltrabajo.cl\/portal\/?p=74821"},"modified":"2016-10-26T08:57:29","modified_gmt":"2016-10-26T11:57:29","slug":"presupuesto-municipal-2017-sera-primera-gran-tarea-del-nuevo-concejo-municipal","status":"publish","type":"post","link":"https:\/\/eltrabajo.cl\/portal\/presupuesto-municipal-2017-sera-primera-gran-tarea-del-nuevo-concejo-municipal\/","title":{"rendered":"Presupuesto municipal 2017 ser\u00e1 primera gran tarea del nuevo Concejo Municipal"},"content":{"rendered":"<ul>\n<li><strong><span style=\"color: #ff0000;\">Ediles electos tendr\u00e1n que asumir responsabilidad de dar el visto bueno a recursos del pr\u00f3ximo a\u00f1o:\u00a0<\/span>Director jur\u00eddico de la Municipalidad de San Felipe, aprovech\u00f3 de desmentir supuestas irregularidades en el pago de imposiciones en sector Educaci\u00f3n.<\/strong><\/li>\n<\/ul>\n<figure id=\"attachment_74822\" aria-describedby=\"caption-attachment-74822\" style=\"width: 300px\" class=\"wp-caption alignleft\"><a href=\"http:\/\/www.eltrabajo.cl\/portal\/presupuesto-municipal-2017-sera-primera-gran-tarea-del-nuevo-concejo-municipal\/jorge-jara-catalan-3\/\" rel=\"attachment wp-att-74822\"><img data-recalc-dims=\"1\" loading=\"lazy\" decoding=\"async\" class=\"size-medium wp-image-74822\" src=\"https:\/\/i0.wp.com\/www.eltrabajo.cl\/portal\/wp-content\/uploads\/2016\/10\/JORGE-JARA-CATALAN-1-300x197.jpg?resize=300%2C197\" alt=\"Jorge Jara Catal\u00e1n, director del Departamento Jur\u00eddico de la Municipalidad de San Felipe.\" width=\"300\" height=\"197\" srcset=\"https:\/\/i0.wp.com\/eltrabajo.cl\/portal\/wp-content\/uploads\/2016\/10\/JORGE-JARA-CATALAN-1.jpg?resize=300%2C197&amp;ssl=1 300w, https:\/\/i0.wp.com\/eltrabajo.cl\/portal\/wp-content\/uploads\/2016\/10\/JORGE-JARA-CATALAN-1.jpg?resize=200%2C131&amp;ssl=1 200w, https:\/\/i0.wp.com\/eltrabajo.cl\/portal\/wp-content\/uploads\/2016\/10\/JORGE-JARA-CATALAN-1.jpg?resize=228%2C150&amp;ssl=1 228w, https:\/\/i0.wp.com\/eltrabajo.cl\/portal\/wp-content\/uploads\/2016\/10\/JORGE-JARA-CATALAN-1.jpg?resize=400%2C263&amp;ssl=1 400w, https:\/\/i0.wp.com\/eltrabajo.cl\/portal\/wp-content\/uploads\/2016\/10\/JORGE-JARA-CATALAN-1.jpg?w=530&amp;ssl=1 530w\" sizes=\"auto, (max-width: 300px) 100vw, 300px\" \/><\/a><figcaption id=\"caption-attachment-74822\" class=\"wp-caption-text\">Jorge Jara Catal\u00e1n, director del Departamento Jur\u00eddico de la Municipalidad de San Felipe.<\/figcaption><\/figure>\n<p>El jefe del Departamento Jur\u00eddico de la Municipalidad de San Felipe, Jorge Jara Catal\u00e1n, aclar\u00f3 cu\u00e1l es el proceso que sigue durante los pr\u00f3ximos d\u00edas para la administraci\u00f3n municipal de Patricio Freire (quien retom\u00f3 su puesto en la alcald\u00eda ayer martes) y el actual Concejo Municipal, el cual, debe cumplir con sus funciones normales hasta el pr\u00f3ximo 6 de diciembre, cuando los 5 nuevos concejales, asuman sus respectivos cargos.<br \/>\nDe acuerdo a lo informado por Jara, aunque Freire haya sido reelecto, se debe cumplir con un protocolo de entrega y recepci\u00f3n de mando, lo cual, implica dar cuenta de un informe actualizado del estado financiero, jur\u00eddico y administrativo del municipio, exigencias derivadas de la ley 18.675 y solicitada por la Contralor\u00eda General de la Rep\u00fablica, para comenzar conforme a la normativa, un nuevo per\u00edodo de gobierno comunal.<br \/>\nPor lo pronto, el abogado asegur\u00f3 que el actual Concejo Municipal debe seguir trabajando, sesiones que ya est\u00e1n fijadas y que tendr\u00e1n una tem\u00e1tica central. \u201cUno de los puntos m\u00e1s relevantes que yo mencionar\u00eda, es que, como ya se produjo la entrega del presupuesto de gesti\u00f3n del a\u00f1o 2017, ese presupuesto va a ser aprobado por el nuevo Concejo, aunque el actual, tiene facultades para aprobarlo, se ha resuelto por ellos mismos, entregar todos los antecedentes para esta decisi\u00f3n que es muy gravitante, a la nueva administraci\u00f3n, de tal manera, que con fecha l\u00edmite del 15 de diciembre, se podr\u00e1 aprobar la propuesta de presupuesto para el pr\u00f3ximo a\u00f1o\u201d, puntualiz\u00f3 el abogado, quien adem\u00e1s apunt\u00f3 que otros instrumentos de planificaci\u00f3n comunal, como el Padem, Salud, Educaci\u00f3n, etc. quedar\u00e1n sujetos a la aprobaci\u00f3n de la nueva testera comunal.<br \/>\nCon el af\u00e1n de cumplir con los plazos estipulados por la legislaci\u00f3n y llegar al d\u00eda 15 de diciembre sin ning\u00fan tipo de inconveniente en torno a la aprobaci\u00f3n del presupuesto 2017, es probable que, el alcalde sanfelipe\u00f1o, Patricio Freire, junto a su equipo, comiencen a sostener reuniones informales con los concejales electos para que ellos tomen conocimiento de la propuesta y puedan realizar sus observaciones previo a la aprobaci\u00f3n de este informe.<\/p>\n<p><strong>DESMENTIDO<\/strong><br \/>\nEn cuanto a una nota publicada en un medio electr\u00f3nico aconcag\u00fcino, en la cual se afirmaba que la Contralor\u00eda habr\u00eda emitido un informe en donde se da a conocer que la Municipalidad de San Felipe, no habr\u00eda cumplido con los pagos previsionales de profesionales y funcionarios de la educaci\u00f3n municipal sanfelipe\u00f1a, Jara desminti\u00f3 esta situaci\u00f3n y advirti\u00f3 que est\u00e1n analizando las acciones legales que se tomar\u00e1n en torno a una mal intencionada jugada realizada con fines electorales.<br \/>\n\u201cEstamos estudiando las consecuencias jur\u00eddicas de la entrega tergiversada de una informaci\u00f3n que tuvo una clara intencionalidad. Efectivamente la Municipalidad fue objeto de una auditor\u00eda especial, que es una investigaci\u00f3n que se realiz\u00f3 en los meses de mayo-junio y que termin\u00f3 con una serie de observaciones que fueron desvirtuadas y respecto de las cuales quedaron s\u00f3lo algunas observaciones menores de cumplimiento de algunas tareas espec\u00edficas desde el punto de vista formal\u201d, explic\u00f3 Jara.<br \/>\nRespecto del supuesto incumplimiento en el pago de cotizaciones en el que habr\u00eda derivado esta mala utilizaci\u00f3n de recursos, el abogado argument\u00f3 que \u201cefectivamente el a\u00f1o 2015, el municipio por una raz\u00f3n de fuerza mayor y de recepci\u00f3n tard\u00eda de recursos del Ministerio de Educaci\u00f3n a nivel central, que estaban destinados al pago de imposiciones, se gener\u00f3 un atraso de varios meses en las imposiciones de los profesores dependientes de la municipalidad, pero esa situaci\u00f3n se corrigi\u00f3 r\u00e1pidamente, se pag\u00f3 y se inform\u00f3 y la Contralor\u00eda nos llam\u00f3 la atenci\u00f3n en orden que deb\u00edamos hacer todo los esfuerzos posibles para no atrasarnos en el pago de imposiciones\u201d, detall\u00f3 Jara, aclarando adem\u00e1s que esa situaci\u00f3n est\u00e1 completamente resuelta y que todas las obligaciones econ\u00f3micas con docentes, funcionarios municipales y asistentes de la educaci\u00f3n se encuentran al d\u00eda.<\/p>\n","protected":false},"excerpt":{"rendered":"<p>Ediles electos tendr\u00e1n que asumir responsabilidad de dar el visto bueno a recursos del pr\u00f3ximo a\u00f1o:\u00a0Director jur\u00eddico de la Municipalidad de San Felipe, aprovech\u00f3 de desmentir supuestas irregularidades en el pago de&#8230;<\/p>\n","protected":false},"author":1,"featured_media":74822,"comment_status":"open","ping_status":"open","sticky":false,"template":"","format":"standard","meta":{"advanced_seo_description":"","jetpack_seo_html_title":"","jetpack_seo_noindex":false,"_jetpack_memberships_contains_paid_content":false,"footnotes":""},"categories":[1],"tags":[],"class_list":["post-74821","post","type-post","status-publish","format-standard","has-post-thumbnail","hentry","category-cronica"],"jetpack_featured_media_url":"https:\/\/i0.wp.com\/eltrabajo.cl\/portal\/wp-content\/uploads\/2016\/10\/JORGE-JARA-CATALAN-1.jpg?fit=530%2C348&ssl=1","jetpack_sharing_enabled":true,"jetpack_likes_enabled":true,"jetpack-related-posts":[],"_links":{"self":[{"href":"https:\/\/eltrabajo.cl\/portal\/wp-json\/wp\/v2\/posts\/74821","targetHints":{"allow":["GET"]}}],"collection":[{"href":"https:\/\/eltrabajo.cl\/portal\/wp-json\/wp\/v2\/posts"}],"about":[{"href":"https:\/\/eltrabajo.cl\/portal\/wp-json\/wp\/v2\/types\/post"}],"author":[{"embeddable":true,"href":"https:\/\/eltrabajo.cl\/portal\/wp-json\/wp\/v2\/users\/1"}],"replies":[{"embeddable":true,"href":"https:\/\/eltrabajo.cl\/portal\/wp-json\/wp\/v2\/comments?post=74821"}],"version-history":[{"count":0,"href":"https:\/\/eltrabajo.cl\/portal\/wp-json\/wp\/v2\/posts\/74821\/revisions"}],"wp:featuredmedia":[{"embeddable":true,"href":"https:\/\/eltrabajo.cl\/portal\/wp-json\/wp\/v2\/media\/74822"}],"wp:attachment":[{"href":"https:\/\/eltrabajo.cl\/portal\/wp-json\/wp\/v2\/media?parent=74821"}],"wp:term":[{"taxonomy":"category","embeddable":true,"href":"https:\/\/eltrabajo.cl\/portal\/wp-json\/wp\/v2\/categories?post=74821"},{"taxonomy":"post_tag","embeddable":true,"href":"https:\/\/eltrabajo.cl\/portal\/wp-json\/wp\/v2\/tags?post=74821"}],"curies":[{"name":"wp","href":"https:\/\/api.w.org\/{rel}","templated":true}]}}