{"id":74825,"date":"2016-10-26T08:59:43","date_gmt":"2016-10-26T11:59:43","guid":{"rendered":"http:\/\/www.eltrabajo.cl\/portal\/?p=74825"},"modified":"2016-10-26T08:59:43","modified_gmt":"2016-10-26T11:59:43","slug":"profesores-se-unen-al-paro-nacional-de-72-horas-de-empleados-publicos","status":"publish","type":"post","link":"https:\/\/eltrabajo.cl\/portal\/profesores-se-unen-al-paro-nacional-de-72-horas-de-empleados-publicos\/","title":{"rendered":"Profesores se unen al paro nacional de 72 horas de empleados p\u00fablicos"},"content":{"rendered":"<ul>\n<li><strong><span style=\"color: #ff0000;\">Hoy mi\u00e9rcoles a contar de las 10 de la ma\u00f1ana:<\/span>\u00a0Algunos colegios no tendr\u00e1n clases.<\/strong><\/li>\n<\/ul>\n<p><strong>LOS ANDES.-<\/strong> El Colegio de Profesores de Los Andes, se plegar\u00e1 la paro nacional de 72 horas convocado por los empleados p\u00fablicos luego que se quebrara la mesa negociadora con el gobierno.<br \/>\nEl gobierno estaba ofreciendo un 3,2%, con un aumento para los sueldos m\u00e1s bajos de 6% y un bono de vacaciones de $73.500, adem\u00e1s de un bono de t\u00e9rmino de conflicto de $75.500, pero los trabajadores solicitan un 7% de reajuste.<\/p>\n<figure id=\"attachment_74826\" aria-describedby=\"caption-attachment-74826\" style=\"width: 300px\" class=\"wp-caption alignleft\"><a href=\"http:\/\/www.eltrabajo.cl\/portal\/profesores-se-unen-al-paro-nacional-de-72-horas-de-empleados-publicos\/alexis-cuevas-3\/\" rel=\"attachment wp-att-74826\"><img data-recalc-dims=\"1\" loading=\"lazy\" decoding=\"async\" class=\"size-medium wp-image-74826\" src=\"https:\/\/i0.wp.com\/www.eltrabajo.cl\/portal\/wp-content\/uploads\/2016\/10\/ALEXIS-CUEVAS-300x198.jpg?resize=300%2C198\" alt=\"Alexis Cuevas, Presidente Provincial del Colegio de Profesores.\" width=\"300\" height=\"198\" srcset=\"https:\/\/i0.wp.com\/eltrabajo.cl\/portal\/wp-content\/uploads\/2016\/10\/ALEXIS-CUEVAS.jpg?resize=300%2C198&amp;ssl=1 300w, https:\/\/i0.wp.com\/eltrabajo.cl\/portal\/wp-content\/uploads\/2016\/10\/ALEXIS-CUEVAS.jpg?resize=200%2C132&amp;ssl=1 200w, https:\/\/i0.wp.com\/eltrabajo.cl\/portal\/wp-content\/uploads\/2016\/10\/ALEXIS-CUEVAS.jpg?resize=227%2C150&amp;ssl=1 227w, https:\/\/i0.wp.com\/eltrabajo.cl\/portal\/wp-content\/uploads\/2016\/10\/ALEXIS-CUEVAS.jpg?resize=400%2C264&amp;ssl=1 400w, https:\/\/i0.wp.com\/eltrabajo.cl\/portal\/wp-content\/uploads\/2016\/10\/ALEXIS-CUEVAS.jpg?w=530&amp;ssl=1 530w\" sizes=\"auto, (max-width: 300px) 100vw, 300px\" \/><\/a><figcaption id=\"caption-attachment-74826\" class=\"wp-caption-text\">Alexis Cuevas, Presidente Provincial del Colegio de Profesores.<\/figcaption><\/figure>\n<p>El presidente Provincial del Colegio de Profesores, Alexis Cuevas Zambrano, record\u00f3 que esta convocatoria nace desde la Anef y la mesa del sector p\u00fablico, \u201cy nosotros como integrantes de esa mesa adherimos a esta paralizaci\u00f3n de acuerdo a los contextos que tengan cada uno de los colegios y liceos de la provincia\u201d.<br \/>\nManifest\u00f3 que a nivel de la comuna de Los Andes hay colegios municipales que se van a paralizar, \u201cpues estas son demandas de m\u00ednima justicia en relaci\u00f3n a la remuneraciones\u201d.<br \/>\nDijo hoy mi\u00e9rcoles, a contar de las 10 de la ma\u00f1ana comenzar\u00e1n a reunirse los profesores y los asistentes de la educaci\u00f3n para dar a conocer su molestia sobre el tema del aumento de las remuneraciones que equivale al 0,3% de los sueldos reales.<br \/>\nAlexis Cuevas asegur\u00f3, que fuera de este aumento de sueldo \u2018miserable\u2019 que est\u00e1 ofreciendo el gobierno, \u201ctambi\u00e9n estamos perdiendo derechos adquiridos como el bono de vacaciones, el bono de termino de conflicto y lo m\u00e1s grave de esta situaci\u00f3n es que habiendo gobiernos anteriores que han debido enfrentar mayores crisis econ\u00f3micas nuestros aumentos de sueldo fueron superiores y ac\u00e1 lo que hay es un gran portazo a los trabajadores p\u00fablicos\u201d.<br \/>\nEl dirigente enfatiz\u00f3 tambi\u00e9n, que las negociaciones del sector p\u00fablico tambi\u00e9n ayudan a los trabajadores del sector privado a poder mejorar sus expectativas de reajustes salariales.<br \/>\n\u201cLamentablemente una vez m\u00e1s este mal gobierno al que los trabajadores lo llevamos al poder, le est\u00e1n dando la espalda a los trabajadores y es por eso que hacemos un llamado a todos los profesores y trabajadores de la educaci\u00f3n a expresar su molestia sobre esta situaci\u00f3n\u201d.<br \/>\nAsimismo, pidi\u00f3 a los alcaldes que permitan y faciliten la movilizaci\u00f3n de sus trabajadores y que entiendan que este paro es por una causa justa.<\/p>\n","protected":false},"excerpt":{"rendered":"<p>Hoy mi\u00e9rcoles a contar de las 10 de la ma\u00f1ana:\u00a0Algunos colegios no tendr\u00e1n clases. LOS ANDES.- El Colegio de Profesores de Los Andes, se plegar\u00e1 la paro nacional de 72 horas convocado&#8230;<\/p>\n","protected":false},"author":1,"featured_media":74826,"comment_status":"open","ping_status":"open","sticky":false,"template":"","format":"standard","meta":{"advanced_seo_description":"","jetpack_seo_html_title":"","jetpack_seo_noindex":false,"_jetpack_memberships_contains_paid_content":false,"footnotes":""},"categories":[1],"tags":[],"class_list":["post-74825","post","type-post","status-publish","format-standard","has-post-thumbnail","hentry","category-cronica"],"jetpack_featured_media_url":"https:\/\/i0.wp.com\/eltrabajo.cl\/portal\/wp-content\/uploads\/2016\/10\/ALEXIS-CUEVAS.jpg?fit=530%2C350&ssl=1","jetpack_sharing_enabled":true,"jetpack_likes_enabled":true,"jetpack-related-posts":[],"_links":{"self":[{"href":"https:\/\/eltrabajo.cl\/portal\/wp-json\/wp\/v2\/posts\/74825","targetHints":{"allow":["GET"]}}],"collection":[{"href":"https:\/\/eltrabajo.cl\/portal\/wp-json\/wp\/v2\/posts"}],"about":[{"href":"https:\/\/eltrabajo.cl\/portal\/wp-json\/wp\/v2\/types\/post"}],"author":[{"embeddable":true,"href":"https:\/\/eltrabajo.cl\/portal\/wp-json\/wp\/v2\/users\/1"}],"replies":[{"embeddable":true,"href":"https:\/\/eltrabajo.cl\/portal\/wp-json\/wp\/v2\/comments?post=74825"}],"version-history":[{"count":0,"href":"https:\/\/eltrabajo.cl\/portal\/wp-json\/wp\/v2\/posts\/74825\/revisions"}],"wp:featuredmedia":[{"embeddable":true,"href":"https:\/\/eltrabajo.cl\/portal\/wp-json\/wp\/v2\/media\/74826"}],"wp:attachment":[{"href":"https:\/\/eltrabajo.cl\/portal\/wp-json\/wp\/v2\/media?parent=74825"}],"wp:term":[{"taxonomy":"category","embeddable":true,"href":"https:\/\/eltrabajo.cl\/portal\/wp-json\/wp\/v2\/categories?post=74825"},{"taxonomy":"post_tag","embeddable":true,"href":"https:\/\/eltrabajo.cl\/portal\/wp-json\/wp\/v2\/tags?post=74825"}],"curies":[{"name":"wp","href":"https:\/\/api.w.org\/{rel}","templated":true}]}}