{"id":74829,"date":"2016-10-26T09:01:46","date_gmt":"2016-10-26T12:01:46","guid":{"rendered":"http:\/\/www.eltrabajo.cl\/portal\/?p=74829"},"modified":"2016-10-26T09:01:47","modified_gmt":"2016-10-26T12:01:47","slug":"servicios-publicos-inician-tercer-paro-de-funcionarios-en-menos-de-un-mes","status":"publish","type":"post","link":"https:\/\/eltrabajo.cl\/portal\/servicios-publicos-inician-tercer-paro-de-funcionarios-en-menos-de-un-mes\/","title":{"rendered":"Servicios p\u00fablicos inician tercer paro de funcionarios en menos de un mes"},"content":{"rendered":"<ul>\n<li><strong><span style=\"color: #ff0000;\">Esta vez el llamado gremialista es a paralizar servicios por 72 horas:<\/span>\u00a0Negociaciones entre el Gobierno y la mesa directiva del sector p\u00fablico est\u00e1n en punto muerto y de no mediar un acuerdo, servicios municipales, administrativos, de salud, entre otros, estar\u00e1n sin funcionamiento hasta el pr\u00f3ximo lunes.<\/strong><\/li>\n<\/ul>\n<p>El panorama para los usuarios de los distintos servicios p\u00fablicos, parece ser cada vez m\u00e1s oscuro, puesto que, desde hoy y hasta el viernes, y por tercera vez en menos de un mes, la mesa directiva nacional del sector p\u00fablico, llam\u00f3 a los distintos gremios a sumarse a un cese total de funciones, con el objetivo de obtener una mejor oferta desde el Gobierno, en lo que se refiere al reajuste de salarios para el a\u00f1o 2017.<\/p>\n<figure id=\"attachment_74830\" aria-describedby=\"caption-attachment-74830\" style=\"width: 300px\" class=\"wp-caption alignleft\"><a href=\"http:\/\/www.eltrabajo.cl\/portal\/servicios-publicos-inician-tercer-paro-de-funcionarios-en-menos-de-un-mes\/patricio-gonzalez-17\/\" rel=\"attachment wp-att-74830\"><img data-recalc-dims=\"1\" loading=\"lazy\" decoding=\"async\" class=\"size-medium wp-image-74830\" src=\"https:\/\/i0.wp.com\/www.eltrabajo.cl\/portal\/wp-content\/uploads\/2016\/10\/PATRICIO-GONZALEZ-300x197.jpg?resize=300%2C197\" alt=\"Patricio Gonz\u00e1lez, Administrador Municipal de San Felipe.\" width=\"300\" height=\"197\" srcset=\"https:\/\/i0.wp.com\/eltrabajo.cl\/portal\/wp-content\/uploads\/2016\/10\/PATRICIO-GONZALEZ.jpg?resize=300%2C197&amp;ssl=1 300w, https:\/\/i0.wp.com\/eltrabajo.cl\/portal\/wp-content\/uploads\/2016\/10\/PATRICIO-GONZALEZ.jpg?resize=200%2C131&amp;ssl=1 200w, https:\/\/i0.wp.com\/eltrabajo.cl\/portal\/wp-content\/uploads\/2016\/10\/PATRICIO-GONZALEZ.jpg?resize=228%2C150&amp;ssl=1 228w, https:\/\/i0.wp.com\/eltrabajo.cl\/portal\/wp-content\/uploads\/2016\/10\/PATRICIO-GONZALEZ.jpg?resize=400%2C263&amp;ssl=1 400w, https:\/\/i0.wp.com\/eltrabajo.cl\/portal\/wp-content\/uploads\/2016\/10\/PATRICIO-GONZALEZ.jpg?w=530&amp;ssl=1 530w\" sizes=\"auto, (max-width: 300px) 100vw, 300px\" \/><\/a><figcaption id=\"caption-attachment-74830\" class=\"wp-caption-text\">Patricio Gonz\u00e1lez, Administrador Municipal de San Felipe.<\/figcaption><\/figure>\n<p>Los servicios municipales, son algunos de los m\u00e1s demandados por la poblaci\u00f3n y en ese contexto el Administrador Municipal de San Felipe, Patricio Gonz\u00e1lez, dio a conocer el plan de contingencia que ha dispuesto la autoridad para hacer frente a esta compleja situaci\u00f3n.<br \/>\n\u201cLa verdad es que el municipio solamente puede tomar medidas respecto a los sistemas m\u00e1s necesarios, que en nuestro caso es el agua, elemento vital para la ciudadan\u00eda y es el compromiso con la asociaci\u00f3n de funcionarios, que este turno \u00e9tico se siga manteniendo y tambi\u00e9n, por supuesto, un equipo de funcionarios que pudiese actuar en caso de alguna emergencia o contingencia que ocurriera en la ciudad y que efectivamente est\u00e9n disponibles para actuar en ella\u201d, acot\u00f3 Gonz\u00e1lez.<br \/>\nDe acuerdo a lo manifestado por la autoridad comunal, este es el \u00fanico acuerdo que se ha logrado con Asemuch (Confederaci\u00f3n Nacional de Funcionarios Municipales), puesto que, la suspensi\u00f3n de servicios es la \u00fanica medida de presi\u00f3n que puede tomar el gremio, para presionar en torno a su demanda de reajuste salarial, que por el momento no ha sido satisfecha.<br \/>\nGonz\u00e1lez confirm\u00f3, que servicios tan demandados como la inscripci\u00f3n en el Registro Social de Hogares o la solicitud de la misma Cartola Hogar o el programa de Esterilizaciones, no estar\u00e1n operativos por lo que pidi\u00f3 a la comunidad comprenda que la resoluci\u00f3n de este conflicto no es resorte de la actual administraci\u00f3n municipal.<br \/>\n\u201cNosotros no podemos obligar a los trabajadores a que sigan efectuando esas labores (\u2026) esta situaci\u00f3n no es s\u00f3lo de San Felipe, sino a nivel nacional y lo que est\u00e1 detr\u00e1s de esto, es el reajuste del sector p\u00fablico, pedirle a los vecinos y vecinas de la comuna que tengan entendimiento, esto es una propuesta nacional, pedimos as disculpas porque la gran mayor\u00eda de los servicios no van a funcionar\u201d, concluy\u00f3 Gonz\u00e1lez.<\/p>\n","protected":false},"excerpt":{"rendered":"<p>Esta vez el llamado gremialista es a paralizar servicios por 72 horas:\u00a0Negociaciones entre el Gobierno y la mesa directiva del sector p\u00fablico est\u00e1n en punto muerto y de no mediar un acuerdo,&#8230;<\/p>\n","protected":false},"author":1,"featured_media":74830,"comment_status":"open","ping_status":"open","sticky":false,"template":"","format":"standard","meta":{"advanced_seo_description":"","jetpack_seo_html_title":"","jetpack_seo_noindex":false,"_jetpack_memberships_contains_paid_content":false,"footnotes":""},"categories":[1],"tags":[],"class_list":["post-74829","post","type-post","status-publish","format-standard","has-post-thumbnail","hentry","category-cronica"],"jetpack_featured_media_url":"https:\/\/i0.wp.com\/eltrabajo.cl\/portal\/wp-content\/uploads\/2016\/10\/PATRICIO-GONZALEZ.jpg?fit=530%2C348&ssl=1","jetpack_sharing_enabled":true,"jetpack_likes_enabled":true,"jetpack-related-posts":[],"_links":{"self":[{"href":"https:\/\/eltrabajo.cl\/portal\/wp-json\/wp\/v2\/posts\/74829","targetHints":{"allow":["GET"]}}],"collection":[{"href":"https:\/\/eltrabajo.cl\/portal\/wp-json\/wp\/v2\/posts"}],"about":[{"href":"https:\/\/eltrabajo.cl\/portal\/wp-json\/wp\/v2\/types\/post"}],"author":[{"embeddable":true,"href":"https:\/\/eltrabajo.cl\/portal\/wp-json\/wp\/v2\/users\/1"}],"replies":[{"embeddable":true,"href":"https:\/\/eltrabajo.cl\/portal\/wp-json\/wp\/v2\/comments?post=74829"}],"version-history":[{"count":0,"href":"https:\/\/eltrabajo.cl\/portal\/wp-json\/wp\/v2\/posts\/74829\/revisions"}],"wp:featuredmedia":[{"embeddable":true,"href":"https:\/\/eltrabajo.cl\/portal\/wp-json\/wp\/v2\/media\/74830"}],"wp:attachment":[{"href":"https:\/\/eltrabajo.cl\/portal\/wp-json\/wp\/v2\/media?parent=74829"}],"wp:term":[{"taxonomy":"category","embeddable":true,"href":"https:\/\/eltrabajo.cl\/portal\/wp-json\/wp\/v2\/categories?post=74829"},{"taxonomy":"post_tag","embeddable":true,"href":"https:\/\/eltrabajo.cl\/portal\/wp-json\/wp\/v2\/tags?post=74829"}],"curies":[{"name":"wp","href":"https:\/\/api.w.org\/{rel}","templated":true}]}}